{"id":31127,"date":"2023-03-01T17:44:38","date_gmt":"2023-03-01T20:44:38","guid":{"rendered":"https:\/\/www.ilheusnoticias.net.br\/v1\/?p=31127"},"modified":"2023-03-01T17:44:38","modified_gmt":"2023-03-01T20:44:38","slug":"ilheus-realiza-2a-edicao-do-seminario-delas-para-elas-evento-acontece-na-proxima-terca-feira-7","status":"publish","type":"post","link":"https:\/\/www.ilheusnoticias.net.br\/v1\/2023\/03\/01\/ilheus-realiza-2a-edicao-do-seminario-delas-para-elas-evento-acontece-na-proxima-terca-feira-7\/","title":{"rendered":"Ilh\u00e9us realiza 2\u00aa edi\u00e7\u00e3o do Semin\u00e1rio &#8216;Delas para Elas&#8217;; evento acontece na pr\u00f3xima ter\u00e7a-feira (7)"},"content":{"rendered":"<p class=\"dt_materia\">\n<div class=\"imagem thumbnail col-xs-12 col-sm-8 col-md-6 col-lg-6 imagem-materia\"><a class=\"fresco\" title=\"\" href=\"https:\/\/portalfacilarquivos.blob.core.windows.net\/uploads\/ILHEUS\/imgOrig\/%7BA087EB24-CB68-DC2A-DA0E-ECB53DD4D010%7D.jpg\" data-fresco-caption=\"\"><img loading=\"lazy\" src=\"https:\/\/portalfacilarquivos.blob.core.windows.net\/uploads\/ILHEUS\/img\/%7BA087EB24-CB68-DC2A-DA0E-ECB53DD4D010%7D\/%7BA087EB24-CB68-DC2A-DA0E-ECB53DD4D010%7D_450X650.jpg\" alt=\"Delas para Elas\" width=\"450\" height=\"650\" \/><\/a>No pr\u00f3ximo dia 7 de mar\u00e7o, Ilh\u00e9us vai receber a 2\u00aa edi\u00e7\u00e3o do semin\u00e1rio \u201cDelas para Elas\u201d. O evento faz parte da programa\u00e7\u00e3o em alus\u00e3o ao Dia da Mulher, celebrado neste m\u00eas. O encontro ser\u00e1 realizado no Hotel Praia do Sol, a partir das 14h. A iniciativa promovida conjuntamente pela C\u00e2mara de Dirigentes Lojistas (CDL), Prefeitura de Ilh\u00e9us e SEBRAE visa fomentar o empreendedorismo e compartilhar experi\u00eancias entre grandes lideran\u00e7as femininas da regi\u00e3o e de todo o Brasil.<\/p>\n<\/div>\n<p>As inscri\u00e7\u00f5es podem ser feitas na sede da CDL de Ilh\u00e9us ou no SEBRAE. Para se inscrever, basta levar 2 kg de alimentos n\u00e3o perec\u00edveis. A programa\u00e7\u00e3o do evento conta com uma exposi\u00e7\u00e3o de empreendimentos de sucesso nas \u00e1reas de artes, est\u00e9tica e gastronomia, uma roda de conversa com empreendedoras e a palestra principal.<\/p>\n<p>\u201cTrata-se de evento direcionado ao empreendedorismo feminino, principalmente para aquelas mulheres empreendedoras que est\u00e3o quebrando paradigmas no seu pr\u00f3prio tempo e contribuindo para a economia local\u201d, destacou o gerente de Inova\u00e7\u00e3o da Prefeitura.<\/p>\n<p>Nesta edi\u00e7\u00e3o, o semin\u00e1rio traz como um dos destaques a palestra da colunista da revista \u00c9poca Neg\u00f3cios, Lala Deheinzelin, que est\u00e1 no ranking das 4 tops futuristas da Am\u00e9rica Latina, al\u00e9m de ser pioneira na \u00e1rea de economia criativa e colaborativa. Conforme a Secretaria de Desenvolvimento Econ\u00f4mico e Inova\u00e7\u00e3o (SDE), o empreendedorismo feminino \u00e9 um instrumento de transforma\u00e7\u00e3o para muitas mulheres, porque assim elas podem ser independentes, ter o seu pr\u00f3prio sustento e ganhar espa\u00e7o na sociedade.<\/p>\n<p><strong>Servi\u00e7o<\/strong><\/p>\n<p><strong>O qu\u00ea?<\/strong>\u00a0 Semin\u00e1rio \u201cDelas para Elas\u201d<\/p>\n<p><strong>Quando?<\/strong>\u00a07 de mar\u00e7o (ter\u00e7a-feira) &#8211;\u00a0 Exposi\u00e7\u00e3o \u00e0s 14h e Palestra \u00e0s 18h<\/p>\n<p><strong>Onde?<\/strong>\u00a0Hotel Praia do Sol<\/p>\n<p><strong>Inscri\u00e7\u00f5es &#8211;<\/strong>\u00a02 kg de alimentos n\u00e3o perec\u00edveis entregues na sede da CDL de Ilh\u00e9us ou no SEBRAE<\/p>\n","protected":false},"excerpt":{"rendered":"<p>No pr\u00f3ximo dia 7 de mar\u00e7o, Ilh\u00e9us vai receber a 2\u00aa edi\u00e7\u00e3o do semin\u00e1rio \u201cDelas para Elas\u201d. O evento faz parte da programa\u00e7\u00e3o em alus\u00e3o ao Dia da Mulher, celebrado neste m\u00eas. O encontro ser\u00e1 realizado no Hotel Praia do Sol, a partir das 14h. A iniciativa promovida conjuntamente pela C\u00e2mara de Dirigentes Lojistas (CDL), [&hellip;]<\/p>\n","protected":false},"author":2,"featured_media":0,"comment_status":"open","ping_status":"open","sticky":false,"template":"","format":"standard","meta":{"_links_to":"","_links_to_target":""},"categories":[7,9,8,1],"tags":[],"_links":{"self":[{"href":"https:\/\/www.ilheusnoticias.net.br\/v1\/wp-json\/wp\/v2\/posts\/31127"}],"collection":[{"href":"https:\/\/www.ilheusnoticias.net.br\/v1\/wp-json\/wp\/v2\/posts"}],"about":[{"href":"https:\/\/www.ilheusnoticias.net.br\/v1\/wp-json\/wp\/v2\/types\/post"}],"author":[{"embeddable":true,"href":"https:\/\/www.ilheusnoticias.net.br\/v1\/wp-json\/wp\/v2\/users\/2"}],"replies":[{"embeddable":true,"href":"https:\/\/www.ilheusnoticias.net.br\/v1\/wp-json\/wp\/v2\/comments?post=31127"}],"version-history":[{"count":1,"href":"https:\/\/www.ilheusnoticias.net.br\/v1\/wp-json\/wp\/v2\/posts\/31127\/revisions"}],"predecessor-version":[{"id":31128,"href":"https:\/\/www.ilheusnoticias.net.br\/v1\/wp-json\/wp\/v2\/posts\/31127\/revisions\/31128"}],"wp:attachment":[{"href":"https:\/\/www.ilheusnoticias.net.br\/v1\/wp-json\/wp\/v2\/media?parent=31127"}],"wp:term":[{"taxonomy":"category","embeddable":true,"href":"https:\/\/www.ilheusnoticias.net.br\/v1\/wp-json\/wp\/v2\/categories?post=31127"},{"taxonomy":"post_tag","embeddable":true,"href":"https:\/\/www.ilheusnoticias.net.br\/v1\/wp-json\/wp\/v2\/tags?post=31127"}],"curies":[{"name":"wp","href":"https:\/\/api.w.org\/{rel}","templated":true}]}}