{"id":31125,"date":"2023-03-01T17:43:26","date_gmt":"2023-03-01T20:43:26","guid":{"rendered":"https:\/\/www.ilheusnoticias.net.br\/v1\/?p=31125"},"modified":"2023-03-01T17:43:26","modified_gmt":"2023-03-01T20:43:26","slug":"saude-na-comunidade-sesau-divulga-cronograma-de-atendimento-no-mes-de-marco","status":"publish","type":"post","link":"https:\/\/www.ilheusnoticias.net.br\/v1\/2023\/03\/01\/saude-na-comunidade-sesau-divulga-cronograma-de-atendimento-no-mes-de-marco\/","title":{"rendered":"Sa\u00fade na Comunidade: Sesau divulga cronograma de atendimento no m\u00eas de mar\u00e7o"},"content":{"rendered":"<div class=\"imagem thumbnail col-xs-12 col-sm-8 col-md-6 col-lg-6 imagem-materia\"><a class=\"fresco\" title=\"\" href=\"https:\/\/portalfacilarquivos.blob.core.windows.net\/uploads\/ILHEUS\/imgOrig\/%7B2CDDEEEE-AABE-1CC5-C85B-2EE88AEBD1DA%7D.jpg\" data-fresco-caption=\"\"><img loading=\"lazy\" title=\"\" src=\"https:\/\/portalfacilarquivos.blob.core.windows.net\/uploads\/ILHEUS\/img\/%7B2CDDEEEE-AABE-1CC5-C85B-2EE88AEBD1DA%7D\/%7B2CDDEEEE-AABE-1CC5-C85B-2EE88AEBD1DA%7D_650X450.jpg\" alt=\"sa\u00fade na comunidade\" width=\"650\" height=\"450\" \/><\/a><\/p>\n<p class=\"bg-primary\">A Secretaria de Sa\u00fade (Sesau) divulgou o cronograma de atendimento do programa \u2018Sa\u00fade na Comunidade\u2019 para o m\u00eas de mar\u00e7o. A iniciativa visa descentralizar a assist\u00eancia em Ilh\u00e9us, levando servi\u00e7os \u00e0s localidades mais distantes.<\/p>\n<\/div>\n<p>Do dia 1\u00ba ao dia 13, o programa contemplar\u00e1 as comunidades de S\u00e3o Jos\u00e9, Santo Ant\u00f4nio, Juerana, Banco do Pedro, Castelo Novo, Inema, Banco Central, Ponta da Tulha, Couto, Itariri, Aritagu\u00e1, Sambaituba, Sol e Mar, Vila Cachoeira, Assentamento Dem\u00e9trio Costa e Assentamento Ressurrei\u00e7\u00e3o.<\/p>\n<p>Confira o calend\u00e1rio.<\/p>\n<p><strong>Quarta-feira (01\/03)<\/strong><\/p>\n<p>Locais: S\u00e3o Jos\u00e9, Santo Ant\u00f4nio, Juerana, Banco do Pedro e Castelo Novo<\/p>\n<p><strong>Quinta-feira (02\/03)<\/strong><\/p>\n<p>Locais: Juerana e Inema<\/p>\n<p><strong>Sexta-feira (03\/03)<\/strong><\/p>\n<p>Local: S\u00e3o Jos\u00e9<\/p>\n<p><strong>Segunda-feira (06\/03)<\/strong><\/p>\n<p>Local: Banco Central<\/p>\n<p><strong>Ter\u00e7a-feira (07\/03)<\/strong><\/p>\n<p>Locais: Ponta da Tulha, Couto e Itariri<\/p>\n<p><strong>Quarta-feira (08\/03)<\/strong><\/p>\n<p>Locais: S\u00e3o Jos\u00e9, Santo Ant\u00f4nio, Juerana, Aritagu\u00e1 e Sambaituba<\/p>\n<p><strong>Quinta-feira (09\/03)<\/strong><\/p>\n<p>Locais: Juerana e Sol e Mar<\/p>\n<p><strong>Sexta-feira (10\/03)<\/strong><\/p>\n<p>Locais: S\u00e3o Jos\u00e9 e Vila Cachoeira<\/p>\n<p><strong>Segunda-feira (13\/03)<\/strong><\/p>\n<p>Locais: Assentamento Dem\u00e9trio Costa e Assentamento Ressurrei\u00e7\u00e3o<\/p>\n","protected":false},"excerpt":{"rendered":"<p>A Secretaria de Sa\u00fade (Sesau) divulgou o cronograma de atendimento do programa \u2018Sa\u00fade na Comunidade\u2019 para o m\u00eas de mar\u00e7o. A iniciativa visa descentralizar a assist\u00eancia em Ilh\u00e9us, levando servi\u00e7os \u00e0s localidades mais distantes. Do dia 1\u00ba ao dia 13, o programa contemplar\u00e1 as comunidades de S\u00e3o Jos\u00e9, Santo Ant\u00f4nio, Juerana, Banco do Pedro, Castelo [&hellip;]<\/p>\n","protected":false},"author":2,"featured_media":0,"comment_status":"open","ping_status":"open","sticky":false,"template":"","format":"standard","meta":{"_links_to":"","_links_to_target":""},"categories":[7,9,8,1],"tags":[],"_links":{"self":[{"href":"https:\/\/www.ilheusnoticias.net.br\/v1\/wp-json\/wp\/v2\/posts\/31125"}],"collection":[{"href":"https:\/\/www.ilheusnoticias.net.br\/v1\/wp-json\/wp\/v2\/posts"}],"about":[{"href":"https:\/\/www.ilheusnoticias.net.br\/v1\/wp-json\/wp\/v2\/types\/post"}],"author":[{"embeddable":true,"href":"https:\/\/www.ilheusnoticias.net.br\/v1\/wp-json\/wp\/v2\/users\/2"}],"replies":[{"embeddable":true,"href":"https:\/\/www.ilheusnoticias.net.br\/v1\/wp-json\/wp\/v2\/comments?post=31125"}],"version-history":[{"count":1,"href":"https:\/\/www.ilheusnoticias.net.br\/v1\/wp-json\/wp\/v2\/posts\/31125\/revisions"}],"predecessor-version":[{"id":31126,"href":"https:\/\/www.ilheusnoticias.net.br\/v1\/wp-json\/wp\/v2\/posts\/31125\/revisions\/31126"}],"wp:attachment":[{"href":"https:\/\/www.ilheusnoticias.net.br\/v1\/wp-json\/wp\/v2\/media?parent=31125"}],"wp:term":[{"taxonomy":"category","embeddable":true,"href":"https:\/\/www.ilheusnoticias.net.br\/v1\/wp-json\/wp\/v2\/categories?post=31125"},{"taxonomy":"post_tag","embeddable":true,"href":"https:\/\/www.ilheusnoticias.net.br\/v1\/wp-json\/wp\/v2\/tags?post=31125"}],"curies":[{"name":"wp","href":"https:\/\/api.w.org\/{rel}","templated":true}]}}