{"id":31123,"date":"2023-02-27T10:04:11","date_gmt":"2023-02-27T13:04:11","guid":{"rendered":"https:\/\/www.ilheusnoticias.net.br\/v1\/?p=31123"},"modified":"2023-02-27T10:04:11","modified_gmt":"2023-02-27T13:04:11","slug":"menina-de-6-anos-e-sequestrada-estuprada-e-morta-estrangulada-em-ms-vizinho-confessa-crime","status":"publish","type":"post","link":"https:\/\/www.ilheusnoticias.net.br\/v1\/2023\/02\/27\/menina-de-6-anos-e-sequestrada-estuprada-e-morta-estrangulada-em-ms-vizinho-confessa-crime\/","title":{"rendered":"Menina de 6 anos \u00e9 sequestrada, estuprada e morta estrangulada em MS; vizinho confessa crime"},"content":{"rendered":"<div class=\"row content-head non-featured \">\n<div class=\"title\" data-block-type=\"title\" data-block-id=\"0\"><\/div>\n<\/div>\n<div class=\"mc-article-body\">\n<article>\n<div id=\"chunk-4n16u\">\n<div class=\"row medium-uncollapsed content-media content-photo\" data-block-type=\"backstage-photo\" data-block-id=\"1\">\n<div class=\"mc-column content-media__container\">\n<div class=\"content-media-container glb-skeleton-box\">\n<figure class=\"content-media-figure\"><img class=\"i-amphtml-fill-content i-amphtml-replaced-content\" src=\"https:\/\/s2.glbimg.com\/8DYr3EaxXcvRy_zFTXxsU7ocxog=\/0x0:502x612\/984x0\/smart\/filters:strip_icc()\/i.s3.glbimg.com\/v1\/AUTH_59edd422c0c84a879bd37670ae4f538a\/internal_photos\/bs\/2023\/A\/a\/r2bMKxQXeVKiDSaHEquQ\/whatsapp-image-2023-02-25-at-16.29.00.jpeg\" sizes=\"(max-width: 1707px) 648px, 100vw\" srcset=\"https:\/\/s2.glbimg.com\/ZlFV2pxH_LqeTdw0gsUCkAJpaWs=\/0x0:502x612\/1000x0\/smart\/filters:strip_icc()\/i.s3.glbimg.com\/v1\/AUTH_59edd422c0c84a879bd37670ae4f538a\/internal_photos\/bs\/2023\/A\/a\/r2bMKxQXeVKiDSaHEquQ\/whatsapp-image-2023-02-25-at-16.29.00.jpeg 1000w, https:\/\/s2.glbimg.com\/8DYr3EaxXcvRy_zFTXxsU7ocxog=\/0x0:502x612\/984x0\/smart\/filters:strip_icc()\/i.s3.glbimg.com\/v1\/AUTH_59edd422c0c84a879bd37670ae4f538a\/internal_photos\/bs\/2023\/A\/a\/r2bMKxQXeVKiDSaHEquQ\/whatsapp-image-2023-02-25-at-16.29.00.jpeg 984w, https:\/\/s2.glbimg.com\/4rha-7eEz4HXBHIkoD253NPslv0=\/0x0:502x612\/640x0\/smart\/filters:strip_icc()\/i.s3.glbimg.com\/v1\/AUTH_59edd422c0c84a879bd37670ae4f538a\/internal_photos\/bs\/2023\/A\/a\/r2bMKxQXeVKiDSaHEquQ\/whatsapp-image-2023-02-25-at-16.29.00.jpeg 640w, https:\/\/s2.glbimg.com\/T4lKqz7R5tB15ONiFxq7htMEs3o=\/0x0:502x612\/600x0\/smart\/filters:strip_icc()\/i.s3.glbimg.com\/v1\/AUTH_59edd422c0c84a879bd37670ae4f538a\/internal_photos\/bs\/2023\/A\/a\/r2bMKxQXeVKiDSaHEquQ\/whatsapp-image-2023-02-25-at-16.29.00.jpeg 600w\" alt=\"Foto da menina foi compartilhada nas redes sociais da escola onde ela estudava.  \u2014 Foto: Redes sociais\/Reprodu\u00e7\u00e3o\" \/><\/figure>\n<\/div>\n<p class=\"content-media__description \">Foto da menina foi compartilhada nas redes sociais da escola onde ela estudava. \u2014 Foto: Redes sociais\/Reprodu\u00e7\u00e3o<\/p>\n<\/div>\n<\/div>\n<\/div>\n<div id=\"chunk-7kfk8\">\n<div class=\"mc-column mc-side-item__container\" data-block-type=\"ads\" data-block-id=\"2\">\n<div class=\"mc-side-item mc-side-item--right content-ads content-ads--side-ad\">\n<div id=\"banner_materia1\" class=\"tag-manager-publicidade-container tag-manager-publicidade-banner_materia1 tag-manager-publicidade-container--carregado tag-manager-publicidade-container--visivel\" data-google-query-id=\"CK_BtZrhtf0CFWIduQYdGYECiQ\">\n<div id=\"google_ads_iframe_\/95377733\/tvg_G1\/Sua_Regiao&gt;Centro_Oeste&gt;Mato_Grosso_do_Sul_0__container__\" style=\"box-sizing: inherit; margin: auto; padding: 0px; border: 0pt none; font: inherit; vertical-align: initial; text-align: center; width: 300px; height: 250px;\"><iframe id=\"google_ads_iframe_\/95377733\/tvg_G1\/Sua_Regiao&gt;Centro_Oeste&gt;Mato_Grosso_do_Sul_0\" style=\"box-sizing: inherit; margin: 0px; padding: 0px; border: 0px; font: inherit; vertical-align: bottom;\" tabindex=\"0\" title=\"3rd party ad content\" role=\"region\" name=\"google_ads_iframe_\/95377733\/tvg_G1\/Sua_Regiao&gt;Centro_Oeste&gt;Mato_Grosso_do_Sul_0\" width=\"300\" height=\"250\" frameborder=\"0\" marginwidth=\"0\" marginheight=\"0\" scrolling=\"no\" aria-label=\"Advertisement\" data-load-complete=\"true\" data-google-container-id=\"1\" data-mce-fragment=\"1\"><\/iframe><\/div>\n<\/div>\n<\/div>\n<\/div>\n<\/div>\n<div id=\"chunk-84aen\">\n<div class=\"mc-column content-text active-extra-styles \" data-block-type=\"unstyled\" data-block-weight=\"49\" data-block-id=\"3\">\n<p class=\"content-text__container \" data-track-category=\"Link no Texto\" data-track-links=\"\">Sophia, de apenas 6 anos, foi morta estrangulada ap\u00f3s ser estuprada e sequestrada por um vizinho, de 18 anos, em\u00a0<a href=\"https:\/\/g1.globo.com\/ms\/mato-grosso-do-sul\/cidade\/douradina-ms\/\">Douradina (MS)<\/a>.\u00a0<a href=\"https:\/\/g1.globo.com\/ms\/mato-grosso-do-sul\/noticia\/2023\/02\/25\/jovem-de-18-anos-e-suspeito-de-matar-menina-de-6-anos-em-douradina-ms.ghtml\">O corpo da v\u00edtima foi encontrado, neste s\u00e1bado (25), na \u00e1rea rural da cidade.\u00a0<\/a>\u00c0 pol\u00edcia, o suspeito confessou o crime e foi preso em flagrante.<\/p>\n<\/div>\n<\/div>\n<div class=\"wall protected-content\">\n<div class=\"mc-column content-text active-extra-styles\" data-block-type=\"raw\" data-block-weight=\"6\" data-block-id=\"4\">\n<p class=\"content-text__container\">\n<ul class=\"content-unordered-list\">\n<li><a href=\"https:\/\/api.whatsapp.com\/send?text=https:\/\/g1.globo.com\/ms\/mato-grosso-do-sul\/noticia\/2023\/02\/25\/menina-de-6-anos-e-sequestrada-estuprada-e-morta-estrangulada-em-ms-vizinho-confessa-crime.ghtml?utm_source%3Dwhatsapp%26utm_medium%3Dshare-engagement%26utm_campaign%3Dte-materias\" target=\"_blank\" rel=\"noopener\">Compartilhe no WhatsApp<\/a><\/li>\n<li><a href=\"https:\/\/telegram.me\/share\/url?https:\/\/g1.globo.com\/ms\/mato-grosso-do-sul\/noticia\/2023\/02\/25\/menina-de-6-anos-e-sequestrada-estuprada-e-morta-estrangulada-em-ms-vizinho-confessa-crime.ghtml?utm_source%3Dwhatsapp%26utm_medium%3Dshare-engagement%26utm_campaign%3Dte-materias\" target=\"_blank\" rel=\"noopener\">Compartilhe no Telegram<\/a><\/li>\n<\/ul>\n<p>&nbsp;<\/p>\n<\/div>\n<div id=\"chunk-cc719\">\n<div class=\"mc-column content-text active-extra-styles \" data-block-type=\"unstyled\" data-block-weight=\"39\" data-block-id=\"5\">\n<p class=\"content-text__container \" data-track-category=\"Link no Texto\" data-track-links=\"\">Ao\u00a0<a href=\"https:\/\/g1.globo.com\/ms\/mato-grosso-do-sul\/\"><strong>g1<\/strong><\/a>, o delegado respons\u00e1vel pelo caso, Mateus Rocha Rodrigues Alves, esclareceu que o suspeito foi preso ap\u00f3s v\u00e1rias testemunhas apont\u00e1-lo como a \u00faltima pessoa ser vista na regi\u00e3o onde Sophia morava. A menina morava com a tia.<\/p>\n<\/div>\n<\/div>\n<div id=\"chunk-3atmh\">\n<div class=\"mc-column content-text active-extra-styles \" data-block-type=\"unstyled\" data-block-weight=\"40\" data-block-id=\"6\">\n<p class=\"content-text__container \" data-track-category=\"Link no Texto\" data-track-links=\"\">Conforme as investiga\u00e7\u00f5es, a pol\u00edcia chegou ao suspeito ap\u00f3s a den\u00fancia do sequestro de Sophia e um furto de uma motocicleta na regi\u00e3o onde a menina morava. Para os policiais, a respons\u00e1vel pela crian\u00e7a apontou o vizinho como poss\u00edvel suspeito.<\/p>\n<\/div>\n<\/div>\n<div id=\"chunk-a1eka\">\n<div class=\"content-ads content-ads--reveal\" data-block-type=\"ads\" data-block-id=\"7\">\n<div id=\"banner_materia2\" class=\"tag-manager-publicidade-container mc-has-reveal mc-has-ad-lazyload tag-manager-publicidade-banner_materia2 tag-manager-publicidade-container--carregado tag-manager-publicidade-container--visivel\" data-id=\"banner_materia2\" data-google-query-id=\"CPjGwabhtf0CFcYPuQYdiagHvg\">\n<div id=\"google_ads_iframe_\/95377733\/tvg_G1\/Sua_Regiao&gt;Centro_Oeste&gt;Mato_Grosso_do_Sul_3__container__\" style=\"box-sizing: inherit; margin: auto; padding: 0px; border: 0pt none; font: inherit; vertical-align: initial; max-width: 100%; text-align: center; width: 970px; height: 250px;\"><iframe id=\"google_ads_iframe_\/95377733\/tvg_G1\/Sua_Regiao&gt;Centro_Oeste&gt;Mato_Grosso_do_Sul_3\" style=\"box-sizing: inherit; margin: 0px; padding: 0px; border: 0px; font: inherit; vertical-align: bottom;\" tabindex=\"0\" title=\"3rd party ad content\" role=\"region\" name=\"google_ads_iframe_\/95377733\/tvg_G1\/Sua_Regiao&gt;Centro_Oeste&gt;Mato_Grosso_do_Sul_3\" width=\"970\" height=\"250\" frameborder=\"0\" marginwidth=\"0\" marginheight=\"0\" scrolling=\"no\" aria-label=\"Advertisement\" data-load-complete=\"true\" data-google-container-id=\"5\" data-mce-fragment=\"1\"><\/iframe><\/div>\n<\/div>\n<\/div>\n<\/div>\n<div class=\"mc-column content-text active-extra-styles\" data-block-type=\"raw\" data-block-weight=\"55\" data-block-id=\"8\">\n<p class=\"content-text__container\">\n<blockquote class=\"content-blockquote theme-border-color-primary-before\"><p>&#8220;Conversamos com a tia da menina. Ela disse que o vizinho seria o suspeito de sequestrar a sobrinha, j\u00e1 que testemunhas disseram que ele foi o \u00fanico visto na rua no momento em que a menina sumiu&#8221;, relatou o delegado adjunto da Delegacia de Pronto Atendimento Comunit\u00e1rio de Dourados (Depac), onde o caso foi registrado.<\/p><\/blockquote>\n<p>&nbsp;<\/p>\n<\/div>\n<div id=\"chunk-bj80k\">\n<div class=\"row medium-uncollapsed content-media content-photo\" data-block-type=\"backstage-photo\" data-block-id=\"9\">\n<div class=\"mc-column content-media__container\">\n<div class=\"content-media-container glb-skeleton-box\">\n<figure class=\"content-media-figure\"><img class=\"i-amphtml-fill-content i-amphtml-replaced-content\" src=\"https:\/\/s2.glbimg.com\/pMp3NEl7qd9JiM2AZnFOD8hcNOo=\/0x0:1600x900\/984x0\/smart\/filters:strip_icc()\/i.s3.glbimg.com\/v1\/AUTH_59edd422c0c84a879bd37670ae4f538a\/internal_photos\/bs\/2023\/y\/s\/FrHVHNS5eB5Xv5BY9YzQ\/whatsapp-image-2023-02-25-at-17.15.10.jpeg\" sizes=\"(max-width: 1707px) 648px, 100vw\" srcset=\"https:\/\/s2.glbimg.com\/uhxhXKfbW9NQ7ORJXzxE7sCmB60=\/0x0:1600x900\/1000x0\/smart\/filters:strip_icc()\/i.s3.glbimg.com\/v1\/AUTH_59edd422c0c84a879bd37670ae4f538a\/internal_photos\/bs\/2023\/y\/s\/FrHVHNS5eB5Xv5BY9YzQ\/whatsapp-image-2023-02-25-at-17.15.10.jpeg 1000w, https:\/\/s2.glbimg.com\/pMp3NEl7qd9JiM2AZnFOD8hcNOo=\/0x0:1600x900\/984x0\/smart\/filters:strip_icc()\/i.s3.glbimg.com\/v1\/AUTH_59edd422c0c84a879bd37670ae4f538a\/internal_photos\/bs\/2023\/y\/s\/FrHVHNS5eB5Xv5BY9YzQ\/whatsapp-image-2023-02-25-at-17.15.10.jpeg 984w, https:\/\/s2.glbimg.com\/n9vPmY2Ssmoo8nB5zpFxiVXPeJI=\/0x0:1600x900\/640x0\/smart\/filters:strip_icc()\/i.s3.glbimg.com\/v1\/AUTH_59edd422c0c84a879bd37670ae4f538a\/internal_photos\/bs\/2023\/y\/s\/FrHVHNS5eB5Xv5BY9YzQ\/whatsapp-image-2023-02-25-at-17.15.10.jpeg 640w, https:\/\/s2.glbimg.com\/Bf4HbJMajpA4KJQSdjp5PGzrVHw=\/0x0:1600x900\/600x0\/smart\/filters:strip_icc()\/i.s3.glbimg.com\/v1\/AUTH_59edd422c0c84a879bd37670ae4f538a\/internal_photos\/bs\/2023\/y\/s\/FrHVHNS5eB5Xv5BY9YzQ\/whatsapp-image-2023-02-25-at-17.15.10.jpeg 600w\" alt=\"Corpo da menina foi encontrado pr\u00f3ximo a planta\u00e7\u00e3o de soja, em Douradina.  \u2014 Foto: PCMS\/Reprodu\u00e7\u00e3o\" \/><\/figure>\n<\/div>\n<p class=\"content-media__description \">Corpo da menina foi encontrado pr\u00f3ximo a planta\u00e7\u00e3o de soja, em Douradina. \u2014 Foto: PCMS\/Reprodu\u00e7\u00e3o<\/p>\n<\/div>\n<\/div>\n<\/div>\n<div id=\"chunk-un4p\">\n<div class=\"mc-column content-text active-extra-styles \" data-block-type=\"unstyled\" data-block-weight=\"48\" data-block-id=\"10\">\n<p class=\"content-text__container \" data-track-category=\"Link no Texto\" data-track-links=\"\">Ap\u00f3s os primeiros relatos, a pol\u00edcia saiu em busca da menina e do suspeito. Era por volta das 1h deste s\u00e1bado, quando os oficiais avistaram o rapaz saindo de uma \u00e1rea de vegeta\u00e7\u00e3o. Questionado, o suspeito respondeu que estava &#8220;brincando de esconde-esconde com amigos&#8221;, comentou o delegado.<\/p>\n<\/div>\n<\/div>\n<div id=\"chunk-2qeo1\">\n<div class=\"content-ads content-ads--reveal\" data-block-type=\"ads\" data-block-id=\"11\">\n<div id=\"banner_materia__5c6fa416-be5f-422e-8f8c-7a1d8c1b5d65\" class=\"tag-manager-publicidade-container mc-has-reveal mc-has-ad-lazyload tag-manager-publicidade-banner_materia__5c6fa416-be5f-422e-8f8c-7a1d8c1b5d65 tag-manager-publicidade-container--carregado tag-manager-publicidade-container--visivel\" data-id=\"banner_materia__5c6fa416-be5f-422e-8f8c-7a1d8c1b5d65\" data-google-query-id=\"CN2jt6fhtf0CFQUP1AodWKsL8Q\">\n<div id=\"google_ads_iframe_\/95377733\/tvg_G1\/Sua_Regiao&gt;Centro_Oeste&gt;Mato_Grosso_do_Sul_4__container__\" style=\"box-sizing: inherit; margin: auto; padding: 0px; border: 0pt none; font: inherit; vertical-align: initial; max-width: 100%; text-align: center; width: 970px; height: 250px;\"><iframe id=\"google_ads_iframe_\/95377733\/tvg_G1\/Sua_Regiao&gt;Centro_Oeste&gt;Mato_Grosso_do_Sul_4\" style=\"box-sizing: inherit; margin: 0px; padding: 0px; border: 0px; font: inherit; vertical-align: bottom;\" tabindex=\"0\" title=\"3rd party ad content\" role=\"region\" name=\"google_ads_iframe_\/95377733\/tvg_G1\/Sua_Regiao&gt;Centro_Oeste&gt;Mato_Grosso_do_Sul_4\" width=\"970\" height=\"250\" frameborder=\"0\" marginwidth=\"0\" marginheight=\"0\" scrolling=\"no\" aria-label=\"Advertisement\" data-load-complete=\"true\" data-google-container-id=\"6\" data-mce-fragment=\"1\"><\/iframe><\/div>\n<\/div>\n<\/div>\n<\/div>\n<div id=\"chunk-2angj\">\n<div class=\"mc-column content-text active-extra-styles \" data-block-type=\"unstyled\" data-block-weight=\"40\" data-block-id=\"12\">\n<p class=\"content-text__container \" data-track-category=\"Link no Texto\" data-track-links=\"\">Foi ent\u00e3o que o rapaz foi levado na situa\u00e7\u00e3o de suspeito para a Depac de Dourados, cidade vizinha \u00e0 Douradina. Na delegacia, o jovem, de 18 anos, confessou o furto da moto, o sequestro, estupro e assassinato de Sophia.<\/p>\n<\/div>\n<\/div>\n<div class=\"mc-column content-text active-extra-styles\" data-block-type=\"raw\" data-block-weight=\"56\" data-block-id=\"13\">\n<p class=\"content-text__container\">\n<blockquote class=\"content-blockquote theme-border-color-primary-before\"><p>&#8220;O rapaz roubou a moto. Depois, ao voltar para casa, vu a crian\u00e7a na cal\u00e7ada, a pegou no colo e a levou para uma planta\u00e7\u00e3o de soja. L\u00e1 amarrou a menina com as m\u00e3os para tr\u00e1s, abusou dela sexualmente e depois, com as roupas da menina a enforcou at\u00e9 que ela ficasse inconsciente&#8221;, diz o delegado.<\/p><\/blockquote>\n<p>&nbsp;<\/p>\n<\/div>\n<div id=\"chunk-cm71m\">\n<div class=\"mc-column content-text active-extra-styles \" data-block-type=\"unstyled\" data-block-weight=\"32\" data-block-id=\"14\">\n<p class=\"content-text__container \" data-track-category=\"Link no Texto\" data-track-links=\"\">O corpo de Sophia passa por exame necrosc\u00f3pico para para comprovar as agress\u00f5es e a viol\u00eancia sexual. O suspeito, conforme a policia, dever\u00e1 responder por homic\u00eddio qualificado, estupro de vulner\u00e1vel e roubo.<\/p>\n<\/div>\n<\/div>\n<div class=\"mc-column content-text active-extra-styles\" data-block-type=\"raw\" data-block-weight=\"1\" data-block-id=\"15\">\n<p class=\"content-text__container\">\n<div class=\"content-intertitle\">\n<h2>Luto<\/h2>\n<\/div>\n<p>&nbsp;<\/p>\n<\/div>\n<div id=\"chunk-4hd6q\">\n<div class=\"row medium-uncollapsed content-media content-photo\" data-block-type=\"backstage-photo\" data-block-id=\"16\">\n<div class=\"mc-column content-media__container\">\n<div class=\"content-media-container glb-skeleton-box\">\n<figure class=\"content-media-figure\"><img class=\"i-amphtml-fill-content i-amphtml-replaced-content\" src=\"https:\/\/s2.glbimg.com\/yeyfb9OUWE1FsaxUQwZmbt0z8fU=\/0x0:1134x1600\/984x0\/smart\/filters:strip_icc()\/i.s3.glbimg.com\/v1\/AUTH_59edd422c0c84a879bd37670ae4f538a\/internal_photos\/bs\/2023\/T\/G\/3oAcXKTDCZaje3u6QWyA\/whatsapp-image-2023-02-25-at-17.23.17.jpeg\" sizes=\"(max-width: 1707px) 648px, 100vw\" srcset=\"https:\/\/s2.glbimg.com\/SakufnRmStandgShF85srYLQ6AI=\/0x0:1134x1600\/1000x0\/smart\/filters:strip_icc()\/i.s3.glbimg.com\/v1\/AUTH_59edd422c0c84a879bd37670ae4f538a\/internal_photos\/bs\/2023\/T\/G\/3oAcXKTDCZaje3u6QWyA\/whatsapp-image-2023-02-25-at-17.23.17.jpeg 1000w, https:\/\/s2.glbimg.com\/yeyfb9OUWE1FsaxUQwZmbt0z8fU=\/0x0:1134x1600\/984x0\/smart\/filters:strip_icc()\/i.s3.glbimg.com\/v1\/AUTH_59edd422c0c84a879bd37670ae4f538a\/internal_photos\/bs\/2023\/T\/G\/3oAcXKTDCZaje3u6QWyA\/whatsapp-image-2023-02-25-at-17.23.17.jpeg 984w, https:\/\/s2.glbimg.com\/S58LzQUN5MFzNvqB0TDIBrOmdO0=\/0x0:1134x1600\/640x0\/smart\/filters:strip_icc()\/i.s3.glbimg.com\/v1\/AUTH_59edd422c0c84a879bd37670ae4f538a\/internal_photos\/bs\/2023\/T\/G\/3oAcXKTDCZaje3u6QWyA\/whatsapp-image-2023-02-25-at-17.23.17.jpeg 640w, https:\/\/s2.glbimg.com\/lel7ChMobIRkQicAbIQR_7EdiRY=\/0x0:1134x1600\/600x0\/smart\/filters:strip_icc()\/i.s3.glbimg.com\/v1\/AUTH_59edd422c0c84a879bd37670ae4f538a\/internal_photos\/bs\/2023\/T\/G\/3oAcXKTDCZaje3u6QWyA\/whatsapp-image-2023-02-25-at-17.23.17.jpeg 600w\" alt=\"Escola lamentou a morte da menina nas redes sociais.  \u2014 Foto: Redes sociais\/Reprodu\u00e7\u00e3o\" \/><\/figure>\n<\/div>\n<p class=\"content-media__description \">Escola lamentou a morte da menina nas redes sociais. \u2014 Foto: Redes sociais\/Reprodu\u00e7\u00e3o<\/p>\n<\/div>\n<\/div>\n<\/div>\n<div id=\"chunk-1qjn1\">\n<div class=\"content-ads content-ads--reveal\" data-block-type=\"ads\" data-block-id=\"17\">\n<div id=\"banner_materia__44b0e887-29ba-432d-8a0c-c4d8986605ff\" class=\"tag-manager-publicidade-container mc-has-reveal mc-has-ad-lazyload tag-manager-publicidade-banner_materia__44b0e887-29ba-432d-8a0c-c4d8986605ff tag-manager-publicidade-container--carregado tag-manager-publicidade-container--visivel\" data-id=\"banner_materia__44b0e887-29ba-432d-8a0c-c4d8986605ff\" data-google-query-id=\"CKjk2qfhtf0CFQYzuQYdWGQOPg\">\n<div id=\"google_ads_iframe_\/95377733\/tvg_G1\/Sua_Regiao&gt;Centro_Oeste&gt;Mato_Grosso_do_Sul_5__container__\" style=\"box-sizing: inherit; margin: auto; padding: 0px; border: 0pt none; font: inherit; vertical-align: initial; max-width: 100%; text-align: center; width: 970px; height: 250px;\"><iframe id=\"google_ads_iframe_\/95377733\/tvg_G1\/Sua_Regiao&gt;Centro_Oeste&gt;Mato_Grosso_do_Sul_5\" style=\"box-sizing: inherit; margin: 0px; padding: 0px; border: 0px; font: inherit; vertical-align: bottom;\" tabindex=\"0\" title=\"3rd party ad content\" role=\"region\" name=\"google_ads_iframe_\/95377733\/tvg_G1\/Sua_Regiao&gt;Centro_Oeste&gt;Mato_Grosso_do_Sul_5\" width=\"970\" height=\"250\" frameborder=\"0\" marginwidth=\"0\" marginheight=\"0\" scrolling=\"no\" aria-label=\"Advertisement\" data-load-complete=\"true\" data-google-container-id=\"7\" data-mce-fragment=\"1\"><\/iframe><\/div>\n<\/div>\n<\/div>\n<\/div>\n<div id=\"chunk-4tpt\">\n<div class=\"mc-column content-text active-extra-styles \" data-block-type=\"unstyled\" data-block-weight=\"16\" data-block-id=\"18\">\n<p class=\"content-text__container \" data-track-category=\"Link no Texto\" data-track-links=\"\">Nas redes sociais, a escola onde Sophia estudava publicou uma foto da menina e externaram luto.<\/p>\n<\/div>\n<\/div>\n<div class=\"mc-column content-text active-extra-styles\" data-block-type=\"raw\" data-block-weight=\"21\" data-block-id=\"19\">\n<p class=\"content-text__container\">\n<blockquote class=\"content-blockquote theme-border-color-primary-before\"><p>&#8220;A escola lamenta profundamente a morte da nossa ex-aluna Sophia. Estamos sem palavras! Que Deus conforte a fam\u00edlia&#8221;, escreveram na postagem.<\/p><\/blockquote>\n<\/div>\n<\/div>\n<\/article>\n<\/div>\n","protected":false},"excerpt":{"rendered":"<p>Foto da menina foi compartilhada nas redes sociais da escola onde ela estudava. \u2014 Foto: Redes sociais\/Reprodu\u00e7\u00e3o Sophia, de apenas 6 anos, foi morta estrangulada ap\u00f3s ser estuprada e sequestrada por um vizinho, de 18 anos, em\u00a0Douradina (MS).\u00a0O corpo da v\u00edtima foi encontrado, neste s\u00e1bado (25), na \u00e1rea rural da cidade.\u00a0\u00c0 pol\u00edcia, o suspeito confessou [&hellip;]<\/p>\n","protected":false},"author":2,"featured_media":0,"comment_status":"open","ping_status":"open","sticky":false,"template":"","format":"standard","meta":{"_links_to":"","_links_to_target":""},"categories":[7,9,8,1,5],"tags":[],"_links":{"self":[{"href":"https:\/\/www.ilheusnoticias.net.br\/v1\/wp-json\/wp\/v2\/posts\/31123"}],"collection":[{"href":"https:\/\/www.ilheusnoticias.net.br\/v1\/wp-json\/wp\/v2\/posts"}],"about":[{"href":"https:\/\/www.ilheusnoticias.net.br\/v1\/wp-json\/wp\/v2\/types\/post"}],"author":[{"embeddable":true,"href":"https:\/\/www.ilheusnoticias.net.br\/v1\/wp-json\/wp\/v2\/users\/2"}],"replies":[{"embeddable":true,"href":"https:\/\/www.ilheusnoticias.net.br\/v1\/wp-json\/wp\/v2\/comments?post=31123"}],"version-history":[{"count":1,"href":"https:\/\/www.ilheusnoticias.net.br\/v1\/wp-json\/wp\/v2\/posts\/31123\/revisions"}],"predecessor-version":[{"id":31124,"href":"https:\/\/www.ilheusnoticias.net.br\/v1\/wp-json\/wp\/v2\/posts\/31123\/revisions\/31124"}],"wp:attachment":[{"href":"https:\/\/www.ilheusnoticias.net.br\/v1\/wp-json\/wp\/v2\/media?parent=31123"}],"wp:term":[{"taxonomy":"category","embeddable":true,"href":"https:\/\/www.ilheusnoticias.net.br\/v1\/wp-json\/wp\/v2\/categories?post=31123"},{"taxonomy":"post_tag","embeddable":true,"href":"https:\/\/www.ilheusnoticias.net.br\/v1\/wp-json\/wp\/v2\/tags?post=31123"}],"curies":[{"name":"wp","href":"https:\/\/api.w.org\/{rel}","templated":true}]}}