{"id":31120,"date":"2023-02-27T09:57:06","date_gmt":"2023-02-27T12:57:06","guid":{"rendered":"https:\/\/www.ilheusnoticias.net.br\/v1\/?p=31120"},"modified":"2023-02-27T09:58:03","modified_gmt":"2023-02-27T12:58:03","slug":"brasil-comeca-a-aplicar-vacina-bivalente-contra-covid-19-saiba-aqui-quem-pode-tomar","status":"publish","type":"post","link":"https:\/\/www.ilheusnoticias.net.br\/v1\/2023\/02\/27\/brasil-comeca-a-aplicar-vacina-bivalente-contra-covid-19-saiba-aqui-quem-pode-tomar\/","title":{"rendered":"Brasil come\u00e7a a aplicar\u00a0vacina bivalente contra covid-19. Saiba aqui quem pode tomar"},"content":{"rendered":"<div class=\"col-lg-12 mb-3\">\n<div class=\"row\"><img loading=\"lazy\" class=\"alignnone  wp-image-16336\" src=\"https:\/\/www.ilheusnoticias.net.br\/v1\/wp-content\/uploads\/2018\/08\/vacina.jpg\" alt=\"\" width=\"581\" height=\"396\" srcset=\"https:\/\/www.ilheusnoticias.net.br\/v1\/wp-content\/uploads\/2018\/08\/vacina.jpg 1280w, https:\/\/www.ilheusnoticias.net.br\/v1\/wp-content\/uploads\/2018\/08\/vacina-300x205.jpg 300w, https:\/\/www.ilheusnoticias.net.br\/v1\/wp-content\/uploads\/2018\/08\/vacina-1024x698.jpg 1024w\" sizes=\"(max-width: 581px) 100vw, 581px\" \/><\/div>\n<div class=\"row\">\n<h4 class=\"col-10 offset-1 animated fadeInDown dealy-1100 alt-font font-italic my-2 small text-info text-center\">Come\u00e7a a ser aplicada hoje (27) em todo o pa\u00eds a vacina bivalente contra a covid-19. De acordo com o Minist\u00e9rio da Sa\u00fade, a vacina melhora a imunidade contra o v\u00edrus da cepa original e tamb\u00e9m contra a variante \u00d4micron e tem perfil de seguran\u00e7a e efic\u00e1cia semelhante ao das vacinas monovalentes.<img src=\"https:\/\/agenciabrasil.ebc.com.br\/ebc.png?id=1512927&amp;o=node\" \/><img src=\"https:\/\/agenciabrasil.ebc.com.br\/ebc.gif?id=1512927&amp;o=node\" \/><\/h4>\n<\/div>\n<\/div>\n<div class=\"col-xl-7 offset-xl-1 col-lg-8 offset-lg-0 col-md-10 offset-md-1 mb-3\">\n<div class=\"post-item alt-font\">\n<div class=\"post-item-wrap\">\n<p>\u201cA vacina monovalente, como o pr\u00f3prio nome diz, tem um tipo s\u00f3 do v\u00edrus que causa a covid. Ela foi originalmente desenhada com aquele chamado v\u00edrus ancestral, o primeiro que apareceu na China no fim de 2019. Ent\u00e3o, todas as vacinas que a gente tinha e usou at\u00e9 agora eram monovalentes, independentemente do laborat\u00f3rio fabricante\u201d, explicou o diretor da Sociedade Brasileira de Imuniza\u00e7\u00f5es, Juarez Cunha.<\/p>\n<p>Inicialmente, a vacina ser\u00e1 aplicada somente nos chamados grupos de risco. Conforme divis\u00e3o anunciada pelo minist\u00e9rio, a imuniza\u00e7\u00e3o ser\u00e1 feita da seguinte forma: na fase 1, pessoas acima de 70 anos, imunocomprometidos, ind\u00edgenas, ribeirinhos e quilombolas; na fase 2, pessoas com idade entre 60 e 69 anos; na fase 3, gestantes e pu\u00e9rperas; e na fase 4, profissionais de sa\u00fade.<\/p>\n<p>\u201cEssas popula\u00e7\u00f5es, do que a gente tem nesses tr\u00eas anos de pandemia, s\u00e3o as pessoas que mais sofreram e mais sofrem com a doen\u00e7a. \u00c9 importante\u00a0termos um planejamento porque n\u00e3o tem vacina suficiente para incluir toda a popula\u00e7\u00e3o com a bivalente. A tend\u00eancia \u00e9 que, com o passar do tempo, a gente v\u00e1 aumentando os grupos que v\u00e3o receber.\u201d<\/p>\n<p>No Brasil, duas vacinas\u00a0bivalentes, ambas produzidas pelo laborat\u00f3rio Pfizer, receberam autoriza\u00e7\u00e3o da Ag\u00eancia Nacional de Vigil\u00e2ncia Sanit\u00e1ria (Anvisa) para uso emergencial. Elas s\u00e3o indicadas como dose \u00fanica de refor\u00e7o para crian\u00e7as e adultos, ap\u00f3s dois meses da conclus\u00e3o do esquema vacinal prim\u00e1rio, ou como \u00faltima dose de refor\u00e7o.<\/p>\n<p>\u201cPara quem \u00e9 recomendada a bivalente? S\u00f3 como refor\u00e7o. Para pessoas que foram plenamente vacinadas com o esquema prim\u00e1rio que, em geral, s\u00e3o duas doses ou dose \u00fanica. Mesmo para aquelas que j\u00e1 fizeram a terceira e a\u00a0quarta\u00a0doses, dois refor\u00e7os\u201d, disse Juarez. \u201cEssas pessoas que t\u00eam essa vacina\u00e7\u00e3o j\u00e1 feita, desde que tenham se passado quatro meses da \u00faltima dose, podem receber a bivalente.\u201d<\/p>\n<p>O minist\u00e9rio refor\u00e7a que as vacinas monovalentes contra a covid-19 seguem dispon\u00edveis em unidades b\u00e1sicas de Sa\u00fade (UBS) para a popula\u00e7\u00e3o em geral e s\u00e3o classificadas como \u201caltamente eficazes contra a doen\u00e7a\u201d, garantindo grau elevado de imunidade e evitando casos leves, graves e \u00f3bitos pela doen\u00e7a.<\/p>\n<p>\u201cA aplica\u00e7\u00e3o da bivalente n\u00e3o significa que as vacinas monovalentes n\u00e3o continuam protegendo. Elas continuam protegendo, mesmo para a variante \u00d4micron, mas, claro, tendo a possibilidade de uma vacina desenhada mais especificamente para a variante circulante, a tend\u00eancia \u00e9 termos melhor resposta.\u201d<\/p>\n<\/div>\n<\/div>\n<\/div>\n","protected":false},"excerpt":{"rendered":"<p>Come\u00e7a a ser aplicada hoje (27) em todo o pa\u00eds a vacina bivalente contra a covid-19. De acordo com o Minist\u00e9rio da Sa\u00fade, a vacina melhora a imunidade contra o v\u00edrus da cepa original e tamb\u00e9m contra a variante \u00d4micron e tem perfil de seguran\u00e7a e efic\u00e1cia semelhante ao das vacinas monovalentes. \u201cA vacina monovalente, [&hellip;]<\/p>\n","protected":false},"author":2,"featured_media":0,"comment_status":"open","ping_status":"open","sticky":false,"template":"","format":"standard","meta":{"_links_to":"","_links_to_target":""},"categories":[7,9,8,1],"tags":[],"_links":{"self":[{"href":"https:\/\/www.ilheusnoticias.net.br\/v1\/wp-json\/wp\/v2\/posts\/31120"}],"collection":[{"href":"https:\/\/www.ilheusnoticias.net.br\/v1\/wp-json\/wp\/v2\/posts"}],"about":[{"href":"https:\/\/www.ilheusnoticias.net.br\/v1\/wp-json\/wp\/v2\/types\/post"}],"author":[{"embeddable":true,"href":"https:\/\/www.ilheusnoticias.net.br\/v1\/wp-json\/wp\/v2\/users\/2"}],"replies":[{"embeddable":true,"href":"https:\/\/www.ilheusnoticias.net.br\/v1\/wp-json\/wp\/v2\/comments?post=31120"}],"version-history":[{"count":2,"href":"https:\/\/www.ilheusnoticias.net.br\/v1\/wp-json\/wp\/v2\/posts\/31120\/revisions"}],"predecessor-version":[{"id":31122,"href":"https:\/\/www.ilheusnoticias.net.br\/v1\/wp-json\/wp\/v2\/posts\/31120\/revisions\/31122"}],"wp:attachment":[{"href":"https:\/\/www.ilheusnoticias.net.br\/v1\/wp-json\/wp\/v2\/media?parent=31120"}],"wp:term":[{"taxonomy":"category","embeddable":true,"href":"https:\/\/www.ilheusnoticias.net.br\/v1\/wp-json\/wp\/v2\/categories?post=31120"},{"taxonomy":"post_tag","embeddable":true,"href":"https:\/\/www.ilheusnoticias.net.br\/v1\/wp-json\/wp\/v2\/tags?post=31120"}],"curies":[{"name":"wp","href":"https:\/\/api.w.org\/{rel}","templated":true}]}}