{"id":31116,"date":"2023-02-27T09:52:39","date_gmt":"2023-02-27T12:52:39","guid":{"rendered":"https:\/\/www.ilheusnoticias.net.br\/v1\/?p=31116"},"modified":"2023-02-27T09:52:39","modified_gmt":"2023-02-27T12:52:39","slug":"governo-divulga-resultado-da-2a-etapa-do-concurso-para-o-magisterio-estadual","status":"publish","type":"post","link":"https:\/\/www.ilheusnoticias.net.br\/v1\/2023\/02\/27\/governo-divulga-resultado-da-2a-etapa-do-concurso-para-o-magisterio-estadual\/","title":{"rendered":"Governo divulga resultado da 2\u00aa etapa do concurso para o Magist\u00e9rio Estadual"},"content":{"rendered":"<div class=\"Post\">\n<div class=\"Post-body\">\n<div class=\"Post-inner article\">\n<div class=\"PostFooterIcons metadata-icons\"><\/div>\n<\/div>\n<\/div>\n<\/div>\n<div class=\"Post\">\n<div class=\"Post-body\">\n<div class=\"Post-inner article\">\n<div class=\"PostHeaderIcons metadata-icons\"><\/div>\n<div class=\"PostContent\">\n<p><img src=\"http:\/\/www.blogdothame.blog.br\/v1\/wp-content\/uploads\/2023\/02\/prrr.jpg\" \/><\/p>\n<p>A Secretaria da Administra\u00e7\u00e3o do Estado da Bahia (Saeb) publicou, neste s\u00e1bado (25), o resultado definitivo da 2\u00aa Etapa (prova discursiva) do Concurso P\u00fablico Edital SAEB\/03\/2022, para o provimento de vagas de professor e coordenador pedag\u00f3gico da Rede Estadual de Ensino. A rela\u00e7\u00e3o dos candidatos classificados por ordem de nota est\u00e1 na edi\u00e7\u00e3o de hoje do Di\u00e1rio Oficial do Estado (DOE).<\/p>\n<p>No Di\u00e1rio Oficial do Estado deste s\u00e1bado tamb\u00e9m foram convocados os aprovados para a apresenta\u00e7\u00e3o dos t\u00edtulos e documentos comprobat\u00f3rios, no per\u00edodo entre 27\/02 e 03\/03, por interm\u00e9dio do site da Funda\u00e7\u00e3o Carlos Chagas (<a href=\"http:\/\/www.concursosfcc.com.br\/\" target=\"_blank\" rel=\"noopener\" data-saferedirecturl=\"https:\/\/www.google.com\/url?q=http:\/\/www.concursosfcc.com.br&amp;source=gmail&amp;ust=1677582027749000&amp;usg=AOvVaw0KgFrGwpVzYjwdYI9KEREH\">www.concursosfcc.com.br<\/a>), conforme estipulado no Cap\u00edtulo 11 do Edital SAEB\/03\/2022.<\/p>\n<p>Ainda na mesma edi\u00e7\u00e3o do Di\u00e1rio Oficial do Estado saiu a convoca\u00e7\u00e3o dos candidatos autodeclarados negros para realiza\u00e7\u00e3o do procedimento de heteroidentifica\u00e7\u00e3o, assim tamb\u00e9m como a convoca\u00e7\u00e3o dos candidatos declarados com defici\u00eancia para realiza\u00e7\u00e3o de per\u00edcia m\u00e9dica. Os candidatos habilitados na 2\u00aa Etapa devem consultar o DOE (Edi\u00e7\u00e3o do 25\/02) para verificar procedimentos estabelecidos nos editais.<\/p>\n<\/div>\n<\/div>\n<\/div>\n<\/div>\n","protected":false},"excerpt":{"rendered":"<p>A Secretaria da Administra\u00e7\u00e3o do Estado da Bahia (Saeb) publicou, neste s\u00e1bado (25), o resultado definitivo da 2\u00aa Etapa (prova discursiva) do Concurso P\u00fablico Edital SAEB\/03\/2022, para o provimento de vagas de professor e coordenador pedag\u00f3gico da Rede Estadual de Ensino. A rela\u00e7\u00e3o dos candidatos classificados por ordem de nota est\u00e1 na edi\u00e7\u00e3o de hoje [&hellip;]<\/p>\n","protected":false},"author":2,"featured_media":0,"comment_status":"open","ping_status":"open","sticky":false,"template":"","format":"standard","meta":{"_links_to":"","_links_to_target":""},"categories":[7,9,8,1],"tags":[],"_links":{"self":[{"href":"https:\/\/www.ilheusnoticias.net.br\/v1\/wp-json\/wp\/v2\/posts\/31116"}],"collection":[{"href":"https:\/\/www.ilheusnoticias.net.br\/v1\/wp-json\/wp\/v2\/posts"}],"about":[{"href":"https:\/\/www.ilheusnoticias.net.br\/v1\/wp-json\/wp\/v2\/types\/post"}],"author":[{"embeddable":true,"href":"https:\/\/www.ilheusnoticias.net.br\/v1\/wp-json\/wp\/v2\/users\/2"}],"replies":[{"embeddable":true,"href":"https:\/\/www.ilheusnoticias.net.br\/v1\/wp-json\/wp\/v2\/comments?post=31116"}],"version-history":[{"count":1,"href":"https:\/\/www.ilheusnoticias.net.br\/v1\/wp-json\/wp\/v2\/posts\/31116\/revisions"}],"predecessor-version":[{"id":31117,"href":"https:\/\/www.ilheusnoticias.net.br\/v1\/wp-json\/wp\/v2\/posts\/31116\/revisions\/31117"}],"wp:attachment":[{"href":"https:\/\/www.ilheusnoticias.net.br\/v1\/wp-json\/wp\/v2\/media?parent=31116"}],"wp:term":[{"taxonomy":"category","embeddable":true,"href":"https:\/\/www.ilheusnoticias.net.br\/v1\/wp-json\/wp\/v2\/categories?post=31116"},{"taxonomy":"post_tag","embeddable":true,"href":"https:\/\/www.ilheusnoticias.net.br\/v1\/wp-json\/wp\/v2\/tags?post=31116"}],"curies":[{"name":"wp","href":"https:\/\/api.w.org\/{rel}","templated":true}]}}