{"id":31106,"date":"2023-02-24T18:41:49","date_gmt":"2023-02-24T21:41:49","guid":{"rendered":"https:\/\/www.ilheusnoticias.net.br\/v1\/?p=31106"},"modified":"2023-02-24T18:57:36","modified_gmt":"2023-02-24T21:57:36","slug":"faleceu-hoje-o-portuario-aposentado-ely-raimundo-dos-santos","status":"publish","type":"post","link":"https:\/\/www.ilheusnoticias.net.br\/v1\/2023\/02\/24\/faleceu-hoje-o-portuario-aposentado-ely-raimundo-dos-santos\/","title":{"rendered":"Faleceu hoje o portu\u00e1rio aposentado Ely Raimundo dos Santos"},"content":{"rendered":"<p><img loading=\"lazy\" class=\"alignnone size-full wp-image-31107\" src=\"https:\/\/www.ilheusnoticias.net.br\/v1\/wp-content\/uploads\/2023\/02\/WhatsApp-Image-2023-02-24-at-18.07.12.jpeg\" alt=\"\" width=\"600\" height=\"521\" srcset=\"https:\/\/www.ilheusnoticias.net.br\/v1\/wp-content\/uploads\/2023\/02\/WhatsApp-Image-2023-02-24-at-18.07.12.jpeg 600w, https:\/\/www.ilheusnoticias.net.br\/v1\/wp-content\/uploads\/2023\/02\/WhatsApp-Image-2023-02-24-at-18.07.12-300x261.jpeg 300w\" sizes=\"(max-width: 600px) 100vw, 600px\" \/><\/p>\n<p>Nos deixou na tarde de hoje, por volta das 13h30min,\u00a0 o valoroso amigo, pai e portu\u00e1rio aposentado, Ely Raimundo dos Santos, com 90 anos de idade. Seu corpo est\u00e1 sendo velado no SAF, no Bairro da Conquista e o enterro ser\u00e1 amanh\u00e3, \u00e0s 11 horas, no Cemit\u00e9rio da Vit\u00f3ria<\/p>\n<p>Ele, deixou 6 filhos e a sua esposa Gis\u00e9lia Madureira dos Santos.\u00a0 A saudade \u00e9 grande, visto que n\u00f3s propriet\u00e1rio deste Blog, t\u00ednhamos uma conviv\u00eancia quase familiar e sendo que tamb\u00e9m que o seu filho \u00e9 o Bispo da nossa Igreja Sol de Justi\u00e7a. Ely Jorge Madureira. Deixamos aqui os nosso sinceros sentimentos e condol\u00eancias a toda fam\u00edlia e amigos. Descansa em paz.<\/p>\n","protected":false},"excerpt":{"rendered":"<p>Nos deixou na tarde de hoje, por volta das 13h30min,\u00a0 o valoroso amigo, pai e portu\u00e1rio aposentado, Ely Raimundo dos Santos, com 90 anos de idade. Seu corpo est\u00e1 sendo velado no SAF, no Bairro da Conquista e o enterro ser\u00e1 amanh\u00e3, \u00e0s 11 horas, no Cemit\u00e9rio da Vit\u00f3ria Ele, deixou 6 filhos e a [&hellip;]<\/p>\n","protected":false},"author":2,"featured_media":0,"comment_status":"open","ping_status":"open","sticky":false,"template":"","format":"standard","meta":{"_links_to":"","_links_to_target":""},"categories":[7,9,8,1],"tags":[],"_links":{"self":[{"href":"https:\/\/www.ilheusnoticias.net.br\/v1\/wp-json\/wp\/v2\/posts\/31106"}],"collection":[{"href":"https:\/\/www.ilheusnoticias.net.br\/v1\/wp-json\/wp\/v2\/posts"}],"about":[{"href":"https:\/\/www.ilheusnoticias.net.br\/v1\/wp-json\/wp\/v2\/types\/post"}],"author":[{"embeddable":true,"href":"https:\/\/www.ilheusnoticias.net.br\/v1\/wp-json\/wp\/v2\/users\/2"}],"replies":[{"embeddable":true,"href":"https:\/\/www.ilheusnoticias.net.br\/v1\/wp-json\/wp\/v2\/comments?post=31106"}],"version-history":[{"count":3,"href":"https:\/\/www.ilheusnoticias.net.br\/v1\/wp-json\/wp\/v2\/posts\/31106\/revisions"}],"predecessor-version":[{"id":31110,"href":"https:\/\/www.ilheusnoticias.net.br\/v1\/wp-json\/wp\/v2\/posts\/31106\/revisions\/31110"}],"wp:attachment":[{"href":"https:\/\/www.ilheusnoticias.net.br\/v1\/wp-json\/wp\/v2\/media?parent=31106"}],"wp:term":[{"taxonomy":"category","embeddable":true,"href":"https:\/\/www.ilheusnoticias.net.br\/v1\/wp-json\/wp\/v2\/categories?post=31106"},{"taxonomy":"post_tag","embeddable":true,"href":"https:\/\/www.ilheusnoticias.net.br\/v1\/wp-json\/wp\/v2\/tags?post=31106"}],"curies":[{"name":"wp","href":"https:\/\/api.w.org\/{rel}","templated":true}]}}