{"id":31103,"date":"2023-02-24T18:27:08","date_gmt":"2023-02-24T21:27:08","guid":{"rendered":"https:\/\/www.ilheusnoticias.net.br\/v1\/?p=31103"},"modified":"2023-02-24T18:27:08","modified_gmt":"2023-02-24T21:27:08","slug":"camara-de-ilheus-convida-populacao-para-audiencia-publica-de-prestacao-de-contas-do-3-quadrimestre-de-2022","status":"publish","type":"post","link":"https:\/\/www.ilheusnoticias.net.br\/v1\/2023\/02\/24\/camara-de-ilheus-convida-populacao-para-audiencia-publica-de-prestacao-de-contas-do-3-quadrimestre-de-2022\/","title":{"rendered":"C\u00e2mara de Ilh\u00e9us convida popula\u00e7\u00e3o para Audi\u00eancia P\u00fablica de Presta\u00e7\u00e3o de Contas do 3\u00b0 Quadrimestre de 2022"},"content":{"rendered":"<p><img loading=\"lazy\" class=\"alignnone size-full wp-image-31104\" src=\"https:\/\/www.ilheusnoticias.net.br\/v1\/wp-content\/uploads\/2023\/02\/WhatsApp-Image-2023-02-24-at-10.38.14.jpeg\" alt=\"\" width=\"600\" height=\"352\" srcset=\"https:\/\/www.ilheusnoticias.net.br\/v1\/wp-content\/uploads\/2023\/02\/WhatsApp-Image-2023-02-24-at-10.38.14.jpeg 600w, https:\/\/www.ilheusnoticias.net.br\/v1\/wp-content\/uploads\/2023\/02\/WhatsApp-Image-2023-02-24-at-10.38.14-300x176.jpeg 300w\" sizes=\"(max-width: 600px) 100vw, 600px\" \/><\/p>\n<p>Os membros da Comiss\u00e3o de Finan\u00e7as, Or\u00e7amento, Obras e Servi\u00e7os P\u00fablicos da C\u00e2mara Municipal de Ilh\u00e9us, convida os segmentos da sociedade organizada para participarem da AUDI\u00caNCIA P\u00daBLICA, em conjunto com a Secretaria da Fazenda e a Controladoria Geral do Munic\u00edpio, na pr\u00f3xima segunda-feira (27), \u00e0s 15 horas, no plen\u00e1rio Gilberto Fialho, tendo como finalidade a Demonstra\u00e7\u00e3o e Avalia\u00e7\u00e3o das Metas Fiscais, referente ao 3\u00b0 Quadrimestre do<br \/>\nExerc\u00edcio de 2022 do Poder Executivo.<\/p>\n","protected":false},"excerpt":{"rendered":"<p>Os membros da Comiss\u00e3o de Finan\u00e7as, Or\u00e7amento, Obras e Servi\u00e7os P\u00fablicos da C\u00e2mara Municipal de Ilh\u00e9us, convida os segmentos da sociedade organizada para participarem da AUDI\u00caNCIA P\u00daBLICA, em conjunto com a Secretaria da Fazenda e a Controladoria Geral do Munic\u00edpio, na pr\u00f3xima segunda-feira (27), \u00e0s 15 horas, no plen\u00e1rio Gilberto Fialho, tendo como finalidade a [&hellip;]<\/p>\n","protected":false},"author":2,"featured_media":0,"comment_status":"open","ping_status":"open","sticky":false,"template":"","format":"standard","meta":{"_links_to":"","_links_to_target":""},"categories":[7,9,8,1],"tags":[],"_links":{"self":[{"href":"https:\/\/www.ilheusnoticias.net.br\/v1\/wp-json\/wp\/v2\/posts\/31103"}],"collection":[{"href":"https:\/\/www.ilheusnoticias.net.br\/v1\/wp-json\/wp\/v2\/posts"}],"about":[{"href":"https:\/\/www.ilheusnoticias.net.br\/v1\/wp-json\/wp\/v2\/types\/post"}],"author":[{"embeddable":true,"href":"https:\/\/www.ilheusnoticias.net.br\/v1\/wp-json\/wp\/v2\/users\/2"}],"replies":[{"embeddable":true,"href":"https:\/\/www.ilheusnoticias.net.br\/v1\/wp-json\/wp\/v2\/comments?post=31103"}],"version-history":[{"count":1,"href":"https:\/\/www.ilheusnoticias.net.br\/v1\/wp-json\/wp\/v2\/posts\/31103\/revisions"}],"predecessor-version":[{"id":31105,"href":"https:\/\/www.ilheusnoticias.net.br\/v1\/wp-json\/wp\/v2\/posts\/31103\/revisions\/31105"}],"wp:attachment":[{"href":"https:\/\/www.ilheusnoticias.net.br\/v1\/wp-json\/wp\/v2\/media?parent=31103"}],"wp:term":[{"taxonomy":"category","embeddable":true,"href":"https:\/\/www.ilheusnoticias.net.br\/v1\/wp-json\/wp\/v2\/categories?post=31103"},{"taxonomy":"post_tag","embeddable":true,"href":"https:\/\/www.ilheusnoticias.net.br\/v1\/wp-json\/wp\/v2\/tags?post=31103"}],"curies":[{"name":"wp","href":"https:\/\/api.w.org\/{rel}","templated":true}]}}