{"id":31099,"date":"2023-02-24T18:20:28","date_gmt":"2023-02-24T21:20:28","guid":{"rendered":"https:\/\/www.ilheusnoticias.net.br\/v1\/?p=31099"},"modified":"2023-02-24T18:20:28","modified_gmt":"2023-02-24T21:20:28","slug":"prefeitura-segue-com-servicos-de-manutencao-na-morada-do-porto-e-residencial-vilela-confira-balanco","status":"publish","type":"post","link":"https:\/\/www.ilheusnoticias.net.br\/v1\/2023\/02\/24\/prefeitura-segue-com-servicos-de-manutencao-na-morada-do-porto-e-residencial-vilela-confira-balanco\/","title":{"rendered":"Prefeitura segue com servi\u00e7os de manuten\u00e7\u00e3o na Morada do Porto e Residencial Vilela; confira balan\u00e7o"},"content":{"rendered":"<div class=\"imagem thumbnail col-xs-12 col-sm-8 col-md-6 col-lg-6 imagem-materia\"><a class=\"fresco\" title=\"Morada do Porto\" href=\"https:\/\/portalfacilarquivos.blob.core.windows.net\/uploads\/ILHEUS\/imgOrig\/%7B400CBEA4-2C7A-E05A-B6AC-415277CAEEC8%7D.jpeg\" data-fresco-caption=\"Morada do Porto\"><img loading=\"lazy\" title=\"Morada do Porto\" src=\"https:\/\/portalfacilarquivos.blob.core.windows.net\/uploads\/ILHEUS\/img\/%7B400CBEA4-2C7A-E05A-B6AC-415277CAEEC8%7D\/%7B400CBEA4-2C7A-E05A-B6AC-415277CAEEC8%7D_650X450.jpeg\" alt=\"obras\" width=\"650\" height=\"450\" \/><\/a><\/p>\n<p class=\"bg-primary\">Morada do Porto<\/p>\n<\/div>\n<p>A Prefeitura de Ilh\u00e9us, por meio da Secretaria de Infraestrutura e Defesa Civil (Seinfra), segue com os trabalhos de manuten\u00e7\u00e3o e recupera\u00e7\u00e3o de diversas ruas do munic\u00edpio.<\/p>\n<p>As interven\u00e7\u00f5es t\u00eam aten\u00e7\u00e3o permanente da atual gest\u00e3o e visam melhorar as condi\u00e7\u00f5es de tr\u00e1fego, principalmente nas vias de maior fluxo. Os servi\u00e7os j\u00e1 beneficiaram um n\u00famero expressivo de ruas, distribu\u00eddas em diferentes bairros.<\/p>\n<p>&nbsp;<\/p>\n<div class=\"imagem thumbnail col-xs-12 col-sm-8 col-md-6 col-lg-6 imagem-materia\"><a class=\"fresco\" title=\"Residencial Vilela\" href=\"https:\/\/portalfacilarquivos.blob.core.windows.net\/uploads\/ILHEUS\/imgOrig\/%7BDA41D0AA-CDAC-EC6E-1A37-E372D14C7D2D%7D.jpeg\" data-fresco-caption=\"Residencial Vilela\"><img loading=\"lazy\" title=\"Residencial Vilela\" src=\"https:\/\/portalfacilarquivos.blob.core.windows.net\/uploads\/ILHEUS\/img\/%7BDA41D0AA-CDAC-EC6E-1A37-E372D14C7D2D%7D\/%7BDA41D0AA-CDAC-EC6E-1A37-E372D14C7D2D%7D_650X450.jpeg\" alt=\"obras\" width=\"650\" height=\"450\" \/><\/a><\/p>\n<p class=\"bg-primary\">Residencial Vilela<\/p>\n<\/div>\n<p>\u201cA a\u00e7\u00e3o \u00e9 cont\u00ednua. Estamos executando os servi\u00e7os nos locais mais cr\u00edticos, por\u00e9m as equipes tamb\u00e9m trabalham para atender as solicita\u00e7\u00f5es em outras localidades que necessitam de reparos\u201d, explicou \u00c1tila Docio, titular da Seinfra.<\/p>\n<p><strong>Servi\u00e7os em andamento<\/strong><\/p>\n<p>&#8211; Requalifica\u00e7\u00e3o da Avenida Vereador Jos\u00e9 Fernandes (Teot\u00f4nio Vilela);<\/p>\n<p>&#8211; Conten\u00e7\u00e3o de encostas no Alto do Socorro (Conquista);<\/p>\n<p>&#8211; Moderniza\u00e7\u00e3o da Pra\u00e7a Castro Alves;<\/p>\n<p>&nbsp;<\/p>\n<div class=\"imagem thumbnail col-xs-12 col-sm-8 col-md-6 col-lg-6 imagem-materia\"><a class=\"fresco\" title=\"Pra\u00e7a Castro Alves\" href=\"https:\/\/portalfacilarquivos.blob.core.windows.net\/uploads\/ILHEUS\/imgOrig\/%7B40D11ACE-D0EC-DB74-CE8C-E6AAE76AB3BE%7D.jpeg\" data-fresco-caption=\"Pra\u00e7a Castro Alves\"><img loading=\"lazy\" title=\"Pra\u00e7a Castro Alves\" src=\"https:\/\/portalfacilarquivos.blob.core.windows.net\/uploads\/ILHEUS\/img\/%7B40D11ACE-D0EC-DB74-CE8C-E6AAE76AB3BE%7D\/%7B40D11ACE-D0EC-DB74-CE8C-E6AAE76AB3BE%7D_650X450.jpeg\" alt=\"obras\" width=\"650\" height=\"450\" \/><\/a><\/p>\n<p class=\"bg-primary\">Pra\u00e7a Castro Alves<\/p>\n<\/div>\n<p>&nbsp;<\/p>\n<p>&#8211; 2\u00aa etapa de fechamento do Canal do Malhado;<\/p>\n<p>&#8211; Pavimenta\u00e7\u00e3o das ruas do Jardim Atl\u00e2ntico;<\/p>\n<p>&#8211; Execu\u00e7\u00e3o da Encosta Dois de Julho (Alto do Amparo);<\/p>\n<p>&#8211; Pavimenta\u00e7\u00e3o das Santar\u00e9m e \u00c1gua Preta (Conquista);<\/p>\n<p>&#8211; Pavimenta\u00e7\u00e3o da Rua Boa Vista (Nelson Costa);<\/p>\n<p>&nbsp;<\/p>\n<div class=\"imagem thumbnail col-xs-12 col-sm-8 col-md-6 col-lg-6 imagem-materia\"><a class=\"fresco\" title=\"Rua Boa Vista\" href=\"https:\/\/portalfacilarquivos.blob.core.windows.net\/uploads\/ILHEUS\/imgOrig\/%7BA4B8D77E-4C3E-0EDE-B6AE-E5EC4BEE00DD%7D.jpeg\" data-fresco-caption=\"Rua Boa Vista\"><img loading=\"lazy\" src=\"https:\/\/portalfacilarquivos.blob.core.windows.net\/uploads\/ILHEUS\/img\/%7BA4B8D77E-4C3E-0EDE-B6AE-E5EC4BEE00DD%7D\/%7BA4B8D77E-4C3E-0EDE-B6AE-E5EC4BEE00DD%7D_450X650.jpeg\" alt=\"obras\" width=\"450\" height=\"650\" \/><\/a>Rua Boa Vista<\/p>\n<\/div>\n<p>&nbsp;<\/p>\n<p>&#8211; Reassentamento de paralelo na Morada do Porto, no Residencial Vilela e na Avenida Belmonte;<\/p>\n<p>&#8211; Assentamento de paralelo na Vila Freitas;<\/p>\n<p>&#8211; Servi\u00e7o de tapa-buracos no S\u00e3o Miguel; Princesa Isabel; Avenida L\u00f3tus; Avenida Vereador Amilton de Castro; Rua Euc\u00e1rio Bastos e Parque Infantil (Malhado);<\/p>\n<p>&#8211; Desobstru\u00e7\u00e3o da rede de drenagem, aterramento e reassentamento de paralelo na Rua Bar\u00e3o do Rio Branco (Pontal);<\/p>\n<p>&#8211; Desobstru\u00e7\u00e3o da rede de drenagem, reassentamento de paralelo e troca de manilhas na Travessa Santilha Guedes (entorno do Aeroporto Jorge Amado)<\/p>\n<p>&nbsp;<\/p>\n<div class=\"imagem thumbnail col-xs-12 col-sm-8 col-md-6 col-lg-6 imagem-materia\"><a class=\"fresco\" title=\"Canal do Malhado\" href=\"https:\/\/portalfacilarquivos.blob.core.windows.net\/uploads\/ILHEUS\/imgOrig\/%7BECC7AAAA-3C5C-6AAB-EE4E-CB6B0AB0A761%7D.jpeg\" data-fresco-caption=\"Canal do Malhado\"><img loading=\"lazy\" title=\"Canal do Malhado\" src=\"https:\/\/portalfacilarquivos.blob.core.windows.net\/uploads\/ILHEUS\/img\/%7BECC7AAAA-3C5C-6AAB-EE4E-CB6B0AB0A761%7D\/%7BECC7AAAA-3C5C-6AAB-EE4E-CB6B0AB0A761%7D_650X450.jpeg\" alt=\"obras\" width=\"650\" height=\"450\" \/><\/a><\/p>\n<p class=\"bg-primary\">Canal do Malhado<\/p>\n<\/div>\n<p>De acordo com a Seinfra, a opera\u00e7\u00e3o tapa-buracos segue a partir do dia 27 de fevereiro na Vila Freitas, Avenida Belmonte, Residencial Vilela, Morada do Porto e nas imedia\u00e7\u00f5es do Hospital de Ilh\u00e9us.<\/p>\n","protected":false},"excerpt":{"rendered":"<p>Morada do Porto A Prefeitura de Ilh\u00e9us, por meio da Secretaria de Infraestrutura e Defesa Civil (Seinfra), segue com os trabalhos de manuten\u00e7\u00e3o e recupera\u00e7\u00e3o de diversas ruas do munic\u00edpio. As interven\u00e7\u00f5es t\u00eam aten\u00e7\u00e3o permanente da atual gest\u00e3o e visam melhorar as condi\u00e7\u00f5es de tr\u00e1fego, principalmente nas vias de maior fluxo. Os servi\u00e7os j\u00e1 beneficiaram [&hellip;]<\/p>\n","protected":false},"author":2,"featured_media":0,"comment_status":"open","ping_status":"open","sticky":false,"template":"","format":"standard","meta":{"_links_to":"","_links_to_target":""},"categories":[7,9,8,1],"tags":[],"_links":{"self":[{"href":"https:\/\/www.ilheusnoticias.net.br\/v1\/wp-json\/wp\/v2\/posts\/31099"}],"collection":[{"href":"https:\/\/www.ilheusnoticias.net.br\/v1\/wp-json\/wp\/v2\/posts"}],"about":[{"href":"https:\/\/www.ilheusnoticias.net.br\/v1\/wp-json\/wp\/v2\/types\/post"}],"author":[{"embeddable":true,"href":"https:\/\/www.ilheusnoticias.net.br\/v1\/wp-json\/wp\/v2\/users\/2"}],"replies":[{"embeddable":true,"href":"https:\/\/www.ilheusnoticias.net.br\/v1\/wp-json\/wp\/v2\/comments?post=31099"}],"version-history":[{"count":1,"href":"https:\/\/www.ilheusnoticias.net.br\/v1\/wp-json\/wp\/v2\/posts\/31099\/revisions"}],"predecessor-version":[{"id":31100,"href":"https:\/\/www.ilheusnoticias.net.br\/v1\/wp-json\/wp\/v2\/posts\/31099\/revisions\/31100"}],"wp:attachment":[{"href":"https:\/\/www.ilheusnoticias.net.br\/v1\/wp-json\/wp\/v2\/media?parent=31099"}],"wp:term":[{"taxonomy":"category","embeddable":true,"href":"https:\/\/www.ilheusnoticias.net.br\/v1\/wp-json\/wp\/v2\/categories?post=31099"},{"taxonomy":"post_tag","embeddable":true,"href":"https:\/\/www.ilheusnoticias.net.br\/v1\/wp-json\/wp\/v2\/tags?post=31099"}],"curies":[{"name":"wp","href":"https:\/\/api.w.org\/{rel}","templated":true}]}}