{"id":31097,"date":"2023-02-24T18:18:58","date_gmt":"2023-02-24T21:18:58","guid":{"rendered":"https:\/\/www.ilheusnoticias.net.br\/v1\/?p=31097"},"modified":"2023-02-24T18:18:58","modified_gmt":"2023-02-24T21:18:58","slug":"secult-amplia-dialogo-com-fazedores-de-cultura-de-ilheus-sobre-leis-paulo-gustavo-e-aldir-blanc-2","status":"publish","type":"post","link":"https:\/\/www.ilheusnoticias.net.br\/v1\/2023\/02\/24\/secult-amplia-dialogo-com-fazedores-de-cultura-de-ilheus-sobre-leis-paulo-gustavo-e-aldir-blanc-2\/","title":{"rendered":"Secult amplia di\u00e1logo com fazedores de cultura de Ilh\u00e9us sobre leis Paulo Gustavo e Aldir Blanc 2"},"content":{"rendered":"<p>&nbsp;<\/p>\n<div class=\"imagem thumbnail col-xs-12 col-sm-8 col-md-6 col-lg-6 imagem-materia\"><a class=\"fresco\" title=\"\" href=\"https:\/\/portalfacilarquivos.blob.core.windows.net\/uploads\/ILHEUS\/imgOrig\/%7B1BD1A3DC-6A01-B2ED-B7DA-EEAAAD65C63C%7D.jpeg\" data-fresco-caption=\"\"><img loading=\"lazy\" title=\"\" src=\"https:\/\/portalfacilarquivos.blob.core.windows.net\/uploads\/ILHEUS\/img\/%7B1BD1A3DC-6A01-B2ED-B7DA-EEAAAD65C63C%7D\/%7B1BD1A3DC-6A01-B2ED-B7DA-EEAAAD65C63C%7D_650X450.jpeg\" alt=\"Exposi\u00e7\u00e3o permanente \u00e9 aberta para forma\u00e7\u00e3o do Museu da Capitania de Ilh\u00e9us\" width=\"650\" height=\"450\" \/><\/a><\/p>\n<p class=\"bg-primary\">\n<\/div>\n<p>A Prefeitura de Ilh\u00e9us, por meio da Secretaria Especial de Cultura (Secult), realiza nesta sexta-feira (24), uma oitiva com a sociedade civil e a classe art\u00edstica da cidade para dialogar a respeito da Lei Paulo Gustavo e da Lei Aldir Blanc 2. O encontro acontece \u00e0s 15h, no Museu da Capitania, localizado no Pal\u00e1cio Paranagu\u00e1, no Centro.<\/p>\n<p>A Lei tem o objetivo de incentivar a recupera\u00e7\u00e3o do setor cultural ap\u00f3s as perdas acumuladas durante a pandemia de Covid-19. A atividade teve in\u00edcio na \u00faltima quinta-feira (23) e visa ouvir a sociedade civil e a classe art\u00edstica para a constru\u00e7\u00e3o de diretrizes a serem seguidas pela legisla\u00e7\u00e3o.<\/p>\n<p>O evento \u00e9 gratuito. Os participantes poder\u00e3o dialogar sobre o assunto e expor sugest\u00f5es.\u00a0\u00a0As informa\u00e7\u00f5es coletadas ser\u00e3o apreciadas pelos setores respons\u00e1veis. A compreens\u00e3o e o posicionamento da sociedade civil quanto \u00e0 Lei Paulo Gustavo e a Lei Aldir Blanc 2 s\u00e3o primordiais para fomentar a atividade art\u00edstica e cultural e garantir recursos para o munic\u00edpio na \u00e1rea.<\/p>\n","protected":false},"excerpt":{"rendered":"<p>&nbsp; A Prefeitura de Ilh\u00e9us, por meio da Secretaria Especial de Cultura (Secult), realiza nesta sexta-feira (24), uma oitiva com a sociedade civil e a classe art\u00edstica da cidade para dialogar a respeito da Lei Paulo Gustavo e da Lei Aldir Blanc 2. O encontro acontece \u00e0s 15h, no Museu da Capitania, localizado no Pal\u00e1cio [&hellip;]<\/p>\n","protected":false},"author":2,"featured_media":0,"comment_status":"open","ping_status":"open","sticky":false,"template":"","format":"standard","meta":{"_links_to":"","_links_to_target":""},"categories":[7,9,8,1],"tags":[],"_links":{"self":[{"href":"https:\/\/www.ilheusnoticias.net.br\/v1\/wp-json\/wp\/v2\/posts\/31097"}],"collection":[{"href":"https:\/\/www.ilheusnoticias.net.br\/v1\/wp-json\/wp\/v2\/posts"}],"about":[{"href":"https:\/\/www.ilheusnoticias.net.br\/v1\/wp-json\/wp\/v2\/types\/post"}],"author":[{"embeddable":true,"href":"https:\/\/www.ilheusnoticias.net.br\/v1\/wp-json\/wp\/v2\/users\/2"}],"replies":[{"embeddable":true,"href":"https:\/\/www.ilheusnoticias.net.br\/v1\/wp-json\/wp\/v2\/comments?post=31097"}],"version-history":[{"count":1,"href":"https:\/\/www.ilheusnoticias.net.br\/v1\/wp-json\/wp\/v2\/posts\/31097\/revisions"}],"predecessor-version":[{"id":31098,"href":"https:\/\/www.ilheusnoticias.net.br\/v1\/wp-json\/wp\/v2\/posts\/31097\/revisions\/31098"}],"wp:attachment":[{"href":"https:\/\/www.ilheusnoticias.net.br\/v1\/wp-json\/wp\/v2\/media?parent=31097"}],"wp:term":[{"taxonomy":"category","embeddable":true,"href":"https:\/\/www.ilheusnoticias.net.br\/v1\/wp-json\/wp\/v2\/categories?post=31097"},{"taxonomy":"post_tag","embeddable":true,"href":"https:\/\/www.ilheusnoticias.net.br\/v1\/wp-json\/wp\/v2\/tags?post=31097"}],"curies":[{"name":"wp","href":"https:\/\/api.w.org\/{rel}","templated":true}]}}