{"id":31093,"date":"2023-02-23T08:30:06","date_gmt":"2023-02-23T11:30:06","guid":{"rendered":"https:\/\/www.ilheusnoticias.net.br\/v1\/?p=31093"},"modified":"2023-02-23T08:30:06","modified_gmt":"2023-02-23T11:30:06","slug":"ilheus-realiza-pre-conferencias-de-saude-na-zona-rural-confira-o-cronograma","status":"publish","type":"post","link":"https:\/\/www.ilheusnoticias.net.br\/v1\/2023\/02\/23\/ilheus-realiza-pre-conferencias-de-saude-na-zona-rural-confira-o-cronograma\/","title":{"rendered":"Ilh\u00e9us realiza pr\u00e9-confer\u00eancias de Sa\u00fade na zona rural; confira o cronograma"},"content":{"rendered":"<p class=\"dt_materia\">\n<div class=\"imagem thumbnail col-xs-12 col-sm-8 col-md-6 col-lg-6 imagem-materia\"><a class=\"fresco\" title=\"\" href=\"https:\/\/portalfacilarquivos.blob.core.windows.net\/uploads\/ILHEUS\/imgOrig\/%7BAAADA8AB-2EBE-AD2B-BBD7-5CC4DCE1D831%7D.jpg\" data-fresco-caption=\"\"><img loading=\"lazy\" title=\"\" src=\"https:\/\/portalfacilarquivos.blob.core.windows.net\/uploads\/ILHEUS\/img\/%7BAAADA8AB-2EBE-AD2B-BBD7-5CC4DCE1D831%7D\/%7BAAADA8AB-2EBE-AD2B-BBD7-5CC4DCE1D831%7D_650X450.jpg\" alt=\"pr\u00e9-confer\u00eancia de sa\u00fade\" width=\"650\" height=\"450\" \/><\/a><\/p>\n<p class=\"bg-primary\">Com o objetivo de implementar e fortalecer as pol\u00edticas de sa\u00fade e garantir a participa\u00e7\u00e3o cidad\u00e3 em debates de cunho geral, o Conselho Municipal de Sa\u00fade (CMSI), com apoio da Prefeitura de Ilh\u00e9us, por meio da Secretaria de Sa\u00fade (Sesau), realiza entre os dias 23 de fevereiro e 3 de mar\u00e7o, as Pr\u00e9-Confer\u00eancias de Sa\u00fade.<\/p>\n<\/div>\n<p>A a\u00e7\u00e3o visa promover encontros com a comunidade residente nos distritos e\u00a0faz parte das atividades com foco na 8\u00aa Confer\u00eancia Municipal de Sa\u00fade, que acontece em mar\u00e7o.<\/p>\n<p>Podem participar da Confer\u00eancia todas as pessoas que buscam o Sistema \u00danico de Sa\u00fade (SUS). Al\u00e9m de propor diretrizes para a formula\u00e7\u00e3o de pol\u00edticas p\u00fablicas, a iniciativa garante a participa\u00e7\u00e3o de representantes da zona rural numa discuss\u00e3o coordenada das principais propostas de atendimento das reais necessidades de cada localidade na \u00e1rea da Sa\u00fade.<\/p>\n<p>\u201c\u00c9 um momento \u00edmpar para mobilizar e estabelecer di\u00e1logos com a comunidade. Queremos assegurar as diversas formas de pensar o sistema p\u00fablico de sa\u00fade, assim como ampliar, junto \u00e0 sociedade, a dissemina\u00e7\u00e3o de informa\u00e7\u00f5es sobre o SUS\u201d, destacou Andr\u00e9 Cez\u00e1rio, titular da Sesau.<\/p>\n<p>Confira o cronograma.<\/p>\n<p><strong>Zona Rural<\/strong><\/p>\n<p>&#8211; Quinta-feira (23\/02)<\/p>\n<p>Locais: Castelo Novo\/Banco do Pedro<\/p>\n<p>&#8211; Sexta-feira (24\/02)<\/p>\n<p>Locais: Aritagu\u00e1 I (Fluvial) e Oliven\u00e7a<\/p>\n<p>\u2013 Segunda-feira (27\/02)<\/p>\n<p>Locais: Inema e Pimenteira<\/p>\n<p>&#8211; Ter\u00e7a-feira (28\/02)<\/p>\n<p>Local: Banco Central<\/p>\n<p>&#8211; Quarta-feira (01\/03)<\/p>\n<p>Local: Japu<\/p>\n<p>&#8211; Quinta-feira (02\/03)<\/p>\n<p>Local: Coutos<\/p>\n<p>&#8211; Sexta-feira (03\/03)<\/p>\n<p>Locais: Aritagu\u00e1 II (Mar\u00edtima) e Rio do Bra\u00e7o<\/p>\n","protected":false},"excerpt":{"rendered":"<p>Com o objetivo de implementar e fortalecer as pol\u00edticas de sa\u00fade e garantir a participa\u00e7\u00e3o cidad\u00e3 em debates de cunho geral, o Conselho Municipal de Sa\u00fade (CMSI), com apoio da Prefeitura de Ilh\u00e9us, por meio da Secretaria de Sa\u00fade (Sesau), realiza entre os dias 23 de fevereiro e 3 de mar\u00e7o, as Pr\u00e9-Confer\u00eancias de Sa\u00fade. [&hellip;]<\/p>\n","protected":false},"author":2,"featured_media":0,"comment_status":"open","ping_status":"open","sticky":false,"template":"","format":"standard","meta":{"_links_to":"","_links_to_target":""},"categories":[7,9,8,1],"tags":[],"_links":{"self":[{"href":"https:\/\/www.ilheusnoticias.net.br\/v1\/wp-json\/wp\/v2\/posts\/31093"}],"collection":[{"href":"https:\/\/www.ilheusnoticias.net.br\/v1\/wp-json\/wp\/v2\/posts"}],"about":[{"href":"https:\/\/www.ilheusnoticias.net.br\/v1\/wp-json\/wp\/v2\/types\/post"}],"author":[{"embeddable":true,"href":"https:\/\/www.ilheusnoticias.net.br\/v1\/wp-json\/wp\/v2\/users\/2"}],"replies":[{"embeddable":true,"href":"https:\/\/www.ilheusnoticias.net.br\/v1\/wp-json\/wp\/v2\/comments?post=31093"}],"version-history":[{"count":1,"href":"https:\/\/www.ilheusnoticias.net.br\/v1\/wp-json\/wp\/v2\/posts\/31093\/revisions"}],"predecessor-version":[{"id":31094,"href":"https:\/\/www.ilheusnoticias.net.br\/v1\/wp-json\/wp\/v2\/posts\/31093\/revisions\/31094"}],"wp:attachment":[{"href":"https:\/\/www.ilheusnoticias.net.br\/v1\/wp-json\/wp\/v2\/media?parent=31093"}],"wp:term":[{"taxonomy":"category","embeddable":true,"href":"https:\/\/www.ilheusnoticias.net.br\/v1\/wp-json\/wp\/v2\/categories?post=31093"},{"taxonomy":"post_tag","embeddable":true,"href":"https:\/\/www.ilheusnoticias.net.br\/v1\/wp-json\/wp\/v2\/tags?post=31093"}],"curies":[{"name":"wp","href":"https:\/\/api.w.org\/{rel}","templated":true}]}}