{"id":31091,"date":"2023-02-23T08:28:12","date_gmt":"2023-02-23T11:28:12","guid":{"rendered":"https:\/\/www.ilheusnoticias.net.br\/v1\/?p=31091"},"modified":"2023-02-23T08:28:12","modified_gmt":"2023-02-23T11:28:12","slug":"prefeitura-de-ilheus-realiza-manutencao-do-telhado-do-ime-apos-ventania-da-ultima-segunda-feira","status":"publish","type":"post","link":"https:\/\/www.ilheusnoticias.net.br\/v1\/2023\/02\/23\/prefeitura-de-ilheus-realiza-manutencao-do-telhado-do-ime-apos-ventania-da-ultima-segunda-feira\/","title":{"rendered":"Prefeitura de Ilh\u00e9us realiza manuten\u00e7\u00e3o do telhado do IME ap\u00f3s ventania da \u00faltima segunda-feira"},"content":{"rendered":"<p>&nbsp;<\/p>\n<div class=\"imagem thumbnail col-xs-12 col-sm-8 col-md-6 col-lg-6 imagem-materia\"><a class=\"fresco\" title=\"\" href=\"https:\/\/portalfacilarquivos.blob.core.windows.net\/uploads\/ILHEUS\/imgOrig\/%7B8BECA404-8AE6-2ED5-54D7-DAAA0BADCD6B%7D.jpeg\" data-fresco-caption=\"\"><img loading=\"lazy\" title=\"\" src=\"https:\/\/portalfacilarquivos.blob.core.windows.net\/uploads\/ILHEUS\/img\/%7B8BECA404-8AE6-2ED5-54D7-DAAA0BADCD6B%7D\/%7B8BECA404-8AE6-2ED5-54D7-DAAA0BADCD6B%7D_650X450.jpeg\" alt=\"IME - Instituto Municipal de Ensino Reformado\" width=\"650\" height=\"450\" \/><\/a><\/p>\n<p class=\"bg-primary\">\n<\/div>\n<p>A Prefeitura de Ilh\u00e9us iniciou nesta quarta-feira (22) a manuten\u00e7\u00e3o do telhado do Instituto Municipal de Ensino (IME) Eus\u00ednio Lavigne, ap\u00f3s fortes chuvas, com ventania e raios, registradas na madrugada da \u00faltima segunda-feira (20). Conforme a Secretaria de Infraestrutura e Defesa Civil (Seinfra), em raz\u00e3o do temporal, parte da fixa\u00e7\u00e3o das telhas soltou, contudo, sem comprometimento da estrutura da cobertura.<\/p>\n<p>A empresa j\u00e1 foi acionada e est\u00e1 executando os reparos necess\u00e1rios para a retomada das aulas. Os ventos derrubaram muros e fizeram tombar \u00e1rvores em rodovias. O temporal tamb\u00e9m provocou deslizamentos em alguns pontos da cidade.<\/p>\n<p>A requalifica\u00e7\u00e3o total do IME foi entregue \u00e0 comunidade em 2021 e contemplou melhorias na estrutura f\u00edsica, el\u00e9trica e hidr\u00e1ulica do pr\u00e9dio.<\/p>\n","protected":false},"excerpt":{"rendered":"<p>&nbsp; A Prefeitura de Ilh\u00e9us iniciou nesta quarta-feira (22) a manuten\u00e7\u00e3o do telhado do Instituto Municipal de Ensino (IME) Eus\u00ednio Lavigne, ap\u00f3s fortes chuvas, com ventania e raios, registradas na madrugada da \u00faltima segunda-feira (20). Conforme a Secretaria de Infraestrutura e Defesa Civil (Seinfra), em raz\u00e3o do temporal, parte da fixa\u00e7\u00e3o das telhas soltou, contudo, [&hellip;]<\/p>\n","protected":false},"author":2,"featured_media":0,"comment_status":"open","ping_status":"open","sticky":false,"template":"","format":"standard","meta":{"_links_to":"","_links_to_target":""},"categories":[7,9,8,1],"tags":[],"_links":{"self":[{"href":"https:\/\/www.ilheusnoticias.net.br\/v1\/wp-json\/wp\/v2\/posts\/31091"}],"collection":[{"href":"https:\/\/www.ilheusnoticias.net.br\/v1\/wp-json\/wp\/v2\/posts"}],"about":[{"href":"https:\/\/www.ilheusnoticias.net.br\/v1\/wp-json\/wp\/v2\/types\/post"}],"author":[{"embeddable":true,"href":"https:\/\/www.ilheusnoticias.net.br\/v1\/wp-json\/wp\/v2\/users\/2"}],"replies":[{"embeddable":true,"href":"https:\/\/www.ilheusnoticias.net.br\/v1\/wp-json\/wp\/v2\/comments?post=31091"}],"version-history":[{"count":1,"href":"https:\/\/www.ilheusnoticias.net.br\/v1\/wp-json\/wp\/v2\/posts\/31091\/revisions"}],"predecessor-version":[{"id":31092,"href":"https:\/\/www.ilheusnoticias.net.br\/v1\/wp-json\/wp\/v2\/posts\/31091\/revisions\/31092"}],"wp:attachment":[{"href":"https:\/\/www.ilheusnoticias.net.br\/v1\/wp-json\/wp\/v2\/media?parent=31091"}],"wp:term":[{"taxonomy":"category","embeddable":true,"href":"https:\/\/www.ilheusnoticias.net.br\/v1\/wp-json\/wp\/v2\/categories?post=31091"},{"taxonomy":"post_tag","embeddable":true,"href":"https:\/\/www.ilheusnoticias.net.br\/v1\/wp-json\/wp\/v2\/tags?post=31091"}],"curies":[{"name":"wp","href":"https:\/\/api.w.org\/{rel}","templated":true}]}}