{"id":3109,"date":"2016-12-24T15:09:08","date_gmt":"2016-12-24T18:09:08","guid":{"rendered":"http:\/\/www.ilheusnoticias.net.br\/v1\/?p=3109"},"modified":"2016-12-24T15:09:08","modified_gmt":"2016-12-24T18:09:08","slug":"solange-almeida-decide-deixar-a-banda-avioes-do-forro-pra-seguir-carreira-solo","status":"publish","type":"post","link":"https:\/\/www.ilheusnoticias.net.br\/v1\/2016\/12\/24\/solange-almeida-decide-deixar-a-banda-avioes-do-forro-pra-seguir-carreira-solo\/","title":{"rendered":"Solange Almeida decide deixar a banda Avi\u00f5es do Forr\u00f3 pra seguir carreira solo"},"content":{"rendered":"<header>\n<h3 class=\"entry-title\"><a href=\"http:\/\/www.ilheusnoticias.net.br\/v1\/wp-content\/uploads\/2016\/12\/solange-avi\u00f5es-do-forro.jpg\" rel=\"attachment wp-att-3110\"><img loading=\"lazy\" class=\"aligncenter size-full wp-image-3110\" src=\"http:\/\/www.ilheusnoticias.net.br\/v1\/wp-content\/uploads\/2016\/12\/solange-avi\u00f5es-do-forro.jpg\" alt=\"solange-avioes-do-forro\" width=\"189\" height=\"126\" \/><\/a><\/h3>\n<\/header>\n<div class=\"entry-content\">\n<p>A cantora Solange Almeida confirmou que ir\u00e1 deixar a banda Avi\u00f5es do Forr\u00f3.\u00a0O an\u00fancio foi realizado atrav\u00e9s de um v\u00eddeo publicado na fanpage da banda em que a cantora e seu parceiro, Xand Avi\u00e3o anunciam a sa\u00edda de Sol para o in\u00edcio da carreira solo. O grupo, que tem 14 anos de exist\u00eancia, seguir\u00e1 com o comando de Xand Avi\u00e3o.<\/p>\n<p>A possibilidade de outra cantora ficar no lugar de Solange n\u00e3o foi levantada no v\u00eddeo. \u201cFoi uma hist\u00f3ria linda, em que voc\u00eas foram protagonistas. Obrigado a todos os f\u00e3s por todo esse amor durante todo esse tempo. Eu tinha esse sonho a realizar, vou realizar se Deus quiser. Mas Xand vai ficar no Avi\u00f5es\u201d, afirmou Solange no v\u00eddeo. De acordo com uma nota divulgada pela assessoria, a cantora adiou a sa\u00edda da banda durante tr\u00eas anos e a artista ir\u00e1 cumprir a agenda do Avi\u00f5es at\u00e9 o carnaval.<\/p>\n<p><!--more--><\/p>\n<p>&nbsp;<\/p>\n<p>O primeiro DVD solo da cantora ser\u00e1 gravado no dia 08 de fevereiro, no Citibank Hall em S\u00e3o Paulo. A cantora tamb\u00e9m se pronunciou no Instagram, onde disse que tem a \u201csensa\u00e7\u00e3o de dever cumprido\u201d. \u201cEncerro minha hist\u00f3ria junto a uma das maiores bandas do pa\u00eds com a sensa\u00e7\u00e3o de dever cumprido, torcendo infinitamente pelo sucesso do meu parceiro e amigo pra vida toda, Xand\u201d.<\/p>\n<\/div>\n<p>&nbsp;<\/p>\n","protected":false},"excerpt":{"rendered":"<p>A cantora Solange Almeida confirmou que ir\u00e1 deixar a banda Avi\u00f5es do Forr\u00f3.\u00a0O an\u00fancio foi realizado atrav\u00e9s de um v\u00eddeo publicado na fanpage da banda em que a cantora e seu parceiro, Xand Avi\u00e3o anunciam a sa\u00edda de Sol para o in\u00edcio da carreira solo. O grupo, que tem 14 anos de exist\u00eancia, seguir\u00e1 com [&hellip;]<\/p>\n","protected":false},"author":2,"featured_media":0,"comment_status":"open","ping_status":"open","sticky":false,"template":"","format":"standard","meta":{"_links_to":"","_links_to_target":""},"categories":[1],"tags":[286],"_links":{"self":[{"href":"https:\/\/www.ilheusnoticias.net.br\/v1\/wp-json\/wp\/v2\/posts\/3109"}],"collection":[{"href":"https:\/\/www.ilheusnoticias.net.br\/v1\/wp-json\/wp\/v2\/posts"}],"about":[{"href":"https:\/\/www.ilheusnoticias.net.br\/v1\/wp-json\/wp\/v2\/types\/post"}],"author":[{"embeddable":true,"href":"https:\/\/www.ilheusnoticias.net.br\/v1\/wp-json\/wp\/v2\/users\/2"}],"replies":[{"embeddable":true,"href":"https:\/\/www.ilheusnoticias.net.br\/v1\/wp-json\/wp\/v2\/comments?post=3109"}],"version-history":[{"count":1,"href":"https:\/\/www.ilheusnoticias.net.br\/v1\/wp-json\/wp\/v2\/posts\/3109\/revisions"}],"predecessor-version":[{"id":3111,"href":"https:\/\/www.ilheusnoticias.net.br\/v1\/wp-json\/wp\/v2\/posts\/3109\/revisions\/3111"}],"wp:attachment":[{"href":"https:\/\/www.ilheusnoticias.net.br\/v1\/wp-json\/wp\/v2\/media?parent=3109"}],"wp:term":[{"taxonomy":"category","embeddable":true,"href":"https:\/\/www.ilheusnoticias.net.br\/v1\/wp-json\/wp\/v2\/categories?post=3109"},{"taxonomy":"post_tag","embeddable":true,"href":"https:\/\/www.ilheusnoticias.net.br\/v1\/wp-json\/wp\/v2\/tags?post=3109"}],"curies":[{"name":"wp","href":"https:\/\/api.w.org\/{rel}","templated":true}]}}