{"id":31086,"date":"2023-02-22T17:04:04","date_gmt":"2023-02-22T20:04:04","guid":{"rendered":"https:\/\/www.ilheusnoticias.net.br\/v1\/?p=31086"},"modified":"2023-02-22T17:04:04","modified_gmt":"2023-02-22T20:04:04","slug":"governador-da-bahia-faz-avaliacao-positiva-do-carnaval-e-promete-acoes-para-valorizar-circuitos-osmar-e-batatinha-em-salvador","status":"publish","type":"post","link":"https:\/\/www.ilheusnoticias.net.br\/v1\/2023\/02\/22\/governador-da-bahia-faz-avaliacao-positiva-do-carnaval-e-promete-acoes-para-valorizar-circuitos-osmar-e-batatinha-em-salvador\/","title":{"rendered":"Governador da Bahia faz avalia\u00e7\u00e3o positiva do carnaval e promete a\u00e7\u00f5es para valorizar circuitos Osmar e Batatinha em Salvador"},"content":{"rendered":"<div class=\"row content-head non-featured \">\n<div class=\"title\" data-block-type=\"title\" data-block-id=\"0\"><\/div>\n<div class=\"medium-centered subtitle\"><\/div>\n<\/div>\n<div class=\"mc-article-body\">\n<article>\n<div id=\"chunk-eun96\">\n<div class=\"mc-column mc-side-item__container\" data-block-type=\"ads\" data-block-id=\"1\">\n<div class=\"mc-side-item mc-side-item--right content-ads content-ads--side-ad\">\n<div id=\"banner_materia1\" class=\"tag-manager-publicidade-container tag-manager-publicidade-banner_materia1 tag-manager-publicidade-container--carregado tag-manager-publicidade-container--visivel\" data-google-query-id=\"CM-Po_P1qf0CFdC4lQIdwJ4Ouw\">\n<div id=\"google_ads_iframe_\/95377733\/tvg_G1\/Sua_Regiao&gt;Nordeste&gt;Bahia_0__container__\" style=\"box-sizing: inherit; margin: auto; padding: 0px; border: 0pt none; font: inherit; vertical-align: initial; text-align: center; width: 300px; height: 250px;\"><\/div>\n<\/div>\n<\/div>\n<\/div>\n<\/div>\n<div id=\"chunk-bdnij\">\n<div class=\"mc-column content-text active-extra-styles active-capital-letter\" data-block-type=\"unstyled\" data-block-weight=\"39\" data-block-id=\"2\">\n<p class=\"content-text__container theme-color-primary-first-letter\" data-track-category=\"Link no Texto\" data-track-links=\"\">O governador da Bahia, Jer\u00f4nimo Rodrigues, fez uma avalia\u00e7\u00e3o positiva do carnaval 2023 em Salvador, o primeiro dele \u00e0 frente do estado. Para o pr\u00f3ximo ano, ele prometeu a\u00e7\u00f5es de valoriza\u00e7\u00e3o dos circuitos Osmar (Campo Grande) e Batatinha (Pelourinho).<\/p>\n<\/div>\n<\/div>\n<div class=\"wall protected-content\">\n<div id=\"chunk-63f0j\">\n<div class=\"mc-column content-text active-extra-styles \" data-block-type=\"unstyled\" data-block-weight=\"60\" data-block-id=\"3\">\n<p class=\"content-text__container \" data-track-category=\"Link no Texto\" data-track-links=\"\">&#8220;\u00c9 gratificante no primeiro ano nosso de governo a gente poder ver o que n\u00f3s planejamos acontecer. Na \u00e1rea de seguran\u00e7a p\u00fablica, n\u00f3s tivemos cerca de 80 pris\u00f5es utilizando recursos tecnol\u00f3gicos, reconhecimento facial. Isso prova o quanto \u00e9 eficiente essa pol\u00edtica, e n\u00f3s vamos investir mais, para reduzir tempo e garantir que as pessoas possam ter um carnaval seguro&#8221;.<\/p>\n<\/div>\n<\/div>\n<div id=\"chunk-ekv30\">\n<div class=\"mc-column content-text active-extra-styles \" data-block-type=\"unstyled\" data-block-weight=\"23\" data-block-id=\"4\">\n<p class=\"content-text__container \" data-track-category=\"Link no Texto\" data-track-links=\"\">Jer\u00f4nimo destacou a redu\u00e7\u00e3o de crimes nos dias de festa, al\u00e9m de outros servi\u00e7os prestados para a popula\u00e7\u00e3o em meio ao carnaval.<\/p>\n<\/div>\n<\/div>\n<div class=\"mc-column content-text active-extra-styles\" data-block-type=\"raw\" data-block-weight=\"50\" data-block-id=\"5\">\n<p class=\"content-text__container\">\n<blockquote class=\"content-blockquote theme-border-color-primary-before\"><p>&#8220;Tamb\u00e9m houve a redu\u00e7\u00e3o de crimes corporais e contra o patrim\u00f4nio, n\u00f3s chegamos \u00e0 [redu\u00e7\u00e3o de] quase 60% e 20%, respectivamente. Isso d\u00e1 a gente um conforto. Primeiro \u00e0s pessoas que s\u00e3o de Salvador e s\u00e3o da Bahia, mas tamb\u00e9m para o turista poder divulgar a qualidade e seguran\u00e7a nova&#8221;.<\/p><\/blockquote>\n<p>&nbsp;<\/p>\n<\/div>\n<div id=\"chunk-4q6o0\">\n<div class=\"row medium-uncollapsed content-media content-photo\" data-block-type=\"backstage-photo\" data-block-id=\"6\">\n<div class=\"mc-column content-media__container\">\n<div class=\"content-media-container glb-skeleton-box\">\n<figure class=\"content-media-figure\"><img loading=\"lazy\" class=\"i-amphtml-fill-content i-amphtml-replaced-content\" src=\"https:\/\/s2.glbimg.com\/a-osLzUMv2P7A5MsPPGz9wA6YAc=\/0x0:1920x1080\/984x0\/smart\/filters:strip_icc()\/i.s3.glbimg.com\/v1\/AUTH_59edd422c0c84a879bd37670ae4f538a\/internal_photos\/bs\/2023\/x\/K\/w0niv6Sa6pwmXvdjwQjQ\/g1-jeronimo.jpg\" sizes=\"(max-width: 1366px) 648px, 100vw\" srcset=\"https:\/\/s2.glbimg.com\/FphVapTuc-LpzdDaomQTEhSaiCI=\/0x0:1920x1080\/1000x0\/smart\/filters:strip_icc()\/i.s3.glbimg.com\/v1\/AUTH_59edd422c0c84a879bd37670ae4f538a\/internal_photos\/bs\/2023\/x\/K\/w0niv6Sa6pwmXvdjwQjQ\/g1-jeronimo.jpg 1000w, https:\/\/s2.glbimg.com\/a-osLzUMv2P7A5MsPPGz9wA6YAc=\/0x0:1920x1080\/984x0\/smart\/filters:strip_icc()\/i.s3.glbimg.com\/v1\/AUTH_59edd422c0c84a879bd37670ae4f538a\/internal_photos\/bs\/2023\/x\/K\/w0niv6Sa6pwmXvdjwQjQ\/g1-jeronimo.jpg 984w, https:\/\/s2.glbimg.com\/_zV1XzxdgYXhAQauS40YBka8fHE=\/0x0:1920x1080\/640x0\/smart\/filters:strip_icc()\/i.s3.glbimg.com\/v1\/AUTH_59edd422c0c84a879bd37670ae4f538a\/internal_photos\/bs\/2023\/x\/K\/w0niv6Sa6pwmXvdjwQjQ\/g1-jeronimo.jpg 640w, https:\/\/s2.glbimg.com\/aKwbu4gZDiVGSrwVnnSavhCupao=\/0x0:1920x1080\/600x0\/smart\/filters:strip_icc()\/i.s3.glbimg.com\/v1\/AUTH_59edd422c0c84a879bd37670ae4f538a\/internal_photos\/bs\/2023\/x\/K\/w0niv6Sa6pwmXvdjwQjQ\/g1-jeronimo.jpg 600w\" alt=\"Governador da Bahia faz avalia\u00e7\u00e3o positiva do carnaval e promete a\u00e7\u00f5es para valorizar circuitos Osmar e Batatinha em Salvador \u2014 Foto: TV Bahia\" width=\"780\" height=\"438\" \/><\/figure>\n<\/div>\n<p class=\"content-media__description \">Governador da Bahia faz avalia\u00e7\u00e3o positiva do carnaval e promete a\u00e7\u00f5es para valorizar circuitos Osmar e Batatinha em Salvador \u2014 Foto: TV Bahia<\/p>\n<\/div>\n<\/div>\n<\/div>\n<div id=\"chunk-745o3\">\n<div class=\"mc-column content-text active-extra-styles \" data-block-type=\"unstyled\" data-block-weight=\"47\" data-block-id=\"8\">\n<p class=\"content-text__container \" data-track-category=\"Link no Texto\" data-track-links=\"\">&#8220;Podemos elencar um conjunto de a\u00e7\u00f5es de sa\u00fade, dos atendimentos nos hospitais, aten\u00e7\u00e3o com o Corpo de Bombeiros resgatando vidas, resgatando crian\u00e7as e adolescentes perdidos. Tivemos150 toneladas de res\u00edduos s\u00f3lidos, latinhas e pl\u00e1sticos recolhidos. Ao inv\u00e9s de ir para aterros, para o mar, est\u00e3o gerando renda&#8221;.<\/p>\n<\/div>\n<\/div>\n<div id=\"chunk-3qco8\">\n<div class=\"mc-column content-text active-extra-styles \" data-block-type=\"unstyled\" data-block-weight=\"32\" data-block-id=\"9\">\n<p class=\"content-text__container \" data-track-category=\"Link no Texto\" data-track-links=\"\">As a\u00e7\u00f5es voltadas para o respeito aos direitos humanos tamb\u00e9m foram lembradas pelo governador. Ao menos tr\u00eas pessoas foram presas em flagrante por\u00a0<a href=\"https:\/\/g1.globo.com\/ba\/bahia\/carnavalnabahia\/noticia\/2023\/02\/21\/mulher-e-presa-em-flagrante-apos-chamar-ambulante-de-macaco-no-carnaval-de-salvador.ghtml\">ofensas racistas<\/a>,\u00a0<a href=\"https:\/\/g1.globo.com\/ba\/bahia\/carnavalnabahia\/noticia\/2023\/02\/22\/homem-e-preso-por-homofobia-na-bahia-apos-mandar-funcionario-de-camarote-criar-jeito-de-homem-e-deixar-de-ser-viado.ghtml\">homof\u00f3bicas\u00a0<\/a>e\u00a0<a href=\"https:\/\/g1.globo.com\/ba\/bahia\/carnavalnabahia\/noticia\/2023\/02\/19\/homem-e-preso-suspeito-de-impedir-trans-de-usar-banheiro-quimico-feminino-no-carnaval-de-salvador.ghtml\">transf\u00f3bicas\u00a0<\/a>nos circuitos da festa.<\/p>\n<\/div>\n<\/div>\n<div id=\"chunk-clqdi\">\n<div class=\"mc-column content-text active-extra-styles \" data-block-type=\"unstyled\" data-block-weight=\"56\" data-block-id=\"10\">\n<p class=\"content-text__container \" data-track-category=\"Link no Texto\" data-track-links=\"\">&#8220;Tivemos aten\u00e7\u00e3o com os direitos da mulher. N\u00f3s estamos criando uma cultura de paz no carnaval, mas n\u00e3o s\u00f3 de paz, de respeito \u00e0s mulheres, aos negros e negras, \u00e0s pessoas com defici\u00eancia. Com essa miss\u00e3o de 2023, n\u00f3s vamos poder melhorar ainda mais aquilo que a gente tem que fazer para o carnaval de 2024&#8221;.<\/p>\n<\/div>\n<\/div>\n<div class=\"mc-column content-text active-extra-styles\" data-block-type=\"raw\" data-block-weight=\"5\" data-block-id=\"11\">\n<div class=\"content-intertitle\">\n<h2>Valoriza\u00e7\u00e3o de circuitos antes esvaziados<\/h2>\n<\/div>\n<p>H\u00e1 anos \u00e9 discutida a valoriza\u00e7\u00e3o dos circuitos tradicionais: Osmar (Campo Grande) e Batatinha (Pelourinho). Em 2023, os dois voltaram a receber centenas de milhares de foli\u00f5es, depois que governo do estado e prefeitura apostaram em mais atra\u00e7\u00f5es de peso, como Daniela Mercury e Claudia Leitte.<\/p>\n<\/div>\n<div id=\"chunk-8h9v3\">\n<div class=\"mc-column content-text active-extra-styles \" data-block-type=\"unstyled\" data-block-weight=\"62\" data-block-id=\"13\">\n<p class=\"content-text__container \" data-track-category=\"Link no Texto\" data-track-links=\"\">&#8220;A presen\u00e7a de trios e camarotes, de muita gente, tem uma efici\u00eancia muito grande. N\u00e3o h\u00e1 preconceito algum. N\u00f3s s\u00f3 n\u00e3o podemos esvaziar os circuitos como os do Campo Grande e Castro Alves, que s\u00e3o hist\u00f3ricos e t\u00eam uma import\u00e2ncia muito grande para a gente. Vamos garantir para o ano que vem uma programa\u00e7\u00e3o que atraia mais pessoas&#8221;, prometeu o governador.<\/p>\n<\/div>\n<\/div>\n<div id=\"chunk-7cht9\">\n<div class=\"mc-column content-text active-extra-styles \" data-block-type=\"unstyled\" data-block-weight=\"41\" data-block-id=\"15\">\n<p class=\"content-text__container \" data-track-category=\"Link no Texto\" data-track-links=\"\">&#8220;Fizemos um carnaval de paz com crian\u00e7as, com idosos, durante todos os dias do circuito vendo isso. E tamb\u00e9m destaco que o circuito Batatinha, no Pelourinho, tamb\u00e9m teve programa\u00e7\u00f5es em quatro espa\u00e7os paralelos, com uma riqueza cultural muito grande&#8221;, complementou.<\/p>\n<\/div>\n<\/div>\n<div class=\"mc-column content-text active-extra-styles\" data-block-type=\"raw\" data-block-weight=\"17\" data-block-id=\"16\">\n<p class=\"content-text__container\">\n<blockquote class=\"content-blockquote theme-border-color-primary-before\"><p>&#8220;N\u00f3s vamos sim investir para que 2024 os circuitos Campo Grande e Castro Alves possam ser dinamizados&#8221;.<\/p><\/blockquote>\n<\/div>\n<\/div>\n<\/article>\n<\/div>\n","protected":false},"excerpt":{"rendered":"<p>O governador da Bahia, Jer\u00f4nimo Rodrigues, fez uma avalia\u00e7\u00e3o positiva do carnaval 2023 em Salvador, o primeiro dele \u00e0 frente do estado. Para o pr\u00f3ximo ano, ele prometeu a\u00e7\u00f5es de valoriza\u00e7\u00e3o dos circuitos Osmar (Campo Grande) e Batatinha (Pelourinho). &#8220;\u00c9 gratificante no primeiro ano nosso de governo a gente poder ver o que n\u00f3s planejamos [&hellip;]<\/p>\n","protected":false},"author":2,"featured_media":0,"comment_status":"open","ping_status":"open","sticky":false,"template":"","format":"standard","meta":{"_links_to":"","_links_to_target":""},"categories":[7,9,8,1],"tags":[],"_links":{"self":[{"href":"https:\/\/www.ilheusnoticias.net.br\/v1\/wp-json\/wp\/v2\/posts\/31086"}],"collection":[{"href":"https:\/\/www.ilheusnoticias.net.br\/v1\/wp-json\/wp\/v2\/posts"}],"about":[{"href":"https:\/\/www.ilheusnoticias.net.br\/v1\/wp-json\/wp\/v2\/types\/post"}],"author":[{"embeddable":true,"href":"https:\/\/www.ilheusnoticias.net.br\/v1\/wp-json\/wp\/v2\/users\/2"}],"replies":[{"embeddable":true,"href":"https:\/\/www.ilheusnoticias.net.br\/v1\/wp-json\/wp\/v2\/comments?post=31086"}],"version-history":[{"count":1,"href":"https:\/\/www.ilheusnoticias.net.br\/v1\/wp-json\/wp\/v2\/posts\/31086\/revisions"}],"predecessor-version":[{"id":31087,"href":"https:\/\/www.ilheusnoticias.net.br\/v1\/wp-json\/wp\/v2\/posts\/31086\/revisions\/31087"}],"wp:attachment":[{"href":"https:\/\/www.ilheusnoticias.net.br\/v1\/wp-json\/wp\/v2\/media?parent=31086"}],"wp:term":[{"taxonomy":"category","embeddable":true,"href":"https:\/\/www.ilheusnoticias.net.br\/v1\/wp-json\/wp\/v2\/categories?post=31086"},{"taxonomy":"post_tag","embeddable":true,"href":"https:\/\/www.ilheusnoticias.net.br\/v1\/wp-json\/wp\/v2\/tags?post=31086"}],"curies":[{"name":"wp","href":"https:\/\/api.w.org\/{rel}","templated":true}]}}