{"id":31084,"date":"2023-02-22T17:00:03","date_gmt":"2023-02-22T20:00:03","guid":{"rendered":"https:\/\/www.ilheusnoticias.net.br\/v1\/?p=31084"},"modified":"2023-02-22T17:00:03","modified_gmt":"2023-02-22T20:00:03","slug":"adr-arapyau-e-instituto-natura-se-reunem-com-representantes-do-governo-da-bahia","status":"publish","type":"post","link":"https:\/\/www.ilheusnoticias.net.br\/v1\/2023\/02\/22\/adr-arapyau-e-instituto-natura-se-reunem-com-representantes-do-governo-da-bahia\/","title":{"rendered":"ADR, Arapya\u00fa e Instituto Natura se re\u00fanem com representantes do Governo da Bahia"},"content":{"rendered":"<div class=\"PostHeaderIcons metadata-icons\"><img src=\"http:\/\/www.blogdothame.blog.br\/v1\/wp-content\/uploads\/2023\/02\/arapuaau-2.jpeg\" \/><\/div>\n<div class=\"PostContent\">\n<p>Representantes do Instituto Arapya\u00fa, Instituto Natura, Associa\u00e7\u00e3o Bem Comum e ADR (Ag\u00eancia de Desenvolvimento Regional) Sul da Bahia se reuniram, no in\u00edcio de fevereiro, com l\u00edderes de pastas do Governo da Bahia na capital do estado. Durante a audi\u00eancia com a Secret\u00e1ria de Educa\u00e7\u00e3o, Ad\u00e9lia Pinheiro, foram apresentados o Programa de Apoio Estadual \u00e0 Alfabetiza\u00e7\u00e3o, o PARC (Parceria pela Alfabetiza\u00e7\u00e3o em Regime de Colabora\u00e7\u00e3o) e uma abordagem sobre o Ensino M\u00e9dio Integral. O principal objetivo do encontro foi estabelecer uma parceria entre a SEC e o Instituto Natura para planejar a execu\u00e7\u00e3o de a\u00e7\u00f5es que possam fortalecer as pol\u00edticas educacionais do estado.<\/p>\n<p>\u201cAs sugest\u00f5es levadas \u00e0 Secret\u00e1ria est\u00e3o entre as prioridades estabelecidas no documento \u2018Educa\u00e7\u00e3o, Cacau e Turismo: Propostas de a\u00e7\u00e3o com o Governo do Estado (2023-2026)\u2019, organizado e lan\u00e7ado pela ADR ainda em 2022 para consolidar uma parceria entre a Ag\u00eancia e a nova gest\u00e3o estadual\u201d, lembra Mariana Sales, Secret\u00e1ria Executiva da ADR Sul da Bahia. A equipe t\u00e9cnica da SEC se comprometeu a avaliar os programas apresentados e um novo encontro foi agendado para definir o andamento da parceria.<\/p>\n<p>J\u00e1 na Secretaria de Pol\u00edticas para as Mulheres (SPM), o grupo composto por Tha\u00eds Ferraz e Ricardo Gomes (Arapya\u00fa) e Mariana Sales (ADR), foi recebido pela Secret\u00e1ria Estadual Elis\u00e2ngela Ara\u00fajo, que compartilhou suas pautas priorit\u00e1rias de atua\u00e7\u00e3o para inclus\u00e3o socioprodutiva e enfrentamento \u00e0 viol\u00eancia. Nesse encontro, o objetivo das institui\u00e7\u00f5es era o de articular a\u00e7\u00f5es de inclus\u00e3o produtiva no Sul da Bahia. \u201cVale ressaltar que a Secret\u00e1ria Elis\u00e2ngela \u00e9 agricultora familiar nascida no semi\u00e1rido do nordeste baiano e foi uma das coordenadoras do Grupo de Trabalho de desenvolvimento agr\u00e1rio do Governo de Transi\u00e7\u00e3o do atual presidente\u201d, destaca Ricardo Gomes, que agrega os cargos de gerente do Programa de Desenvolvimento Territorial do Sul da Bahia, do Instituto Arapya\u00fa, e de Presidente da ADR Sul da Bahia.<\/p>\n<\/div>\n","protected":false},"excerpt":{"rendered":"<p>Representantes do Instituto Arapya\u00fa, Instituto Natura, Associa\u00e7\u00e3o Bem Comum e ADR (Ag\u00eancia de Desenvolvimento Regional) Sul da Bahia se reuniram, no in\u00edcio de fevereiro, com l\u00edderes de pastas do Governo da Bahia na capital do estado. Durante a audi\u00eancia com a Secret\u00e1ria de Educa\u00e7\u00e3o, Ad\u00e9lia Pinheiro, foram apresentados o Programa de Apoio Estadual \u00e0 Alfabetiza\u00e7\u00e3o, [&hellip;]<\/p>\n","protected":false},"author":2,"featured_media":0,"comment_status":"open","ping_status":"open","sticky":false,"template":"","format":"standard","meta":{"_links_to":"","_links_to_target":""},"categories":[7,9,8,1],"tags":[],"_links":{"self":[{"href":"https:\/\/www.ilheusnoticias.net.br\/v1\/wp-json\/wp\/v2\/posts\/31084"}],"collection":[{"href":"https:\/\/www.ilheusnoticias.net.br\/v1\/wp-json\/wp\/v2\/posts"}],"about":[{"href":"https:\/\/www.ilheusnoticias.net.br\/v1\/wp-json\/wp\/v2\/types\/post"}],"author":[{"embeddable":true,"href":"https:\/\/www.ilheusnoticias.net.br\/v1\/wp-json\/wp\/v2\/users\/2"}],"replies":[{"embeddable":true,"href":"https:\/\/www.ilheusnoticias.net.br\/v1\/wp-json\/wp\/v2\/comments?post=31084"}],"version-history":[{"count":1,"href":"https:\/\/www.ilheusnoticias.net.br\/v1\/wp-json\/wp\/v2\/posts\/31084\/revisions"}],"predecessor-version":[{"id":31085,"href":"https:\/\/www.ilheusnoticias.net.br\/v1\/wp-json\/wp\/v2\/posts\/31084\/revisions\/31085"}],"wp:attachment":[{"href":"https:\/\/www.ilheusnoticias.net.br\/v1\/wp-json\/wp\/v2\/media?parent=31084"}],"wp:term":[{"taxonomy":"category","embeddable":true,"href":"https:\/\/www.ilheusnoticias.net.br\/v1\/wp-json\/wp\/v2\/categories?post=31084"},{"taxonomy":"post_tag","embeddable":true,"href":"https:\/\/www.ilheusnoticias.net.br\/v1\/wp-json\/wp\/v2\/tags?post=31084"}],"curies":[{"name":"wp","href":"https:\/\/api.w.org\/{rel}","templated":true}]}}