{"id":31082,"date":"2023-02-22T16:57:50","date_gmt":"2023-02-22T19:57:50","guid":{"rendered":"https:\/\/www.ilheusnoticias.net.br\/v1\/?p=31082"},"modified":"2023-02-22T16:57:50","modified_gmt":"2023-02-22T19:57:50","slug":"carnaval-de-ilheus-bloco-20-comer-e-os-caretas-puxam-folia-e-mantem-tradicao-na-avenida","status":"publish","type":"post","link":"https:\/\/www.ilheusnoticias.net.br\/v1\/2023\/02\/22\/carnaval-de-ilheus-bloco-20-comer-e-os-caretas-puxam-folia-e-mantem-tradicao-na-avenida\/","title":{"rendered":"Carnaval de Ilh\u00e9us: Bloco 20 Comer e Os Caretas puxam folia e mant\u00eam tradi\u00e7\u00e3o na Avenida"},"content":{"rendered":"<div class=\"imagem thumbnail col-xs-12 col-sm-8 col-md-6 col-lg-6 imagem-materia\"><a class=\"fresco\" title=\"Bloco 20 Comer\" href=\"https:\/\/portalfacilarquivos.blob.core.windows.net\/uploads\/ILHEUS\/imgOrig\/%7BAACE12ED-A0AE-88AB-81AC-55CE2C8CBC4D%7D.jpg\" data-fresco-caption=\"Bloco 20 Comer\"><img loading=\"lazy\" title=\"Bloco 20 Comer\" src=\"https:\/\/portalfacilarquivos.blob.core.windows.net\/uploads\/ILHEUS\/img\/%7BAACE12ED-A0AE-88AB-81AC-55CE2C8CBC4D%7D\/%7BAACE12ED-A0AE-88AB-81AC-55CE2C8CBC4D%7D_650X450.jpg\" alt=\"carnaval cultural; 20 comer\" width=\"650\" height=\"450\" \/><\/a><\/p>\n<p class=\"bg-primary\">Bloco 20 Comer<\/p>\n<\/div>\n<p>O Carnaval Cultural de Ilh\u00e9us contagiou o p\u00fablico em diferentes bairros da cidade. Mantendo a tradi\u00e7\u00e3o e toda irrever\u00eancia carnavalesca, o Bloco 20 Comer levou alegria e muita divers\u00e3o \u00e0 Avenida Soares Lopes no \u00faltimo domingo (19).\u00a0Os foli\u00f5es foram embalados ao som do cantor Allan Diniz e das bandas Lord\u00e3o e Muzenza no encontro com os blocos Os Caretas e As Cretinas.<\/p>\n<div class=\"imagem thumbnail col-xs-12 col-sm-8 col-md-6 col-lg-6 imagem-materia\"><a class=\"fresco\" title=\"Bloco Os Caretas\" href=\"https:\/\/portalfacilarquivos.blob.core.windows.net\/uploads\/ILHEUS\/imgOrig\/%7B25BC2D3A-AA1A-E5A4-EA0D-DAE25CBDDCCC%7D.jpg\" data-fresco-caption=\"Bloco Os Caretas\"><img loading=\"lazy\" title=\"Bloco Os Caretas\" src=\"https:\/\/portalfacilarquivos.blob.core.windows.net\/uploads\/ILHEUS\/img\/%7B25BC2D3A-AA1A-E5A4-EA0D-DAE25CBDDCCC%7D\/%7B25BC2D3A-AA1A-E5A4-EA0D-DAE25CBDDCCC%7D_650X450.jpg\" alt=\"carnaval cultural; blocos os caretas\" width=\"650\" height=\"450\" \/><\/a><\/p>\n<p class=\"bg-primary\">Bloco Os Caretas<\/p>\n<\/div>\n<p>O prefeito M\u00e1rio Alexandre prestigiou a folia, recebeu e retribuiu o carinho do p\u00fablico. A Prefeitura forneceu toda a estrutura e suporte necess\u00e1rio \u00e0 realiza\u00e7\u00e3o dos festejos, com apoio do Governo da Bahia.<\/p>\n<p>\u201cO prefeito precisa participar e fortalecer os eventos da cidade. N\u00f3s viabilizamos toda a estrutura e a divers\u00e3o fica por conta da folia ilheense. N\u00f3s apoiamos os blocos de rua porque entendemos que as festas populares fazem parte da cultura e tradi\u00e7\u00e3o da nossa cidade. S\u00e3o blocos para toda a fam\u00edlia, com seguran\u00e7a e muita paz. \u00c9 a divers\u00e3o do povo\u201d, disse o gestor.<\/p>\n<div class=\"imagem thumbnail col-xs-12 col-sm-8 col-md-6 col-lg-6 imagem-materia\"><a class=\"fresco\" title=\"Banda Lord\u00e3o\" href=\"https:\/\/portalfacilarquivos.blob.core.windows.net\/uploads\/ILHEUS\/imgOrig\/%7BB26C3AAA-DE27-E402-B8B7-CD65230EADD7%7D.jpg\" data-fresco-caption=\"Banda Lord\u00e3o\"><img loading=\"lazy\" title=\"Banda Lord\u00e3o\" src=\"https:\/\/portalfacilarquivos.blob.core.windows.net\/uploads\/ILHEUS\/img\/%7BB26C3AAA-DE27-E402-B8B7-CD65230EADD7%7D\/%7BB26C3AAA-DE27-E402-B8B7-CD65230EADD7%7D_650X450.jpg\" alt=\"carnaval cultural; banda lord\u00e3o\" width=\"650\" height=\"450\" \/><\/a><\/p>\n<p class=\"bg-primary\">Banda Lord\u00e3o<\/p>\n<\/div>\n<p>De Norte a Sul, a cidade foi transformada em um verdadeiro reduto carnavalesco com o desfile dos blocos de rua. O n\u00famero de foli\u00f5es ultrapassou as expectativas.<\/p>\n<p>Homens, mulheres e crian\u00e7as fantasiados com trajes de todos os estilos foram os grandes respons\u00e1veis por levar a alegria a cada canto de Ilh\u00e9us.<\/p>\n<div class=\"imagem thumbnail col-xs-12 col-sm-8 col-md-6 col-lg-6 imagem-materia\"><a class=\"fresco\" title=\"\" href=\"https:\/\/portalfacilarquivos.blob.core.windows.net\/uploads\/ILHEUS\/imgOrig\/%7B8CB42BAA-BB7B-CAE8-651B-ECCD6CC0EC5A%7D.jpg\" data-fresco-caption=\"\"><img loading=\"lazy\" title=\"\" src=\"https:\/\/portalfacilarquivos.blob.core.windows.net\/uploads\/ILHEUS\/img\/%7B8CB42BAA-BB7B-CAE8-651B-ECCD6CC0EC5A%7D\/%7B8CB42BAA-BB7B-CAE8-651B-ECCD6CC0EC5A%7D_650X450.jpg\" alt=\"carnaval cultural\" width=\"650\" height=\"450\" \/><\/a><\/div>\n<p>Guarda Civil Municipal (GCM) e Pol\u00edcia Militar da Bahia realizaram a seguran\u00e7a durante todo o percurso. A Autarquia de Transporte e Tr\u00e2nsito (Sutram) organizou o tr\u00e2nsito na regi\u00e3o e as secretarias de Sa\u00fade e Servi\u00e7os Urbanos disponibilizaram corpo t\u00e9cnico, ambul\u00e2ncias e banheiros qu\u00edmicos.<\/p>\n<p>O Bloco 20 Comer contou tamb\u00e9m com o apoio da deputada estadual Soane Galv\u00e3o, que frisou a import\u00e2ncia de manter viva a festa momesca na cidade. O bloco \u00e9 formado por s\u00f3cios, familiares e amigos da associa\u00e7\u00e3o beneficente Feijoada 20 Comer, com sede localizada no bairro Princesa Isabel.<\/p>\n<div class=\"imagem thumbnail col-xs-12 col-sm-8 col-md-6 col-lg-6 imagem-materia\"><a class=\"fresco\" title=\"\" href=\"https:\/\/portalfacilarquivos.blob.core.windows.net\/uploads\/ILHEUS\/imgOrig\/%7BAE72638E-EDEB-7D22-DAB0-DE4D1BE38E1D%7D.jpg\" data-fresco-caption=\"\"><img loading=\"lazy\" title=\"\" src=\"https:\/\/portalfacilarquivos.blob.core.windows.net\/uploads\/ILHEUS\/img\/%7BAE72638E-EDEB-7D22-DAB0-DE4D1BE38E1D%7D\/%7BAE72638E-EDEB-7D22-DAB0-DE4D1BE38E1D%7D_650X450.jpg\" alt=\"carnaval cultural\" width=\"650\" height=\"450\" \/><\/a><\/p>\n<p class=\"bg-primary\"><strong>Folia do povo \u2013<\/strong>\u00a0A Prefeitura promoveu o Carnaval Cultural, com apresenta\u00e7\u00f5es e desfile de blocos de rua.<\/p>\n<\/div>\n<p>Entre os blocos tradicionais est\u00e3o o Z\u00e9 Pereira; Seca Copo; As Muringuetes; Bloco da Fam\u00edlia; Bloco Pula Corno; Bloco Bob Esponja e as festas no Malhado; Ponta da Tulha Oliven\u00e7a.\u00a0Os bairros e distritos transmitiram muito ax\u00e9 e alegria dos grandes carnavais.<\/p>\n","protected":false},"excerpt":{"rendered":"<p>Bloco 20 Comer O Carnaval Cultural de Ilh\u00e9us contagiou o p\u00fablico em diferentes bairros da cidade. Mantendo a tradi\u00e7\u00e3o e toda irrever\u00eancia carnavalesca, o Bloco 20 Comer levou alegria e muita divers\u00e3o \u00e0 Avenida Soares Lopes no \u00faltimo domingo (19).\u00a0Os foli\u00f5es foram embalados ao som do cantor Allan Diniz e das bandas Lord\u00e3o e Muzenza [&hellip;]<\/p>\n","protected":false},"author":2,"featured_media":0,"comment_status":"open","ping_status":"open","sticky":false,"template":"","format":"standard","meta":{"_links_to":"","_links_to_target":""},"categories":[7,9,8,1],"tags":[],"_links":{"self":[{"href":"https:\/\/www.ilheusnoticias.net.br\/v1\/wp-json\/wp\/v2\/posts\/31082"}],"collection":[{"href":"https:\/\/www.ilheusnoticias.net.br\/v1\/wp-json\/wp\/v2\/posts"}],"about":[{"href":"https:\/\/www.ilheusnoticias.net.br\/v1\/wp-json\/wp\/v2\/types\/post"}],"author":[{"embeddable":true,"href":"https:\/\/www.ilheusnoticias.net.br\/v1\/wp-json\/wp\/v2\/users\/2"}],"replies":[{"embeddable":true,"href":"https:\/\/www.ilheusnoticias.net.br\/v1\/wp-json\/wp\/v2\/comments?post=31082"}],"version-history":[{"count":1,"href":"https:\/\/www.ilheusnoticias.net.br\/v1\/wp-json\/wp\/v2\/posts\/31082\/revisions"}],"predecessor-version":[{"id":31083,"href":"https:\/\/www.ilheusnoticias.net.br\/v1\/wp-json\/wp\/v2\/posts\/31082\/revisions\/31083"}],"wp:attachment":[{"href":"https:\/\/www.ilheusnoticias.net.br\/v1\/wp-json\/wp\/v2\/media?parent=31082"}],"wp:term":[{"taxonomy":"category","embeddable":true,"href":"https:\/\/www.ilheusnoticias.net.br\/v1\/wp-json\/wp\/v2\/categories?post=31082"},{"taxonomy":"post_tag","embeddable":true,"href":"https:\/\/www.ilheusnoticias.net.br\/v1\/wp-json\/wp\/v2\/tags?post=31082"}],"curies":[{"name":"wp","href":"https:\/\/api.w.org\/{rel}","templated":true}]}}