{"id":31080,"date":"2023-02-22T10:20:23","date_gmt":"2023-02-22T13:20:23","guid":{"rendered":"https:\/\/www.ilheusnoticias.net.br\/v1\/?p=31080"},"modified":"2023-02-22T10:20:23","modified_gmt":"2023-02-22T13:20:23","slug":"caso-marielle-dino-abre-inquerito-da-pf-para-investigar-assassinatos-de-vereadora-e-motorista","status":"publish","type":"post","link":"https:\/\/www.ilheusnoticias.net.br\/v1\/2023\/02\/22\/caso-marielle-dino-abre-inquerito-da-pf-para-investigar-assassinatos-de-vereadora-e-motorista\/","title":{"rendered":"Caso Marielle: Dino abre inqu\u00e9rito da PF para investigar assassinatos de vereadora e motorista"},"content":{"rendered":"<div class=\"row content-head non-featured \">\n<div class=\"title\" data-block-type=\"title\" data-block-id=\"0\"><\/div>\n<div class=\"medium-centered subtitle\">\n<h2 class=\"content-head__subtitle\"><span style=\"font-size: 16px;\">Por Wellington Hanna, TV Globo e g1 \u2014 Bras\u00edlia<\/span><\/h2>\n<\/div>\n<\/div>\n<div class=\"content__signa-share\">\n<div class=\"content__signature\">\n<div class=\"content-publication-data\">\n<div class=\"content-publication-data__text\">\n<p class=\"content-publication-data__updated\"><img class=\"content-video__placeholder__thumb\" title=\"Pol\u00edcia Federal vai voltar a investigar as mortes da vereadora Marielle Franco e do motorista dela, Anderson Gomes\" src=\"https:\/\/s02.video.glbimg.com\/x240\/11376857.jpg\" alt=\"Pol\u00edcia Federal vai voltar a investigar as mortes da vereadora Marielle Franco e do motorista dela, Anderson Gomes\" \/><\/p>\n<\/div>\n<\/div>\n<\/div>\n<\/div>\n<div class=\"mc-article-body\">\n<article>\n<div id=\"chunk-4a19e\">\n<div class=\"bs-video-block mc-column  content-media content-video\" data-block-type=\"backstage-video\" data-block-id=\"1\">\n<div class=\"content-media__container\">\n<div class=\"content-video__bigger-player-description-fixer\">\n<article class=\"content-video\">\n<section class=\"content-video__video-container\">\n<div class=\"content-video__video\">\n<div id=\"wp3-player-1\" class=\"clappr-player\" tabindex=\"9999\" data-player=\"\">\n<div class=\"dfp-ad-overlay dfp-ad-overlay--poster-mode\">\n<div><\/div>\n<\/div>\n<\/div>\n<\/div>\n<\/section>\n<\/article>\n<\/div>\n<p class=\"content-media__description\">Pol\u00edcia Federal vai voltar a investigar as mortes da vereadora Marielle Franco e do motorista dela, Anderson Gomes<\/p>\n<\/div>\n<\/div>\n<\/div>\n<div id=\"chunk-9olem\">\n<div class=\"mc-column content-text active-extra-styles \" data-block-type=\"unstyled\" data-block-weight=\"42\" data-block-id=\"3\">\n<p class=\"content-text__container \" data-track-category=\"Link no Texto\" data-track-links=\"\">O ministro da Justi\u00e7a,\u00a0<a href=\"https:\/\/g1.globo.com\/tudo-sobre\/flavio-dino\/\">Fl\u00e1vio Dino<\/a>, determinou a abertura de um inqu\u00e9rito da\u00a0<a href=\"https:\/\/g1.globo.com\/tudo-sobre\/policia-federal\/\">Pol\u00edcia Federal<\/a>\u00a0para &#8220;ampliar a colabora\u00e7\u00e3o federal&#8221; nas investiga\u00e7\u00f5es sobre a organiza\u00e7\u00e3o criminosa que assassinou a vereadora do Rio de Janeiro Marielle Franco (<a href=\"https:\/\/g1.globo.com\/politica\/partido\/psol\/\">PSOL<\/a>) e o motorista Anderson Gomes.<\/p>\n<\/div>\n<\/div>\n<div class=\"wall protected-content\">\n<div id=\"chunk-7tmr4\">\n<div class=\"mc-column content-text active-extra-styles \" data-block-type=\"unstyled\" data-block-weight=\"24\" data-block-id=\"4\">\n<p class=\"content-text__container \" data-track-category=\"Link no Texto\" data-track-links=\"\"><a href=\"https:\/\/g1.globo.com\/rj\/rio-de-janeiro\/noticia\/vereadora-do-psol-marielle-franco-e-morta-a-tiros-no-centro-do-rio.ghtml\">Marielle e Anderson foram executados em mar\u00e7o de 2018<\/a>. Passados quase 5 anos do crime, os mandantes e as motiva\u00e7\u00f5es n\u00e3o foram identificados.<\/p>\n<\/div>\n<\/div>\n<div id=\"chunk-6e8vc\">\n<div class=\"mc-column content-text active-extra-styles \" data-block-type=\"unstyled\" data-block-weight=\"27\" data-block-id=\"5\">\n<p class=\"content-text__container \" data-track-category=\"Link no Texto\" data-track-links=\"\">O Minist\u00e9rio P\u00fablico do Rio de Janeiro (MPRJ)\u00a0<a href=\"https:\/\/g1.globo.com\/rj\/rio-de-janeiro\/noticia\/2020\/03\/10\/ronnie-lessa-e-elcio-queiroz-vao-a-juri-popular-acusados-da-morte-de-marielle.ghtml\">denunciou Ronnie Lessa e \u00c9lcio de Queiroz<\/a> como os assassinos de Marielle e de Anderson. Os dois est\u00e3o presos.<\/p>\n<\/div>\n<\/div>\n<div id=\"chunk-ouln\">\n<div class=\"mc-column content-text active-extra-styles \" data-block-type=\"unstyled\" data-block-weight=\"49\" data-block-id=\"8\">\n<p class=\"content-text__container \" data-track-category=\"Link no Texto\" data-track-links=\"\">&#8220;A fim de ampliar a colabora\u00e7\u00e3o federal com as investiga\u00e7\u00f5es sobre a organiza\u00e7\u00e3o criminosa que perpetrou os homic\u00eddios de Marielle e Anderson, determinei a instaura\u00e7\u00e3o de Inqu\u00e9rito na Pol\u00edcia Federal. Estamos fazendo o m\u00e1ximo para ajudar a esclarecer tais crimes&#8221;, escreveu Dino em uma rede social nesta quarta-feira (22).<\/p>\n<\/div>\n<\/div>\n<div id=\"chunk-20ilp\">\n<div class=\"mc-column content-text active-extra-styles \" data-block-type=\"unstyled\" data-block-weight=\"29\" data-block-id=\"9\">\n<p class=\"content-text__container \" data-track-category=\"Link no Texto\" data-track-links=\"\">A\u00a0<strong>TV Globo<\/strong>\u00a0apurou que a abertura do inqu\u00e9rito n\u00e3o significa uma federaliza\u00e7\u00e3o do caso, mas um apoio da PF \u00e0s investiga\u00e7\u00f5es que correm no Rio de Janeiro.<\/p>\n<\/div>\n<\/div>\n<div id=\"chunk-3eab9\">\n<div class=\"mc-column content-text active-extra-styles \" data-block-type=\"unstyled\" data-block-weight=\"18\" data-block-id=\"10\">\n<p class=\"content-text__container \" data-track-category=\"Link no Texto\" data-track-links=\"\">Segundo portaria divulgada pelo ministro da Justi\u00e7a, o delegado Guilhermo Catramby vai conduzir o inqu\u00e9rito na Pol\u00edcia Federal.<\/p>\n<\/div>\n<\/div>\n<div id=\"chunk-59a2v\">\n<div class=\"mc-column content-text active-extra-styles \" data-block-type=\"unstyled\" data-block-weight=\"22\" data-block-id=\"11\">\n<p class=\"content-text__container \" data-track-category=\"Link no Texto\" data-track-links=\"\">Na semana passada,<a href=\"https:\/\/g1.globo.com\/rj\/rio-de-janeiro\/rj2\/video\/o-ministro-da-justica-flavio-dino-anunciou-que-a-policia-federal-vai-voltar-a-investigar-as-mortes-da-vereadora-marielle-franco-e-do-motorista-anderson-gomes-11375446.ghtml\">\u00a0Fl\u00e1vio Dino j\u00e1 havia anunciado que a PF apoiaria as investiga\u00e7\u00f5es sobre as mortes de Marielle e Anderson<\/a>.<\/p>\n<\/div>\n<\/div>\n<div id=\"chunk-7d3oi\">\n<div class=\"bs-video-block mc-column  content-media content-video\" data-block-type=\"backstage-video\" data-block-id=\"12\">\n<div class=\"content-media__container\">\n<div class=\"content-video__bigger-player-description-fixer\">\n<article class=\"content-video\">\n<section class=\"content-video__video-container\">\n<div class=\"content-video__video\">\n<div class=\"content-video__placeholder\" data-video-id=\"11377054\" data-video-has-viewport-play=\"True\"><img class=\"content-video__placeholder__thumb\" title=\"PF vai fazer parte de for\u00e7a-tarefa com MPRJ e Pol\u00edcia Civil\" src=\"https:\/\/s03.video.glbimg.com\/x240\/11377054.jpg\" alt=\"PF vai fazer parte de for\u00e7a-tarefa com MPRJ e Pol\u00edcia Civil\" \/><\/div>\n<div id=\"wp3-player-2\" class=\"clappr-player\" tabindex=\"9999\" data-player=\"\">\n<div class=\"dfp-ad-overlay dfp-ad-overlay--poster-mode\">\n<div><\/div>\n<\/div>\n<div class=\"media-control media-control-hide h720 w960\">\n<div class=\"media-control-panel\">\n<div class=\"media-control-panel__modal\"><\/div>\n<\/div>\n<\/div>\n<\/div>\n<\/div>\n<\/section>\n<\/article>\n<\/div>\n<p class=\"content-media__description\">PF vai fazer parte de for\u00e7a-tarefa com MPRJ e Pol\u00edcia Civil<\/p>\n<\/div>\n<\/div>\n<\/div>\n<div id=\"chunk-a21bs\">\n<div class=\"mc-column content-text active-extra-styles \" data-block-type=\"unstyled\" data-block-weight=\"27\" data-block-id=\"14\">\n<p class=\"content-text__container \" data-track-category=\"Link no Texto\" data-track-links=\"\">Segundo o ministro, foi costurado um acordo entre Pol\u00edcia Federal e Minist\u00e9rio P\u00fablico do Rio de Janeiro para que haja\u00a0<a href=\"https:\/\/g1.globo.com\/politica\/noticia\/2023\/02\/16\/governo-recadastrou-mais-de-68-mil-armas-de-cacs-e-quem-perder-prazo-incorrera-em-crime-diz-dino.ghtml\">coopera\u00e7\u00e3o entre os \u00f3rg\u00e3os na investiga\u00e7\u00e3o<\/a>.<\/p>\n<\/div>\n<\/div>\n<div id=\"chunk-5pojm\">\n<div class=\"mc-column content-text active-extra-styles \" data-block-type=\"unstyled\" data-block-weight=\"19\" data-block-id=\"15\">\n<p class=\"content-text__container \" data-track-category=\"Link no Texto\" data-track-links=\"\">Quando assumiu o cargo de ministro da Justi\u00e7a, Fl\u00e1vio Dino afirmou que era &#8220;quest\u00e3o de honra&#8221; desvendar o caso.<\/p>\n<\/div>\n<\/div>\n<\/div>\n<\/article>\n<\/div>\n","protected":false},"excerpt":{"rendered":"<p>Por Wellington Hanna, TV Globo e g1 \u2014 Bras\u00edlia Pol\u00edcia Federal vai voltar a investigar as mortes da vereadora Marielle Franco e do motorista dela, Anderson Gomes O ministro da Justi\u00e7a,\u00a0Fl\u00e1vio Dino, determinou a abertura de um inqu\u00e9rito da\u00a0Pol\u00edcia Federal\u00a0para &#8220;ampliar a colabora\u00e7\u00e3o federal&#8221; nas investiga\u00e7\u00f5es sobre a organiza\u00e7\u00e3o criminosa que assassinou a vereadora do [&hellip;]<\/p>\n","protected":false},"author":2,"featured_media":0,"comment_status":"open","ping_status":"open","sticky":false,"template":"","format":"standard","meta":{"_links_to":"","_links_to_target":""},"categories":[7,9,1],"tags":[],"_links":{"self":[{"href":"https:\/\/www.ilheusnoticias.net.br\/v1\/wp-json\/wp\/v2\/posts\/31080"}],"collection":[{"href":"https:\/\/www.ilheusnoticias.net.br\/v1\/wp-json\/wp\/v2\/posts"}],"about":[{"href":"https:\/\/www.ilheusnoticias.net.br\/v1\/wp-json\/wp\/v2\/types\/post"}],"author":[{"embeddable":true,"href":"https:\/\/www.ilheusnoticias.net.br\/v1\/wp-json\/wp\/v2\/users\/2"}],"replies":[{"embeddable":true,"href":"https:\/\/www.ilheusnoticias.net.br\/v1\/wp-json\/wp\/v2\/comments?post=31080"}],"version-history":[{"count":1,"href":"https:\/\/www.ilheusnoticias.net.br\/v1\/wp-json\/wp\/v2\/posts\/31080\/revisions"}],"predecessor-version":[{"id":31081,"href":"https:\/\/www.ilheusnoticias.net.br\/v1\/wp-json\/wp\/v2\/posts\/31080\/revisions\/31081"}],"wp:attachment":[{"href":"https:\/\/www.ilheusnoticias.net.br\/v1\/wp-json\/wp\/v2\/media?parent=31080"}],"wp:term":[{"taxonomy":"category","embeddable":true,"href":"https:\/\/www.ilheusnoticias.net.br\/v1\/wp-json\/wp\/v2\/categories?post=31080"},{"taxonomy":"post_tag","embeddable":true,"href":"https:\/\/www.ilheusnoticias.net.br\/v1\/wp-json\/wp\/v2\/tags?post=31080"}],"curies":[{"name":"wp","href":"https:\/\/api.w.org\/{rel}","templated":true}]}}