{"id":31074,"date":"2023-02-22T10:08:35","date_gmt":"2023-02-22T13:08:35","guid":{"rendered":"https:\/\/www.ilheusnoticias.net.br\/v1\/?p=31074"},"modified":"2023-02-22T10:08:35","modified_gmt":"2023-02-22T13:08:35","slug":"atlantica-lanca-campanha-a-praia-e-nossa-o-lixo-e-seu","status":"publish","type":"post","link":"https:\/\/www.ilheusnoticias.net.br\/v1\/2023\/02\/22\/atlantica-lanca-campanha-a-praia-e-nossa-o-lixo-e-seu\/","title":{"rendered":"Atl\u00e2ntica lan\u00e7a campanha \u201cA praia \u00e9 nossa, o lixo \u00e9 seu\u201d"},"content":{"rendered":"<div class=\"PostHeaderIcons metadata-icons\"><\/div>\n<div class=\"PostContent\">\n<p><img src=\"http:\/\/www.blogdothame.blog.br\/v1\/wp-content\/uploads\/2023\/02\/lixo-praias-2-228x300.jpg\" \/><\/p>\n<p>A OCA \u2013 Centro de Agroecologia e Educa\u00e7\u00e3o da Mata Atl\u00e2ntica est\u00e1 lan\u00e7ando a campanha \u201cA praia \u00e9 nossa, o lixo \u00e9 seu\u201d, que tem como \u00a0objetivo a redu\u00e7\u00e3o de res\u00edduos s\u00f3lidos nas praias baianas.<\/p>\n<p><img src=\"http:\/\/www.blogdothame.blog.br\/v1\/wp-content\/uploads\/2023\/02\/lixo-praias-4-300x225.jpg\" \/><\/p>\n<p>Um dos grandes desafios das cidades litor\u00e2neas \u00e9 reduzir o lixo nas praias. Muitas pessoas gostam de aproveitar os dias de sol em frente ao mar e observar a bela paisagem. Entretanto, nem todas cuidam do lixo gerado durante o passeio.<\/p>\n<p><img src=\"http:\/\/www.blogdothame.blog.br\/v1\/wp-content\/uploads\/2023\/02\/lixo-praias-3-226x300.jpg\" \/><\/p>\n<p>O resultado disso s\u00e3o praias sujas\u00a0\u2014? com copos, garrafas, embalagens, entre outros itens espalhados pelo mar e pela areia\u00a0\u2014? o que pode causar danos irrevers\u00edveis para o meio ambiente e para a vida marinha. Por isso, \u00e9 essencial conscientizar os turistas e moradores sobre a import\u00e2ncia do cuidado e do respeito com o meio ambiente e incentivar a ado\u00e7\u00e3o de atitudes para reduzir o lixo na praia.<\/p>\n<p>Algumas mudan\u00e7as simples de h\u00e1bitos ajudam nessa miss\u00e3o.<\/p>\n<p><img loading=\"lazy\" class=\"aligncenter size-full wp-image-146946\" src=\"http:\/\/www.blogdothame.blog.br\/v1\/wp-content\/uploads\/2023\/02\/lixo-praias-1.jpg\" alt=\"\" width=\"193\" height=\"256\" \/><\/p>\n<p>Quer saber como voc\u00ea pode fazer isso?<\/p>\n<p>Confira e veja as dicas:<\/p>\n<p>1. Evite o uso de pl\u00e1stico;<\/p>\n<p>2. D\u00ea prefer\u00eancia a garrafas e acess\u00f3rios reutiliz\u00e1veis;<\/p>\n<p>3. Leve uma sacola para armazenar o seu lixo;<\/p>\n<p>4. Descarte os res\u00edduos s\u00f3lidos em local adequado;<\/p>\n<p>5. Converse com as crian\u00e7as sobre a import\u00e2ncia de reduzir o lixo nas praias.<\/p>\n<p>E voc\u00ea, aplica alguma dessas dicas?<\/p>\n<p>@povosdamata<br \/>\n@redepovos.semiarido<br \/>\n@redeeducomlitoralsul<br \/>\n@agoranarede<br \/>\n@somosraizesdosertao<br \/>\n@faegsul<br \/>\n@prefitacare<br \/>\n@prefeituradeurucuca<br \/>\n@prefeitura.itabuna<br \/>\n@prefsalvador<br \/>\n@prefeitura.canavieiras<br \/>\n@prefeituraportoseguro<br \/>\n@prefeituracabraliaoficial<br \/>\n@nucleo.reconcavo<br \/>\n@nucleo_monte_pascoal<br \/>\n@prenucleosertaodosaofrancisco<\/p>\n<p><a href=\"https:\/\/www.instagram.com\/reel\/Co5tsu7vU8v\/?igshid=MWMzM2Q4ZmE=\">https:\/\/www.instagram.com\/reel\/Co5tsu7vU8v\/?igshid=MWMzM2Q4ZmE=<\/a><\/p>\n<\/div>\n","protected":false},"excerpt":{"rendered":"<p>A OCA \u2013 Centro de Agroecologia e Educa\u00e7\u00e3o da Mata Atl\u00e2ntica est\u00e1 lan\u00e7ando a campanha \u201cA praia \u00e9 nossa, o lixo \u00e9 seu\u201d, que tem como \u00a0objetivo a redu\u00e7\u00e3o de res\u00edduos s\u00f3lidos nas praias baianas. Um dos grandes desafios das cidades litor\u00e2neas \u00e9 reduzir o lixo nas praias. Muitas pessoas gostam de aproveitar os dias [&hellip;]<\/p>\n","protected":false},"author":2,"featured_media":0,"comment_status":"open","ping_status":"open","sticky":false,"template":"","format":"standard","meta":{"_links_to":"","_links_to_target":""},"categories":[7,9,8,1],"tags":[],"_links":{"self":[{"href":"https:\/\/www.ilheusnoticias.net.br\/v1\/wp-json\/wp\/v2\/posts\/31074"}],"collection":[{"href":"https:\/\/www.ilheusnoticias.net.br\/v1\/wp-json\/wp\/v2\/posts"}],"about":[{"href":"https:\/\/www.ilheusnoticias.net.br\/v1\/wp-json\/wp\/v2\/types\/post"}],"author":[{"embeddable":true,"href":"https:\/\/www.ilheusnoticias.net.br\/v1\/wp-json\/wp\/v2\/users\/2"}],"replies":[{"embeddable":true,"href":"https:\/\/www.ilheusnoticias.net.br\/v1\/wp-json\/wp\/v2\/comments?post=31074"}],"version-history":[{"count":1,"href":"https:\/\/www.ilheusnoticias.net.br\/v1\/wp-json\/wp\/v2\/posts\/31074\/revisions"}],"predecessor-version":[{"id":31075,"href":"https:\/\/www.ilheusnoticias.net.br\/v1\/wp-json\/wp\/v2\/posts\/31074\/revisions\/31075"}],"wp:attachment":[{"href":"https:\/\/www.ilheusnoticias.net.br\/v1\/wp-json\/wp\/v2\/media?parent=31074"}],"wp:term":[{"taxonomy":"category","embeddable":true,"href":"https:\/\/www.ilheusnoticias.net.br\/v1\/wp-json\/wp\/v2\/categories?post=31074"},{"taxonomy":"post_tag","embeddable":true,"href":"https:\/\/www.ilheusnoticias.net.br\/v1\/wp-json\/wp\/v2\/tags?post=31074"}],"curies":[{"name":"wp","href":"https:\/\/api.w.org\/{rel}","templated":true}]}}