{"id":31072,"date":"2023-02-21T12:44:30","date_gmt":"2023-02-21T15:44:30","guid":{"rendered":"https:\/\/www.ilheusnoticias.net.br\/v1\/?p=31072"},"modified":"2023-02-21T12:44:30","modified_gmt":"2023-02-21T15:44:30","slug":"advogada-morta-a-tiros-dentro-de-carro-apos-deixar-carnaval-entrou-em-local-que-vive-briga-de-faccoes-para-chegar-mais-rapido-em-casa-diz-pm","status":"publish","type":"post","link":"https:\/\/www.ilheusnoticias.net.br\/v1\/2023\/02\/21\/advogada-morta-a-tiros-dentro-de-carro-apos-deixar-carnaval-entrou-em-local-que-vive-briga-de-faccoes-para-chegar-mais-rapido-em-casa-diz-pm\/","title":{"rendered":"Advogada morta a tiros dentro de carro ap\u00f3s deixar carnaval, entrou em local que &#8216;vive&#8217; briga de fac\u00e7\u00f5es para chegar mais r\u00e1pido em casa, diz PM"},"content":{"rendered":"<div class=\"row content-head non-featured \">\n<div class=\"title\" data-block-type=\"title\" data-block-id=\"0\"><\/div>\n<div class=\"medium-centered subtitle\">\n<h2 class=\"content-head__subtitle\"><span style=\"font-size: 16px;\">Por g1 BA e TV Bahia<\/span><\/h2>\n<\/div>\n<\/div>\n<div class=\"mc-article-body\">\n<article>\n<div id=\"chunk-eee0s\">\n<div class=\"row medium-uncollapsed content-media content-photo\" data-block-type=\"backstage-photo\" data-block-id=\"1\">\n<div class=\"mc-column content-media__container\">\n<div class=\"content-media-container glb-skeleton-box\">\n<figure class=\"content-media-figure\"><img loading=\"lazy\" class=\"i-amphtml-fill-content i-amphtml-replaced-content\" src=\"https:\/\/s2.glbimg.com\/TputIexEUdFq-rP9TddjCdNfA38=\/0x0:591x379\/984x0\/smart\/filters:strip_icc()\/i.s3.glbimg.com\/v1\/AUTH_59edd422c0c84a879bd37670ae4f538a\/internal_photos\/bs\/2023\/t\/p\/mDA19UQyu6tyGBbFBHFA\/whatsapp-image-2023-02-20-at-11.42.02.jpeg\" sizes=\"(max-width: 1366px) 648px, 100vw\" srcset=\"https:\/\/s2.glbimg.com\/AUw9xdcgNdeId-eu5yYQOSeb4tw=\/0x0:591x379\/1000x0\/smart\/filters:strip_icc()\/i.s3.glbimg.com\/v1\/AUTH_59edd422c0c84a879bd37670ae4f538a\/internal_photos\/bs\/2023\/t\/p\/mDA19UQyu6tyGBbFBHFA\/whatsapp-image-2023-02-20-at-11.42.02.jpeg 1000w, https:\/\/s2.glbimg.com\/TputIexEUdFq-rP9TddjCdNfA38=\/0x0:591x379\/984x0\/smart\/filters:strip_icc()\/i.s3.glbimg.com\/v1\/AUTH_59edd422c0c84a879bd37670ae4f538a\/internal_photos\/bs\/2023\/t\/p\/mDA19UQyu6tyGBbFBHFA\/whatsapp-image-2023-02-20-at-11.42.02.jpeg 984w, https:\/\/s2.glbimg.com\/Alul-vfPoLg81NabIXwdHRrVBF8=\/0x0:591x379\/640x0\/smart\/filters:strip_icc()\/i.s3.glbimg.com\/v1\/AUTH_59edd422c0c84a879bd37670ae4f538a\/internal_photos\/bs\/2023\/t\/p\/mDA19UQyu6tyGBbFBHFA\/whatsapp-image-2023-02-20-at-11.42.02.jpeg 640w, https:\/\/s2.glbimg.com\/tDfc5SRZ1ccnL_sNk8X5G8MwXWc=\/0x0:591x379\/600x0\/smart\/filters:strip_icc()\/i.s3.glbimg.com\/v1\/AUTH_59edd422c0c84a879bd37670ae4f538a\/internal_photos\/bs\/2023\/t\/p\/mDA19UQyu6tyGBbFBHFA\/whatsapp-image-2023-02-20-at-11.42.02.jpeg 600w\" alt=\"Advogada \u00e9 morta a tiros dentro de carro ap\u00f3s deixar camarote no carnaval de Salvador \u2014 Foto: Reprodu\u00e7\u00e3o\/Redes Sociais\" width=\"804\" height=\"515\" \/><\/figure>\n<\/div>\n<p class=\"content-media__description \">Advogada \u00e9 morta a tiros dentro de carro ap\u00f3s deixar camarote no carnaval de Salvador \u2014 Foto: Reprodu\u00e7\u00e3o\/Redes Sociai<\/p>\n<\/div>\n<\/div>\n<\/div>\n<div id=\"chunk-6arq5\">\n<div class=\"mc-column content-text active-extra-styles \" data-block-type=\"unstyled\" data-block-weight=\"52\" data-block-id=\"3\">\n<p class=\"content-text__container \" data-track-category=\"Link no Texto\" data-track-links=\"\">A advogada Saadya Gomes Duarte Rosemberg, de 29 anos,\u00a0<a href=\"https:\/\/g1.globo.com\/ba\/bahia\/carnavalnabahia\/noticia\/2023\/02\/20\/advogada-e-morta-a-tiros-dentro-de-carro-apos-deixar-camarote-no-carnaval-de-salvador.ghtml\">morta a tiros dentro de um carro depois de deixar um camarote<\/a>\u00a0no circuito Dod\u00f4 (Barra-Ondina), em\u00a0<a href=\"https:\/\/g1.globo.com\/ba\/bahia\/cidade\/salvador\/\">Salvador<\/a>, entrou em uma rua que fica entre duas localidades que &#8220;vivem&#8221; um conflito entre grupos criminosos, para chegar mais r\u00e1pido na casa em que morava.<\/p>\n<\/div>\n<\/div>\n<div class=\"wall protected-content\">\n<div id=\"chunk-46hsp\">\n<div class=\"mc-column content-text active-extra-styles \" data-block-type=\"unstyled\" data-block-weight=\"46\" data-block-id=\"4\">\n<p class=\"content-text__container \" data-track-category=\"Link no Texto\" data-track-links=\"\">O crime aconteceu na madrugada de segunda-feira (20), na Rua Bahia, que fica entre as localidades de &#8220;Burac\u00e3o&#8221; e &#8220;Canal&#8221;. A informa\u00e7\u00e3o foi passada pelo noivo da v\u00edtima ao major Luciano Jorge, comandante da 23\u00aa Companhia Independente da Bahia (CIPM), unidade respons\u00e1vel pela seguran\u00e7a na regi\u00e3o.<\/p>\n<\/div>\n<\/div>\n<div id=\"chunk-3gmg9\">\n<div class=\"mc-column content-text active-extra-styles \" data-block-type=\"unstyled\" data-block-weight=\"33\" data-block-id=\"5\">\n<p class=\"content-text__container \" data-track-category=\"Link no Texto\" data-track-links=\"\">De acordo com o major Luciano Jorge, o noivo de Saadya Rosemberg, que estava no ve\u00edculo, mas n\u00e3o foi atingido, tamb\u00e9m relatou que a v\u00edtima n\u00e3o sabia do conflito ao optar pelo trajeto.<\/p>\n<\/div>\n<\/div>\n<div id=\"chunk-fsm5i\">\n<div class=\"mc-column content-text active-extra-styles \" data-block-type=\"unstyled\" data-block-weight=\"44\" data-block-id=\"7\">\n<p class=\"content-text__container \" data-track-category=\"Link no Texto\" data-track-links=\"\">A advogada prestava servi\u00e7os para a Secretaria de Sa\u00fade da Bahia (Sesab). A informa\u00e7\u00e3o inicial era de que ela e o noivo foram abordados por homens armados durante uma tentativa de assalto. No entanto, a motiva\u00e7\u00e3o do crime ainda \u00e9 investigada pela Pol\u00edcia Civil.<\/p>\n<\/div>\n<\/div>\n<div id=\"chunk-2kdei\">\n<div class=\"mc-column content-text active-extra-styles \" data-block-type=\"unstyled\" data-block-weight=\"35\" data-block-id=\"8\">\n<p class=\"content-text__container \" data-track-category=\"Link no Texto\" data-track-links=\"\">Saadya Rosemberg teria se assustado com a presen\u00e7a dos criminosos e acelerado o ve\u00edculo. A advogada foi socorrida e levada para a Unidade de Pronto Atendimento (UPA) da Tancredo Neves, mas n\u00e3o resistiu aos ferimentos.<\/p>\n<\/div>\n<\/div>\n<div id=\"chunk-alif6\">\n<div class=\"row medium-uncollapsed content-media content-photo\" data-block-type=\"backstage-photo\" data-block-id=\"9\">\n<div class=\"mc-column content-media__container\">\n<div class=\"content-media-container glb-skeleton-box\">\n<figure class=\"content-media-figure\"><img loading=\"lazy\" class=\"i-amphtml-fill-content i-amphtml-replaced-content\" src=\"https:\/\/s2.glbimg.com\/4rni-T2GmzMoYwbjmITFFECIxlo=\/0x0:899x570\/984x0\/smart\/filters:strip_icc()\/i.s3.glbimg.com\/v1\/AUTH_59edd422c0c84a879bd37670ae4f538a\/internal_photos\/bs\/2023\/P\/W\/lpMrjhSy6oQ7GAx5crzQ\/whatsapp-image-2023-02-20-at-10.54.44.jpg\" sizes=\"(max-width: 1366px) 648px, 100vw\" srcset=\"https:\/\/s2.glbimg.com\/dIVkwR5L9Omd2Y4khnk-93KGHB4=\/0x0:899x570\/1000x0\/smart\/filters:strip_icc()\/i.s3.glbimg.com\/v1\/AUTH_59edd422c0c84a879bd37670ae4f538a\/internal_photos\/bs\/2023\/P\/W\/lpMrjhSy6oQ7GAx5crzQ\/whatsapp-image-2023-02-20-at-10.54.44.jpg 1000w, https:\/\/s2.glbimg.com\/4rni-T2GmzMoYwbjmITFFECIxlo=\/0x0:899x570\/984x0\/smart\/filters:strip_icc()\/i.s3.glbimg.com\/v1\/AUTH_59edd422c0c84a879bd37670ae4f538a\/internal_photos\/bs\/2023\/P\/W\/lpMrjhSy6oQ7GAx5crzQ\/whatsapp-image-2023-02-20-at-10.54.44.jpg 984w, https:\/\/s2.glbimg.com\/Kb1YiOMNgpc7gWgyrfD2iLj63Ek=\/0x0:899x570\/640x0\/smart\/filters:strip_icc()\/i.s3.glbimg.com\/v1\/AUTH_59edd422c0c84a879bd37670ae4f538a\/internal_photos\/bs\/2023\/P\/W\/lpMrjhSy6oQ7GAx5crzQ\/whatsapp-image-2023-02-20-at-10.54.44.jpg 640w, https:\/\/s2.glbimg.com\/SWobmS4-YnMu9YSGJ3Igi4UatfY=\/0x0:899x570\/600x0\/smart\/filters:strip_icc()\/i.s3.glbimg.com\/v1\/AUTH_59edd422c0c84a879bd37670ae4f538a\/internal_photos\/bs\/2023\/P\/W\/lpMrjhSy6oQ7GAx5crzQ\/whatsapp-image-2023-02-20-at-10.54.44.jpg 600w\" alt=\"Advogada \u00e9 morta a tiros dentro de carro ap\u00f3s deixar camarote no carnaval de Salvador \u2014 Foto: Redes Sociais\" width=\"869\" height=\"551\" \/><\/figure>\n<\/div>\n<p class=\"content-media__description \">Advogada \u00e9 morta a tiros dentro de carro ap\u00f3s deixar camarote no carnaval de Salvador \u2014 Foto: Redes Sociais<\/p>\n<\/div>\n<\/div>\n<\/div>\n<div id=\"chunk-8nvmp\">\n<div class=\"mc-column content-text active-extra-styles \" data-block-type=\"unstyled\" data-block-weight=\"40\" data-block-id=\"10\">\n<p class=\"content-text__container \" data-track-category=\"Link no Texto\" data-track-links=\"\">A fam\u00edlia da advogada informou ainda que ela foi atingida na regi\u00e3o da axila e reclamou que a v\u00edtima esperou cerca de 40 minutos por atendimento na UPA, que estaria fechada. A Secretaria Municipal de Sa\u00fade (SMS) nega a informa\u00e7\u00e3o.<\/p>\n<\/div>\n<\/div>\n<div id=\"chunk-9un8u\">\n<div class=\"mc-column content-text active-extra-styles \" data-block-type=\"unstyled\" data-block-weight=\"32\" data-block-id=\"12\">\n<p class=\"content-text__container \" data-track-category=\"Link no Texto\" data-track-links=\"\">Equipes da 23\u00aa Companhia Independente da Pol\u00edcia Militar (23\u00aa CIPM) fizeram rondas na regi\u00e3o, mas n\u00e3o encontraram os suspeitos. O crime \u00e9 investigado pelo Departamento de Homic\u00eddios e Prote\u00e7\u00e3o \u00e0 Pessoa (DHPP).<\/p>\n<\/div>\n<\/div>\n<div id=\"chunk-4njo2\">\n<div class=\"mc-column content-text active-extra-styles \" data-block-type=\"unstyled\" data-block-weight=\"21\" data-block-id=\"13\">\n<p class=\"content-text__container \" data-track-category=\"Link no Texto\" data-track-links=\"\">O corpo de Saadya Rosemberg ser\u00e1 enterrado na manh\u00e3 desta ter\u00e7a-feira (21), na cidade de Valen\u00e7a, no baixo sul do estado.<\/p>\n<\/div>\n<\/div>\n<div id=\"chunk-11e6j\">\n<div class=\"row medium-uncollapsed content-media content-photo\" data-block-type=\"backstage-photo\" data-block-id=\"14\">\n<div class=\"mc-column content-media__container\">\n<div class=\"content-media-container glb-skeleton-box\">\n<figure class=\"content-media-figure\"><img loading=\"lazy\" class=\"i-amphtml-fill-content i-amphtml-replaced-content\" src=\"https:\/\/s2.glbimg.com\/hk1WZQIyIZQeRPEVt3pdrcT0eMg=\/0x0:720x638\/984x0\/smart\/filters:strip_icc()\/i.s3.glbimg.com\/v1\/AUTH_59edd422c0c84a879bd37670ae4f538a\/internal_photos\/bs\/2023\/u\/s\/qdVYzYSHiB0R6yUHk7OA\/whatsapp-image-2023-02-20-at-10.44.22.jpg\" sizes=\"(max-width: 1366px) 648px, 100vw\" srcset=\"https:\/\/s2.glbimg.com\/KL2SgZqxZFZ8IY-KdB5OxryCZY0=\/0x0:720x638\/1000x0\/smart\/filters:strip_icc()\/i.s3.glbimg.com\/v1\/AUTH_59edd422c0c84a879bd37670ae4f538a\/internal_photos\/bs\/2023\/u\/s\/qdVYzYSHiB0R6yUHk7OA\/whatsapp-image-2023-02-20-at-10.44.22.jpg 1000w, https:\/\/s2.glbimg.com\/hk1WZQIyIZQeRPEVt3pdrcT0eMg=\/0x0:720x638\/984x0\/smart\/filters:strip_icc()\/i.s3.glbimg.com\/v1\/AUTH_59edd422c0c84a879bd37670ae4f538a\/internal_photos\/bs\/2023\/u\/s\/qdVYzYSHiB0R6yUHk7OA\/whatsapp-image-2023-02-20-at-10.44.22.jpg 984w, https:\/\/s2.glbimg.com\/USM5opDa5zjBtgGh7291hPFGsrM=\/0x0:720x638\/640x0\/smart\/filters:strip_icc()\/i.s3.glbimg.com\/v1\/AUTH_59edd422c0c84a879bd37670ae4f538a\/internal_photos\/bs\/2023\/u\/s\/qdVYzYSHiB0R6yUHk7OA\/whatsapp-image-2023-02-20-at-10.44.22.jpg 640w, https:\/\/s2.glbimg.com\/Vix6uuHJfwoQBuZxEMPCFSGf6zw=\/0x0:720x638\/600x0\/smart\/filters:strip_icc()\/i.s3.glbimg.com\/v1\/AUTH_59edd422c0c84a879bd37670ae4f538a\/internal_photos\/bs\/2023\/u\/s\/qdVYzYSHiB0R6yUHk7OA\/whatsapp-image-2023-02-20-at-10.44.22.jpg 600w\" alt=\"Advogada \u00e9 morta a tiros dentro de carro ap\u00f3s deixar camarote no carnaval de Salvador \u2014 Foto: Redes Sociais\" width=\"815\" height=\"722\" \/><\/figure>\n<\/div>\n<p class=\"content-media__description \">Advogada \u00e9 morta a tiros dentro de carro ap\u00f3s deixar camarote no carnaval de Salvador \u2014 Foto: Redes Sociais<\/p>\n<\/div>\n<\/div>\n<\/div>\n<\/div>\n<\/article>\n<\/div>\n","protected":false},"excerpt":{"rendered":"<p>Por g1 BA e TV Bahia Advogada \u00e9 morta a tiros dentro de carro ap\u00f3s deixar camarote no carnaval de Salvador \u2014 Foto: Reprodu\u00e7\u00e3o\/Redes Sociai A advogada Saadya Gomes Duarte Rosemberg, de 29 anos,\u00a0morta a tiros dentro de um carro depois de deixar um camarote\u00a0no circuito Dod\u00f4 (Barra-Ondina), em\u00a0Salvador, entrou em uma rua que fica [&hellip;]<\/p>\n","protected":false},"author":2,"featured_media":0,"comment_status":"open","ping_status":"open","sticky":false,"template":"","format":"standard","meta":{"_links_to":"","_links_to_target":""},"categories":[7,9,8,1],"tags":[],"_links":{"self":[{"href":"https:\/\/www.ilheusnoticias.net.br\/v1\/wp-json\/wp\/v2\/posts\/31072"}],"collection":[{"href":"https:\/\/www.ilheusnoticias.net.br\/v1\/wp-json\/wp\/v2\/posts"}],"about":[{"href":"https:\/\/www.ilheusnoticias.net.br\/v1\/wp-json\/wp\/v2\/types\/post"}],"author":[{"embeddable":true,"href":"https:\/\/www.ilheusnoticias.net.br\/v1\/wp-json\/wp\/v2\/users\/2"}],"replies":[{"embeddable":true,"href":"https:\/\/www.ilheusnoticias.net.br\/v1\/wp-json\/wp\/v2\/comments?post=31072"}],"version-history":[{"count":1,"href":"https:\/\/www.ilheusnoticias.net.br\/v1\/wp-json\/wp\/v2\/posts\/31072\/revisions"}],"predecessor-version":[{"id":31073,"href":"https:\/\/www.ilheusnoticias.net.br\/v1\/wp-json\/wp\/v2\/posts\/31072\/revisions\/31073"}],"wp:attachment":[{"href":"https:\/\/www.ilheusnoticias.net.br\/v1\/wp-json\/wp\/v2\/media?parent=31072"}],"wp:term":[{"taxonomy":"category","embeddable":true,"href":"https:\/\/www.ilheusnoticias.net.br\/v1\/wp-json\/wp\/v2\/categories?post=31072"},{"taxonomy":"post_tag","embeddable":true,"href":"https:\/\/www.ilheusnoticias.net.br\/v1\/wp-json\/wp\/v2\/tags?post=31072"}],"curies":[{"name":"wp","href":"https:\/\/api.w.org\/{rel}","templated":true}]}}