{"id":31068,"date":"2023-02-21T12:38:45","date_gmt":"2023-02-21T15:38:45","guid":{"rendered":"https:\/\/www.ilheusnoticias.net.br\/v1\/?p=31068"},"modified":"2023-02-21T12:38:45","modified_gmt":"2023-02-21T15:38:45","slug":"forca-tarefa-da-prefeitura-de-ilheus-segue-mobilizada-para-atender-ocorrencias-causadas-pelas-chuvas","status":"publish","type":"post","link":"https:\/\/www.ilheusnoticias.net.br\/v1\/2023\/02\/21\/forca-tarefa-da-prefeitura-de-ilheus-segue-mobilizada-para-atender-ocorrencias-causadas-pelas-chuvas\/","title":{"rendered":"For\u00e7a-tarefa da Prefeitura de Ilh\u00e9us segue mobilizada para atender ocorr\u00eancias causadas pelas chuvas"},"content":{"rendered":"<div class=\"imagem thumbnail col-xs-12 col-sm-8 col-md-6 col-lg-6 imagem-materia\"><a class=\"fresco\" title=\"\" href=\"https:\/\/portalfacilarquivos.blob.core.windows.net\/uploads\/ILHEUS\/imgOrig\/%7BEEE1ACAB-ABCA-D66C-5C31-1DEDCBAD340D%7D.jpg\" data-fresco-caption=\"\"><img loading=\"lazy\" title=\"\" src=\"https:\/\/portalfacilarquivos.blob.core.windows.net\/uploads\/ILHEUS\/img\/%7BEEE1ACAB-ABCA-D66C-5C31-1DEDCBAD340D%7D\/%7BEEE1ACAB-ABCA-D66C-5C31-1DEDCBAD340D%7D_650X450.jpg\" alt=\"defesa civil; chuvas\" width=\"650\" height=\"450\" \/><\/a><\/p>\n<p class=\"bg-primary\">\n<\/div>\n<p>Ilh\u00e9us, assim como outros munic\u00edpios da regi\u00e3o, foi atingido pelas fortes chuvas registradas na madrugada desta segunda-feira (20). Desde as primeiras horas, as equipes da Defesa Civil, com apoio do Corpo de Bombeiros Civil, est\u00e3o em campo para atender as ocorr\u00eancias solicitadas pela popula\u00e7\u00e3o. A maioria dos chamados \u00e9 referente a deslizamentos de terra, queda de muros e alagamentos.<\/p>\n<p>Conforme a Secretaria de Promo\u00e7\u00e3o Social e Combate \u00e0 Pobreza (SPS), at\u00e9 o momento, 15 fam\u00edlias residentes no bairro Nelson Costa precisaram deixar suas resid\u00eancias. A secretaria informa que realizou a visita domiciliar para levantamento das necessidades de cada fam\u00edlia atingida e posterior entrega de doa\u00e7\u00f5es.<\/p>\n<p>&nbsp;<\/p>\n<div class=\"imagem thumbnail col-xs-12 col-sm-8 col-md-6 col-lg-6 imagem-materia\"><a class=\"fresco\" title=\"\" href=\"https:\/\/portalfacilarquivos.blob.core.windows.net\/uploads\/ILHEUS\/imgOrig\/%7BA2AC62AB-301B-C3DC-E03D-57CB05EE3EEB%7D.jpg\" data-fresco-caption=\"\"><img loading=\"lazy\" title=\"\" src=\"https:\/\/portalfacilarquivos.blob.core.windows.net\/uploads\/ILHEUS\/img\/%7BA2AC62AB-301B-C3DC-E03D-57CB05EE3EEB%7D\/%7BA2AC62AB-301B-C3DC-E03D-57CB05EE3EEB%7D_650X450.jpg\" alt=\"defesa civil; chuvas\" width=\"650\" height=\"450\" \/><\/a><\/p>\n<p class=\"bg-primary\">\n<\/div>\n<p>A pasta esclarece que mesmo com a disponibiliza\u00e7\u00e3o do aluguel social, os moradores optaram por permanecer na casa de familiares e amigos. Os chamados tamb\u00e9m foram registrados nos bairros Banco da Vit\u00f3ria, Teot\u00f4nio Vilela, Hernani S\u00e1 e nos altos do Amparo e da Cascalheira. A Defesa Civil realiza visita t\u00e9cnica e coloca\u00e7\u00e3o de lona nos pontos mais cr\u00edticos.<\/p>\n<p><strong>Atendimento m\u00e9dico \u2013<\/strong>\u00a0A Secretaria de Sa\u00fade (Sesau) assegura atendimento de urg\u00eancia e emerg\u00eancia na rede p\u00fablica municipal, com assist\u00eancia m\u00e9dica 24 horas na UPA da Esperan\u00e7a; COCI e no PA da Zona Sul, bem como atrav\u00e9s do Servi\u00e7o de Atendimento M\u00f3vel de Urg\u00eancia (SAMU 192).<\/p>\n<p>&nbsp;<\/p>\n<div class=\"imagem thumbnail col-xs-12 col-sm-8 col-md-6 col-lg-6 imagem-materia\"><a class=\"fresco\" title=\"\" href=\"https:\/\/portalfacilarquivos.blob.core.windows.net\/uploads\/ILHEUS\/imgOrig\/%7BBADC2ED7-2C4E-C7D3-C4B3-6CDAE087C5DA%7D.jpg\" data-fresco-caption=\"\"><img loading=\"lazy\" title=\"\" src=\"https:\/\/portalfacilarquivos.blob.core.windows.net\/uploads\/ILHEUS\/img\/%7BBADC2ED7-2C4E-C7D3-C4B3-6CDAE087C5DA%7D\/%7BBADC2ED7-2C4E-C7D3-C4B3-6CDAE087C5DA%7D_650X450.jpg\" alt=\"defesa civil; chuvas\" width=\"650\" height=\"450\" \/><\/a><\/p>\n<p class=\"bg-primary\">\n<\/div>\n<p>&nbsp;<\/p>\n<p>\u201cEstamos enfrentando mais uma situa\u00e7\u00e3o delicada no munic\u00edpio, por\u00e9m as nossas equipes est\u00e3o mobilizadas e dando a resposta necess\u00e1ria para mitigar os danos. A nossa prioridade \u00e9 salvar vidas. Ent\u00e3o, s\u00e3o prestados atendimentos sociais e nas unidades de sa\u00fade, al\u00e9m de a\u00e7\u00f5es de preven\u00e7\u00e3o em \u00e1reas de risco&#8221;, destacou o prefeito M\u00e1rio Alexandre.<\/p>\n<p><strong>Acumulado\u00a0de chuva<\/strong><\/p>\n<p>Conforme comunicado emitido pelo Centro Nacional de Monitoramento e Alertas de Desastres Naturais (Cemaden), o acumulado de precipita\u00e7\u00f5es pode atingir 84\u00a0mil\u00edmetros at\u00e9 a pr\u00f3xima ter\u00e7a-feira (28).<\/p>\n<p>A Prefeitura orienta os moradores que se mantenham atentos, em suas resid\u00eancias, observando ind\u00edcios\u00a0como desagrega\u00e7\u00e3o de solos em encostas, sinais sonoros, fissuras e rachaduras em im\u00f3veis.<\/p>\n<p>Em caso de emerg\u00eancia, a popula\u00e7\u00e3o deve entrar em contato atrav\u00e9s do n\u00famero:\u00a0<strong>(73) 97400-3521 (Defesa Civil).<\/strong><\/p>\n","protected":false},"excerpt":{"rendered":"<p>Ilh\u00e9us, assim como outros munic\u00edpios da regi\u00e3o, foi atingido pelas fortes chuvas registradas na madrugada desta segunda-feira (20). Desde as primeiras horas, as equipes da Defesa Civil, com apoio do Corpo de Bombeiros Civil, est\u00e3o em campo para atender as ocorr\u00eancias solicitadas pela popula\u00e7\u00e3o. A maioria dos chamados \u00e9 referente a deslizamentos de terra, queda [&hellip;]<\/p>\n","protected":false},"author":2,"featured_media":0,"comment_status":"open","ping_status":"open","sticky":false,"template":"","format":"standard","meta":{"_links_to":"","_links_to_target":""},"categories":[7,9,8,1],"tags":[],"_links":{"self":[{"href":"https:\/\/www.ilheusnoticias.net.br\/v1\/wp-json\/wp\/v2\/posts\/31068"}],"collection":[{"href":"https:\/\/www.ilheusnoticias.net.br\/v1\/wp-json\/wp\/v2\/posts"}],"about":[{"href":"https:\/\/www.ilheusnoticias.net.br\/v1\/wp-json\/wp\/v2\/types\/post"}],"author":[{"embeddable":true,"href":"https:\/\/www.ilheusnoticias.net.br\/v1\/wp-json\/wp\/v2\/users\/2"}],"replies":[{"embeddable":true,"href":"https:\/\/www.ilheusnoticias.net.br\/v1\/wp-json\/wp\/v2\/comments?post=31068"}],"version-history":[{"count":1,"href":"https:\/\/www.ilheusnoticias.net.br\/v1\/wp-json\/wp\/v2\/posts\/31068\/revisions"}],"predecessor-version":[{"id":31069,"href":"https:\/\/www.ilheusnoticias.net.br\/v1\/wp-json\/wp\/v2\/posts\/31068\/revisions\/31069"}],"wp:attachment":[{"href":"https:\/\/www.ilheusnoticias.net.br\/v1\/wp-json\/wp\/v2\/media?parent=31068"}],"wp:term":[{"taxonomy":"category","embeddable":true,"href":"https:\/\/www.ilheusnoticias.net.br\/v1\/wp-json\/wp\/v2\/categories?post=31068"},{"taxonomy":"post_tag","embeddable":true,"href":"https:\/\/www.ilheusnoticias.net.br\/v1\/wp-json\/wp\/v2\/tags?post=31068"}],"curies":[{"name":"wp","href":"https:\/\/api.w.org\/{rel}","templated":true}]}}