{"id":31064,"date":"2023-02-20T13:39:55","date_gmt":"2023-02-20T16:39:55","guid":{"rendered":"https:\/\/www.ilheusnoticias.net.br\/v1\/?p=31064"},"modified":"2023-02-20T13:43:34","modified_gmt":"2023-02-20T16:43:34","slug":"ilheus-cancela-programacao-do-carnaval-cultura-devido-as-fortes-chuvas","status":"publish","type":"post","link":"https:\/\/www.ilheusnoticias.net.br\/v1\/2023\/02\/20\/ilheus-cancela-programacao-do-carnaval-cultura-devido-as-fortes-chuvas\/","title":{"rendered":"Ilh\u00e9us cancela programa\u00e7\u00e3o do Carnaval Cultura devido as fortes chuvas"},"content":{"rendered":"<header class=\"entry-header\">\n<div class=\"container-author\">\n<div class=\"entry-author\"><\/div>\n<\/div>\n<\/header>\n<div class=\"entry-content\">\n<div class=\"imagem thumbnail col-xs-12 col-sm-8 col-md-6 col-lg-6 imagem-materia\">\n<p class=\"bg-primary\"><img loading=\"lazy\" class=\"alignnone size-medium wp-image-119610\" src=\"https:\/\/reclameboca.com.br\/wp-content\/uploads\/2023\/02\/C04BCD7C-AAAA-C7D2-5B06-CC2DCD4A7A47-300x182.jpg\" sizes=\"(max-width: 300px) 100vw, 300px\" srcset=\"https:\/\/reclameboca.com.br\/wp-content\/uploads\/2023\/02\/C04BCD7C-AAAA-C7D2-5B06-CC2DCD4A7A47-300x182.jpg 300w, https:\/\/reclameboca.com.br\/wp-content\/uploads\/2023\/02\/C04BCD7C-AAAA-C7D2-5B06-CC2DCD4A7A47-1024x620.jpg 1024w, https:\/\/reclameboca.com.br\/wp-content\/uploads\/2023\/02\/C04BCD7C-AAAA-C7D2-5B06-CC2DCD4A7A47-768x465.jpg 768w, https:\/\/reclameboca.com.br\/wp-content\/uploads\/2023\/02\/C04BCD7C-AAAA-C7D2-5B06-CC2DCD4A7A47-1536x930.jpg 1536w, https:\/\/reclameboca.com.br\/wp-content\/uploads\/2023\/02\/C04BCD7C-AAAA-C7D2-5B06-CC2DCD4A7A47.jpg 1740w\" alt=\"\" width=\"300\" height=\"182\" \/><\/p>\n<\/div>\n<p>&nbsp;<\/p>\n<p>A Prefeitura de Ilh\u00e9us anunciou nesta segunda-feira (20) o cancelamento das festividades de Carnaval, devido \u00e0s fortes chuvas que atingem a cidade e regi\u00e3o.<\/p>\n<p>A programa\u00e7\u00e3o seguiria nesta segunda e ter\u00e7a-feira, 20 e 21 de fevereiro, com os tradicionais blocos de rua espalhados pelos bairros. Contudo, o mau tempo impediu a manuten\u00e7\u00e3o das atividades do Carnaval Cultural.<\/p>\n<p>Portanto, n\u00e3o haver\u00e1 desfile dos blocos, atra\u00e7\u00f5es musicais nem apresenta\u00e7\u00e3o de DJs. A administra\u00e7\u00e3o municipal destacou a import\u00e2ncia da preserva\u00e7\u00e3o da vida. As equipes da Defesa Civil j\u00e1 est\u00e3o em campo, atendendo as ocorr\u00eancias e prestando assist\u00eancia \u00e0s fam\u00edlias atingidas pelo temporal.<\/p>\n<\/div>\n","protected":false},"excerpt":{"rendered":"<p>&nbsp; A Prefeitura de Ilh\u00e9us anunciou nesta segunda-feira (20) o cancelamento das festividades de Carnaval, devido \u00e0s fortes chuvas que atingem a cidade e regi\u00e3o. A programa\u00e7\u00e3o seguiria nesta segunda e ter\u00e7a-feira, 20 e 21 de fevereiro, com os tradicionais blocos de rua espalhados pelos bairros. Contudo, o mau tempo impediu a manuten\u00e7\u00e3o das atividades [&hellip;]<\/p>\n","protected":false},"author":2,"featured_media":0,"comment_status":"open","ping_status":"open","sticky":false,"template":"","format":"standard","meta":{"_links_to":"","_links_to_target":""},"categories":[7,9,8,1],"tags":[],"_links":{"self":[{"href":"https:\/\/www.ilheusnoticias.net.br\/v1\/wp-json\/wp\/v2\/posts\/31064"}],"collection":[{"href":"https:\/\/www.ilheusnoticias.net.br\/v1\/wp-json\/wp\/v2\/posts"}],"about":[{"href":"https:\/\/www.ilheusnoticias.net.br\/v1\/wp-json\/wp\/v2\/types\/post"}],"author":[{"embeddable":true,"href":"https:\/\/www.ilheusnoticias.net.br\/v1\/wp-json\/wp\/v2\/users\/2"}],"replies":[{"embeddable":true,"href":"https:\/\/www.ilheusnoticias.net.br\/v1\/wp-json\/wp\/v2\/comments?post=31064"}],"version-history":[{"count":1,"href":"https:\/\/www.ilheusnoticias.net.br\/v1\/wp-json\/wp\/v2\/posts\/31064\/revisions"}],"predecessor-version":[{"id":31065,"href":"https:\/\/www.ilheusnoticias.net.br\/v1\/wp-json\/wp\/v2\/posts\/31064\/revisions\/31065"}],"wp:attachment":[{"href":"https:\/\/www.ilheusnoticias.net.br\/v1\/wp-json\/wp\/v2\/media?parent=31064"}],"wp:term":[{"taxonomy":"category","embeddable":true,"href":"https:\/\/www.ilheusnoticias.net.br\/v1\/wp-json\/wp\/v2\/categories?post=31064"},{"taxonomy":"post_tag","embeddable":true,"href":"https:\/\/www.ilheusnoticias.net.br\/v1\/wp-json\/wp\/v2\/tags?post=31064"}],"curies":[{"name":"wp","href":"https:\/\/api.w.org\/{rel}","templated":true}]}}