{"id":31062,"date":"2023-02-20T12:03:45","date_gmt":"2023-02-20T15:03:45","guid":{"rendered":"https:\/\/www.ilheusnoticias.net.br\/v1\/?p=31062"},"modified":"2023-02-20T12:03:45","modified_gmt":"2023-02-20T15:03:45","slug":"duas-pessoas-morrem-afogadas-em-praias-de-ilheus-e-marau-uma-das-vitimas-e-medico-com-mais-de-40-anos-de-atuacao","status":"publish","type":"post","link":"https:\/\/www.ilheusnoticias.net.br\/v1\/2023\/02\/20\/duas-pessoas-morrem-afogadas-em-praias-de-ilheus-e-marau-uma-das-vitimas-e-medico-com-mais-de-40-anos-de-atuacao\/","title":{"rendered":"Duas pessoas morrem afogadas em praias de Ilh\u00e9us e Mar\u00e1u; uma das v\u00edtimas \u00e9 m\u00e9dico com mais de 40 anos de atua\u00e7\u00e3o"},"content":{"rendered":"<div class=\"row content-head non-featured \">\n<div class=\"title\" data-block-type=\"title\" data-block-id=\"0\"><\/div>\n<div class=\"medium-centered subtitle\">\n<h2 class=\"content-head__subtitle\"><span style=\"font-size: 16px;\">Por 1 BA e TV Santa Cruz<\/span><\/h2>\n<\/div>\n<\/div>\n<div class=\"mc-article-body\">\n<article>\n<div id=\"chunk-96p3f\">\n<div class=\"row medium-uncollapsed content-media content-photo\" data-block-type=\"backstage-photo\" data-block-id=\"1\">\n<div class=\"mc-column content-media__container\">\n<div class=\"content-media-container glb-skeleton-box\">\n<figure class=\"content-media-figure\"><img loading=\"lazy\" class=\"i-amphtml-fill-content i-amphtml-replaced-content\" src=\"https:\/\/s2.glbimg.com\/D35M-0Wydez-7pUDB1y2XurrnlU=\/0x0:1138x693\/984x0\/smart\/filters:strip_icc()\/i.s3.glbimg.com\/v1\/AUTH_59edd422c0c84a879bd37670ae4f538a\/internal_photos\/bs\/2023\/T\/B\/Ce0tKkQgGEiJVb7tG7UA\/whatsapp-image-2023-02-20-at-09.11.00.jpeg\" sizes=\"(max-width: 1366px) 648px, 100vw\" srcset=\"https:\/\/s2.glbimg.com\/2Ky8qX9y_zyDnbRhm0crvOspfjg=\/0x0:1138x693\/1000x0\/smart\/filters:strip_icc()\/i.s3.glbimg.com\/v1\/AUTH_59edd422c0c84a879bd37670ae4f538a\/internal_photos\/bs\/2023\/T\/B\/Ce0tKkQgGEiJVb7tG7UA\/whatsapp-image-2023-02-20-at-09.11.00.jpeg 1000w, https:\/\/s2.glbimg.com\/D35M-0Wydez-7pUDB1y2XurrnlU=\/0x0:1138x693\/984x0\/smart\/filters:strip_icc()\/i.s3.glbimg.com\/v1\/AUTH_59edd422c0c84a879bd37670ae4f538a\/internal_photos\/bs\/2023\/T\/B\/Ce0tKkQgGEiJVb7tG7UA\/whatsapp-image-2023-02-20-at-09.11.00.jpeg 984w, https:\/\/s2.glbimg.com\/_o6Q_YNiBHwm7W9pwXj2w4FSSOk=\/0x0:1138x693\/640x0\/smart\/filters:strip_icc()\/i.s3.glbimg.com\/v1\/AUTH_59edd422c0c84a879bd37670ae4f538a\/internal_photos\/bs\/2023\/T\/B\/Ce0tKkQgGEiJVb7tG7UA\/whatsapp-image-2023-02-20-at-09.11.00.jpeg 640w, https:\/\/s2.glbimg.com\/ai2eiNr5HDIAJ443Y1nnmYQzs64=\/0x0:1138x693\/600x0\/smart\/filters:strip_icc()\/i.s3.glbimg.com\/v1\/AUTH_59edd422c0c84a879bd37670ae4f538a\/internal_photos\/bs\/2023\/T\/B\/Ce0tKkQgGEiJVb7tG7UA\/whatsapp-image-2023-02-20-at-09.11.00.jpeg 600w\" alt=\"Duas pessoas morrem afogadas em praias do sul da Bahia \u2014 Foto: Reprodu\u00e7\u00e3o\/TV Santa Cruz\" width=\"821\" height=\"500\" \/><\/figure>\n<\/div>\n<p class=\"content-media__description \">Duas pessoas morrem afogadas em praias do sul da Bahia \u2014 Foto: Reprodu\u00e7\u00e3o\/TV Santa Cruz<\/p>\n<\/div>\n<\/div>\n<\/div>\n<div class=\"wall protected-content\">\n<div class=\"mc-column content-text active-extra-styles\" data-block-type=\"raw\" data-block-weight=\"17\" data-block-id=\"4\">\n<p>&nbsp;<\/p>\n<\/div>\n<div id=\"chunk-3o8a7\">\n<div class=\"mc-column content-text active-extra-styles \" data-block-type=\"unstyled\" data-block-weight=\"50\" data-block-id=\"5\">\n<p class=\"content-text__container \" data-track-category=\"Link no Texto\" data-track-links=\"\">Na sexta-feira (17), o m\u00e9dico cl\u00ednico, com mais de 40 anos de atua\u00e7\u00e3o, Ant\u00f4nio Felisberto Carvalho S\u00e1 de Oliveira desapareceu ap\u00f3s entrar no mar para tomar um banho. O corpo da v\u00edtima foi encontrado no s\u00e1bado (18), perto de uma pedra na Praia do Mut\u00e1, em Barra Grande, em\u00a0<a href=\"https:\/\/g1.globo.com\/ba\/bahia\/cidade\/marau-ba\/\">Mara\u00fa<\/a>.<\/p>\n<\/div>\n<\/div>\n<div id=\"chunk-b05vq\">\n<div class=\"mc-column content-text active-extra-styles \" data-block-type=\"unstyled\" data-block-weight=\"35\" data-block-id=\"6\">\n<p class=\"content-text__container \" data-track-category=\"Link no Texto\" data-track-links=\"\">O segundo caso aconteceu no s\u00e1bado, na Praia dos Milion\u00e1rios, uma das mais frequentadas de\u00a0<a href=\"https:\/\/g1.globo.com\/ba\/bahia\/cidade\/ilheus\/\">Ilh\u00e9us<\/a>. Ednor Dias Fonseca J\u00fanior chegou a ser socorrido por equipes do Corpo de Bombeiros e salva-vidas, mas n\u00e3o resistiu.<\/p>\n<\/div>\n<\/div>\n<div id=\"chunk-c23dt\">\n<div class=\"mc-column content-text active-extra-styles \" data-block-type=\"unstyled\" data-block-weight=\"23\" data-block-id=\"8\">\n<p class=\"content-text__container \" data-track-category=\"Link no Texto\" data-track-links=\"\">Neste carnaval, a cidade de Ilh\u00e9us registrou uma ocupa\u00e7\u00e3o hoteleira de mais de 95%. A previs\u00e3o de chuva nesta segunda-feira (20), no munic\u00edpio.<\/p>\n<\/div>\n<\/div>\n<\/div>\n<\/article>\n<\/div>\n","protected":false},"excerpt":{"rendered":"<p>Por 1 BA e TV Santa Cruz Duas pessoas morrem afogadas em praias do sul da Bahia \u2014 Foto: Reprodu\u00e7\u00e3o\/TV Santa Cruz &nbsp; Na sexta-feira (17), o m\u00e9dico cl\u00ednico, com mais de 40 anos de atua\u00e7\u00e3o, Ant\u00f4nio Felisberto Carvalho S\u00e1 de Oliveira desapareceu ap\u00f3s entrar no mar para tomar um banho. O corpo da v\u00edtima [&hellip;]<\/p>\n","protected":false},"author":2,"featured_media":0,"comment_status":"open","ping_status":"open","sticky":false,"template":"","format":"standard","meta":{"_links_to":"","_links_to_target":""},"categories":[7,9,8,1],"tags":[],"_links":{"self":[{"href":"https:\/\/www.ilheusnoticias.net.br\/v1\/wp-json\/wp\/v2\/posts\/31062"}],"collection":[{"href":"https:\/\/www.ilheusnoticias.net.br\/v1\/wp-json\/wp\/v2\/posts"}],"about":[{"href":"https:\/\/www.ilheusnoticias.net.br\/v1\/wp-json\/wp\/v2\/types\/post"}],"author":[{"embeddable":true,"href":"https:\/\/www.ilheusnoticias.net.br\/v1\/wp-json\/wp\/v2\/users\/2"}],"replies":[{"embeddable":true,"href":"https:\/\/www.ilheusnoticias.net.br\/v1\/wp-json\/wp\/v2\/comments?post=31062"}],"version-history":[{"count":1,"href":"https:\/\/www.ilheusnoticias.net.br\/v1\/wp-json\/wp\/v2\/posts\/31062\/revisions"}],"predecessor-version":[{"id":31063,"href":"https:\/\/www.ilheusnoticias.net.br\/v1\/wp-json\/wp\/v2\/posts\/31062\/revisions\/31063"}],"wp:attachment":[{"href":"https:\/\/www.ilheusnoticias.net.br\/v1\/wp-json\/wp\/v2\/media?parent=31062"}],"wp:term":[{"taxonomy":"category","embeddable":true,"href":"https:\/\/www.ilheusnoticias.net.br\/v1\/wp-json\/wp\/v2\/categories?post=31062"},{"taxonomy":"post_tag","embeddable":true,"href":"https:\/\/www.ilheusnoticias.net.br\/v1\/wp-json\/wp\/v2\/tags?post=31062"}],"curies":[{"name":"wp","href":"https:\/\/api.w.org\/{rel}","templated":true}]}}