{"id":31060,"date":"2023-02-20T12:00:51","date_gmt":"2023-02-20T15:00:51","guid":{"rendered":"https:\/\/www.ilheusnoticias.net.br\/v1\/?p=31060"},"modified":"2023-02-20T12:00:51","modified_gmt":"2023-02-20T15:00:51","slug":"professora-e-morta-a-facadas-em-gandu-companheiro-da-vitima-e-suspeito-de-cometer-crime","status":"publish","type":"post","link":"https:\/\/www.ilheusnoticias.net.br\/v1\/2023\/02\/20\/professora-e-morta-a-facadas-em-gandu-companheiro-da-vitima-e-suspeito-de-cometer-crime\/","title":{"rendered":"Professora \u00e9 morta a facadas em Gandu ; companheiro da v\u00edtima \u00e9 suspeito de cometer crime"},"content":{"rendered":"<div class=\"row content-head non-featured \">\n<div class=\"title\" data-block-type=\"title\" data-block-id=\"0\">\n<h1 class=\"content-head__title\"><span style=\"font-size: 16px;\">Caso aconteceu na cidade de Gandu. Pol\u00edcia procura homem, que n\u00e3o aceitava fim de relacionamento de duas d\u00e9cadas.<\/span><\/h1>\n<\/div>\n<\/div>\n<div class=\"content__signa-share\">\n<div class=\"content__signature\">\n<div class=\"content-publication-data\">\n<div class=\"content-publication-data__text\">\n<p class=\"content-publication-data__from\" title=\"g1 BA e TV Santa Cruz\">Por g1 BA e TV Santa Cruz<\/p>\n<p class=\"content-publication-data__updated\">\n<\/div>\n<\/div>\n<\/div>\n<\/div>\n<div class=\"mc-article-body\">\n<article>\n<div id=\"chunk-efh5k\">\n<div class=\"row medium-uncollapsed content-media content-photo\" data-block-type=\"backstage-photo\" data-block-id=\"1\">\n<div class=\"mc-column content-media__container\">\n<div class=\"content-media-container glb-skeleton-box\">\n<figure class=\"content-media-figure\"><img loading=\"lazy\" class=\"i-amphtml-fill-content i-amphtml-replaced-content\" src=\"https:\/\/s2.glbimg.com\/ML3vOmrAMckp1eJ4YbHHrsGFm8I=\/0x0:728x728\/984x0\/smart\/filters:strip_icc()\/i.s3.glbimg.com\/v1\/AUTH_59edd422c0c84a879bd37670ae4f538a\/internal_photos\/bs\/2023\/q\/5\/PdgfwGSMihhLPKyW1WJA\/thumbnail-photo-2023-02-18-13-40-25.jpg\" sizes=\"(max-width: 1366px) 648px, 100vw\" srcset=\"https:\/\/s2.glbimg.com\/Fbn316ICq5cTS-Bz-ZiViJIp0N8=\/0x0:728x728\/1000x0\/smart\/filters:strip_icc()\/i.s3.glbimg.com\/v1\/AUTH_59edd422c0c84a879bd37670ae4f538a\/internal_photos\/bs\/2023\/q\/5\/PdgfwGSMihhLPKyW1WJA\/thumbnail-photo-2023-02-18-13-40-25.jpg 1000w, https:\/\/s2.glbimg.com\/ML3vOmrAMckp1eJ4YbHHrsGFm8I=\/0x0:728x728\/984x0\/smart\/filters:strip_icc()\/i.s3.glbimg.com\/v1\/AUTH_59edd422c0c84a879bd37670ae4f538a\/internal_photos\/bs\/2023\/q\/5\/PdgfwGSMihhLPKyW1WJA\/thumbnail-photo-2023-02-18-13-40-25.jpg 984w, https:\/\/s2.glbimg.com\/p5koqn-9PLuSSanOem1i4QQPfN4=\/0x0:728x728\/640x0\/smart\/filters:strip_icc()\/i.s3.glbimg.com\/v1\/AUTH_59edd422c0c84a879bd37670ae4f538a\/internal_photos\/bs\/2023\/q\/5\/PdgfwGSMihhLPKyW1WJA\/thumbnail-photo-2023-02-18-13-40-25.jpg 640w, https:\/\/s2.glbimg.com\/ZtEvlvQoGeLLbhrurOImS0wv8lM=\/0x0:728x728\/600x0\/smart\/filters:strip_icc()\/i.s3.glbimg.com\/v1\/AUTH_59edd422c0c84a879bd37670ae4f538a\/internal_photos\/bs\/2023\/q\/5\/PdgfwGSMihhLPKyW1WJA\/thumbnail-photo-2023-02-18-13-40-25.jpg 600w\" alt=\"Professora \u00e9 morta a facadas no sul da Bahia e companheiro \u00e9 suspeito de cometer crime \u2014 Foto: Redes Sociais\" width=\"866\" height=\"866\" \/><\/figure>\n<\/div>\n<p class=\"content-media__description \">Professora \u00e9 morta a facadas no sul da Bahia e companheiro \u00e9 suspeito de cometer crime \u2014 Foto: Redes Sociais<\/p>\n<\/div>\n<\/div>\n<\/div>\n<div id=\"chunk-4ik18\">\n<div class=\"mc-column mc-side-item__container\" data-block-type=\"ads\" data-block-id=\"2\">\n<div class=\"mc-side-item mc-side-item--right content-ads content-ads--side-ad\">\n<div id=\"banner_materia1\" class=\"tag-manager-publicidade-container tag-manager-publicidade-banner_materia1 tag-manager-publicidade-container--carregado tag-manager-publicidade-container--visivel\" data-google-query-id=\"CISvyLqupP0CFQK7lQId79INSQ\">\n<div id=\"google_ads_iframe_\/95377733\/tvg_G1\/Sua_Regiao&gt;Nordeste&gt;Bahia_0__container__\" style=\"box-sizing: inherit; margin: auto; padding: 0px; border: 0pt none; font: inherit; vertical-align: initial; text-align: center; width: 300px; height: 250px;\"><iframe id=\"google_ads_iframe_\/95377733\/tvg_G1\/Sua_Regiao&gt;Nordeste&gt;Bahia_0\" style=\"box-sizing: inherit; margin: 0px; padding: 0px; border: 0px; font: inherit; vertical-align: bottom;\" tabindex=\"0\" title=\"3rd party ad content\" role=\"region\" name=\"google_ads_iframe_\/95377733\/tvg_G1\/Sua_Regiao&gt;Nordeste&gt;Bahia_0\" width=\"300\" height=\"250\" frameborder=\"0\" marginwidth=\"0\" marginheight=\"0\" scrolling=\"no\" aria-label=\"Advertisement\" data-load-complete=\"true\" data-google-container-id=\"1\" data-mce-fragment=\"1\"><\/iframe><\/div>\n<\/div>\n<\/div>\n<\/div>\n<\/div>\n<div id=\"chunk-c9m5l\">\n<div class=\"mc-column content-text active-extra-styles \" data-block-type=\"unstyled\" data-block-weight=\"48\" data-block-id=\"3\">\n<p class=\"content-text__container \" data-track-category=\"Link no Texto\" data-track-links=\"\">A professora Aline dos Santos Souza, de 39 anos, foi morta a facadas na madrugada de s\u00e1bado (18), no bairro Teot\u00f4nio Calheira, na cidade de\u00a0<a href=\"https:\/\/g1.globo.com\/ba\/bahia\/cidade\/gandu\/\">Gandu<\/a>, no sul da Bahia. Segundo a Pol\u00edcia Civil, o companheiro dela, de 41, \u00e9 suspeito de cometer o crime e est\u00e1 foragido.<\/p>\n<\/div>\n<\/div>\n<div class=\"wall protected-content\">\n<div class=\"mc-column content-text active-extra-styles\" data-block-type=\"raw\" data-block-weight=\"17\" data-block-id=\"4\">\n<p class=\"content-text__container\">\n<ul class=\"content-unordered-list\">\n<li><strong>Mulheres v\u00edtimas de viol\u00eancia:<\/strong>\u00a0<a href=\"https:\/\/g1.globo.com\/ba\/bahia\/noticia\/2022\/07\/12\/mulheres-vitimas-de-violencia-confira-lista-de-servicos-de-apoio-juridico-e-psicologico-gratuitos-oferecidos-na-bahia.ghtml\">veja lista com servi\u00e7os de apoio jur\u00eddico e psicol\u00f3gico gratuitos oferecidos na Bahia<\/a><\/li>\n<\/ul>\n<p>&nbsp;<\/p>\n<\/div>\n<div id=\"chunk-d3es1\">\n<div class=\"mc-column content-text active-extra-styles \" data-block-type=\"unstyled\" data-block-weight=\"28\" data-block-id=\"5\">\n<p class=\"content-text__container \" data-track-category=\"Link no Texto\" data-track-links=\"\">Aline Souza foi encontrada sem vida dentro da casa em que morava. Uma crian\u00e7a de 9 anos, filha dos envolvidos, estava no local no momento do crime.<\/p>\n<\/div>\n<\/div>\n<div id=\"chunk-9un3e\">\n<div class=\"mc-column content-text active-extra-styles \" data-block-type=\"unstyled\" data-block-weight=\"31\" data-block-id=\"6\">\n<p class=\"content-text__container \" data-track-category=\"Link no Texto\" data-track-links=\"\">De acordo com as investiga\u00e7\u00f5es, o casal conviveu por duas d\u00e9cadas e passou por separa\u00e7\u00e3o conflituosa com hist\u00f3rico de agress\u00f5es por parte do suspeito, que n\u00e3o aceitava o t\u00e9rmino do relacionamento.<\/p>\n<\/div>\n<\/div>\n<div id=\"chunk-5nnc0\">\n<div class=\"content-ads content-ads--reveal\" data-block-type=\"ads\" data-block-id=\"7\">\n<div id=\"banner_materia2\" class=\"tag-manager-publicidade-container mc-has-reveal mc-has-ad-lazyload tag-manager-publicidade-banner_materia2 tag-manager-publicidade-container--carregado tag-manager-publicidade-container--visivel\" data-id=\"banner_materia2\" data-google-query-id=\"CKue5LyupP0CFbOzlQIdSjQOkg\">\n<div id=\"google_ads_iframe_\/95377733\/tvg_G1\/Sua_Regiao&gt;Nordeste&gt;Bahia_3__container__\" style=\"box-sizing: inherit; margin: auto; padding: 0px; border: 0pt none; font: inherit; vertical-align: initial; max-width: 100%; text-align: center; width: 970px; height: 150px;\"><iframe id=\"google_ads_iframe_\/95377733\/tvg_G1\/Sua_Regiao&gt;Nordeste&gt;Bahia_3\" style=\"box-sizing: inherit; margin: 0px; padding: 0px; border: 0px; font: inherit; vertical-align: bottom;\" tabindex=\"0\" title=\"3rd party ad content\" role=\"region\" name=\"google_ads_iframe_\/95377733\/tvg_G1\/Sua_Regiao&gt;Nordeste&gt;Bahia_3\" width=\"970\" height=\"150\" frameborder=\"0\" marginwidth=\"0\" marginheight=\"0\" scrolling=\"no\" aria-label=\"Advertisement\" data-load-complete=\"true\" data-google-container-id=\"5\" data-mce-fragment=\"1\"><\/iframe><\/div>\n<\/div>\n<\/div>\n<\/div>\n<div id=\"chunk-eqjr\">\n<div class=\"mc-column content-text active-extra-styles \" data-block-type=\"unstyled\" data-block-weight=\"28\" data-block-id=\"8\">\n<p class=\"content-text__container \" data-track-category=\"Link no Texto\" data-track-links=\"\">Segundo a pol\u00edcia, apesar do hist\u00f3rico de agress\u00f5es, n\u00e3o h\u00e1 registro de boletim de ocorr\u00eancia feito pela v\u00edtima contra o companheiro, que \u00e9 investigado pelo crime de feminic\u00eddio.<\/p>\n<\/div>\n<\/div>\n<div id=\"chunk-3v8qe\">\n<div class=\"mc-column content-text active-extra-styles \" data-block-type=\"unstyled\" data-block-weight=\"26\" data-block-id=\"9\">\n<p class=\"content-text__container \" data-track-category=\"Link no Texto\" data-track-links=\"\">A v\u00edtima, que morava em Gandu, deixa dois filhos, um de 9 e outro de 20 anos. Ela trabalhava como professora na cidade de\u00a0<a href=\"https:\/\/g1.globo.com\/ba\/bahia\/cidade\/nova-ibia\/\">Nova Ibi\u00e1<\/a>.<\/p>\n<\/div>\n<\/div>\n<\/div>\n<\/article>\n<\/div>\n","protected":false},"excerpt":{"rendered":"<p>Caso aconteceu na cidade de Gandu. Pol\u00edcia procura homem, que n\u00e3o aceitava fim de relacionamento de duas d\u00e9cadas. Por g1 BA e TV Santa Cruz Professora \u00e9 morta a facadas no sul da Bahia e companheiro \u00e9 suspeito de cometer crime \u2014 Foto: Redes Sociais A professora Aline dos Santos Souza, de 39 anos, foi [&hellip;]<\/p>\n","protected":false},"author":2,"featured_media":0,"comment_status":"open","ping_status":"open","sticky":false,"template":"","format":"standard","meta":{"_links_to":"","_links_to_target":""},"categories":[7,9,8,1],"tags":[],"_links":{"self":[{"href":"https:\/\/www.ilheusnoticias.net.br\/v1\/wp-json\/wp\/v2\/posts\/31060"}],"collection":[{"href":"https:\/\/www.ilheusnoticias.net.br\/v1\/wp-json\/wp\/v2\/posts"}],"about":[{"href":"https:\/\/www.ilheusnoticias.net.br\/v1\/wp-json\/wp\/v2\/types\/post"}],"author":[{"embeddable":true,"href":"https:\/\/www.ilheusnoticias.net.br\/v1\/wp-json\/wp\/v2\/users\/2"}],"replies":[{"embeddable":true,"href":"https:\/\/www.ilheusnoticias.net.br\/v1\/wp-json\/wp\/v2\/comments?post=31060"}],"version-history":[{"count":1,"href":"https:\/\/www.ilheusnoticias.net.br\/v1\/wp-json\/wp\/v2\/posts\/31060\/revisions"}],"predecessor-version":[{"id":31061,"href":"https:\/\/www.ilheusnoticias.net.br\/v1\/wp-json\/wp\/v2\/posts\/31060\/revisions\/31061"}],"wp:attachment":[{"href":"https:\/\/www.ilheusnoticias.net.br\/v1\/wp-json\/wp\/v2\/media?parent=31060"}],"wp:term":[{"taxonomy":"category","embeddable":true,"href":"https:\/\/www.ilheusnoticias.net.br\/v1\/wp-json\/wp\/v2\/categories?post=31060"},{"taxonomy":"post_tag","embeddable":true,"href":"https:\/\/www.ilheusnoticias.net.br\/v1\/wp-json\/wp\/v2\/tags?post=31060"}],"curies":[{"name":"wp","href":"https:\/\/api.w.org\/{rel}","templated":true}]}}