{"id":31058,"date":"2023-02-20T11:58:23","date_gmt":"2023-02-20T14:58:23","guid":{"rendered":"https:\/\/www.ilheusnoticias.net.br\/v1\/?p=31058"},"modified":"2023-02-20T11:58:23","modified_gmt":"2023-02-20T14:58:23","slug":"suspeita-de-participar-de-sequestro-de-crianca-para-ritual-e-presa-grupo-pretendia-curar-cancer-de-envolvida-no-crime","status":"publish","type":"post","link":"https:\/\/www.ilheusnoticias.net.br\/v1\/2023\/02\/20\/suspeita-de-participar-de-sequestro-de-crianca-para-ritual-e-presa-grupo-pretendia-curar-cancer-de-envolvida-no-crime\/","title":{"rendered":"Suspeita de participar de sequestro de crian\u00e7a para ritual \u00e9 presa; grupo pretendia curar c\u00e2ncer de envolvida no crime"},"content":{"rendered":"<div class=\"row content-head non-featured \">\n<div class=\"title\" data-block-type=\"title\" data-block-id=\"0\"><\/div>\n<div class=\"medium-centered subtitle\">\n<h2 class=\"content-head__subtitle\"><\/h2>\n<\/div>\n<\/div>\n<div class=\"content__signa-share\">\n<div class=\"content__signature\">\n<div class=\"content-publication-data\">\n<div class=\"content-publication-data__text\">\n<p class=\"content-publication-data__from\" title=\"g1 BA e TV Santa Cruz\">Por g1 BA e TV Santa Cruz<img loading=\"lazy\" class=\"i-amphtml-fill-content i-amphtml-replaced-content\" src=\"https:\/\/s2.glbimg.com\/Gw74KLSvjaUSGnd1qRLRqUUqzxE=\/0x0:930x605\/984x0\/smart\/filters:strip_icc()\/i.s3.glbimg.com\/v1\/AUTH_59edd422c0c84a879bd37670ae4f538a\/internal_photos\/bs\/2023\/z\/r\/Idv8o1SyO58xYoZiHVSg\/whatsapp-image-2023-02-20-at-08.42.24.jpeg\" sizes=\"(max-width: 1366px) 648px, 100vw\" srcset=\"https:\/\/s2.glbimg.com\/NgcO9QcRA0h_tO-rVev3hSnqSXo=\/0x0:930x605\/1000x0\/smart\/filters:strip_icc()\/i.s3.glbimg.com\/v1\/AUTH_59edd422c0c84a879bd37670ae4f538a\/internal_photos\/bs\/2023\/z\/r\/Idv8o1SyO58xYoZiHVSg\/whatsapp-image-2023-02-20-at-08.42.24.jpeg 1000w, https:\/\/s2.glbimg.com\/Gw74KLSvjaUSGnd1qRLRqUUqzxE=\/0x0:930x605\/984x0\/smart\/filters:strip_icc()\/i.s3.glbimg.com\/v1\/AUTH_59edd422c0c84a879bd37670ae4f538a\/internal_photos\/bs\/2023\/z\/r\/Idv8o1SyO58xYoZiHVSg\/whatsapp-image-2023-02-20-at-08.42.24.jpeg 984w, https:\/\/s2.glbimg.com\/2hwh2dBjiFxTssiVpERJq4gpvLU=\/0x0:930x605\/640x0\/smart\/filters:strip_icc()\/i.s3.glbimg.com\/v1\/AUTH_59edd422c0c84a879bd37670ae4f538a\/internal_photos\/bs\/2023\/z\/r\/Idv8o1SyO58xYoZiHVSg\/whatsapp-image-2023-02-20-at-08.42.24.jpeg 640w, https:\/\/s2.glbimg.com\/fVStY_CVnNEGPLpXoPfSluXlJ98=\/0x0:930x605\/600x0\/smart\/filters:strip_icc()\/i.s3.glbimg.com\/v1\/AUTH_59edd422c0c84a879bd37670ae4f538a\/internal_photos\/bs\/2023\/z\/r\/Idv8o1SyO58xYoZiHVSg\/whatsapp-image-2023-02-20-at-08.42.24.jpeg 600w\" alt=\"Suspeita de participar de sequestro de crian\u00e7a para ritual \u00e9 presa \u2014 Foto: Reprodu\u00e7\u00e3o\/TV Santa Cruz\" width=\"835\" height=\"543\" \/><\/p>\n<\/div>\n<\/div>\n<\/div>\n<\/div>\n<div class=\"mc-article-body\">\n<article>\n<div id=\"chunk-8gh3e\">\n<div class=\"row medium-uncollapsed content-media content-photo\" data-block-type=\"backstage-photo\" data-block-id=\"1\">\n<div class=\"mc-column content-media__container\">\n<p class=\"content-media__description \">Suspeita de participar de sequestro de crian\u00e7a para ritual \u00e9 presa \u2014 Foto: Reprodu\u00e7\u00e3o\/TV Santa Cruz<\/p>\n<\/div>\n<\/div>\n<\/div>\n<div id=\"chunk-8md11\">\n<div class=\"mc-column content-text active-extra-styles \" data-block-type=\"unstyled\" data-block-weight=\"70\" data-block-id=\"3\">\n<p class=\"content-text__container \" data-track-category=\"Link no Texto\" data-track-links=\"\">Uma mulher suspeita de participar de um\u00a0<a href=\"https:\/\/g1.globo.com\/ba\/bahia\/noticia\/2023\/01\/16\/mulher-e-presa-apos-sequestrar-recem-nascido-na-bahia-crianca-seria-entregue-a-homem-para-ritual.ghtml\">sequestro de uma crian\u00e7a,\u00a0<\/a>na cidade de\u00a0<a href=\"https:\/\/g1.globo.com\/ba\/bahia\/cidade\/caravelas\/\">Caravelas<\/a>, no sul da Bahia, foi presa no s\u00e1bado (18), no munic\u00edpio de Itamaraju, que fica no extremo sul do estado. O inqu\u00e9rito do caso foi conclu\u00eddo na \u00faltima semana e a pol\u00edcia descobriu que a\u00a0<a href=\"https:\/\/g1.globo.com\/ba\/bahia\/noticia\/2023\/02\/03\/policia-conclui-que-suspeitos-de-sequestrar-crianca-para-ritual-na-ba-pretendiam-curar-cancer-de-uma-das-envolvidas-no-crime.ghtml\">v\u00edtima seria usada em um ritual que pretendia curar o c\u00e2ncer\u00a0<\/a>de uma das quatro pessoas envolvidas no crime.<\/p>\n<\/div>\n<\/div>\n<div class=\"wall protected-content\">\n<div id=\"chunk-e6gtp\">\n<div class=\"mc-column content-text active-extra-styles \" data-block-type=\"unstyled\" data-block-weight=\"57\" data-block-id=\"4\">\n<p class=\"content-text__container \" data-track-category=\"Link no Texto\" data-track-links=\"\">O sequestro aconteceu no dia 14 de janeiro e uma mulher e um homem foram presos no dia 16 do mesmo m\u00eas. Eles foram identificados como Sthefany de Jesus Silva, de 25 anos, e Ailton Ferreira dos Santos, 53. O beb\u00ea sequestrado foi encontrado com eles,\u00a0<a href=\"https:\/\/g1.globo.com\/ba\/bahia\/noticia\/2023\/01\/16\/justica-mantem-prisao-de-mulher-e-homem-que-sequestraram-recem-nascido-para-ritual-na-bahia.ghtml\">dentro de uma mochila<\/a>, em um ponto de \u00f4nibus da cidade.<\/p>\n<\/div>\n<\/div>\n<div id=\"chunk-f1k0a\">\n<div class=\"content-ads content-ads--reveal\" data-block-type=\"ads\" data-block-id=\"5\">\n<div id=\"banner_materia2\" class=\"tag-manager-publicidade-container mc-has-reveal mc-has-ad-lazyload\" data-id=\"banner_materia2\">\n<div id=\"google_ads_iframe_\/95377733\/tvg_G1\/Sua_Regiao&gt;Nordeste&gt;Bahia_3__container__\" style=\"box-sizing: inherit; margin: auto; padding: 0px; border: 0pt none; font: inherit; vertical-align: initial; text-align: center; width: 970px; height: 0px;\"><\/div>\n<\/div>\n<\/div>\n<\/div>\n<div id=\"chunk-10ng3\">\n<div class=\"mc-column content-text active-extra-styles \" data-block-type=\"unstyled\" data-block-weight=\"36\" data-block-id=\"6\">\n<p class=\"content-text__container \" data-track-category=\"Link no Texto\" data-track-links=\"\">Segundo a pol\u00edcia, outras duas pessoas, de pronome Leila e Michelle, est\u00e3o envolvidas no caso. Leila, que foi presa no s\u00e1bado, teria participado do sequestro em Caravelas, enquanto Michelle seria a pessoa beneficiada pelo ritual.<\/p>\n<\/div>\n<\/div>\n<div id=\"chunk-bvouj\">\n<div class=\"mc-column content-text active-extra-styles \" data-block-type=\"unstyled\" data-block-weight=\"40\" data-block-id=\"7\">\n<p class=\"content-text__container \" data-track-category=\"Link no Texto\" data-track-links=\"\">Ainda de acordo com as investiga\u00e7\u00f5es, Sthefany era amea\u00e7ada por Michelle para encontrar a crian\u00e7a ideal para o ritual. Ela chegou a mandar fotos de crian\u00e7as de outra cidade para a mulher, que rejeitou os beb\u00eas porque queria um rec\u00e9m-nascido.<\/p>\n<\/div>\n<\/div>\n<div id=\"chunk-cmnrs\">\n<div class=\"mc-column content-text active-extra-styles \" data-block-type=\"unstyled\" data-block-weight=\"23\" data-block-id=\"8\">\n<p class=\"content-text__container \" data-track-category=\"Link no Texto\" data-track-links=\"\">Al\u00e9m deste caso, a pol\u00edcia informou que investiga outra situa\u00e7\u00e3o de desaparecimento envolvendo Michelle como suspeita. N\u00e3o h\u00e1 detalhes sobre o caso.<\/p>\n<\/div>\n<\/div>\n<\/div>\n<\/article>\n<\/div>\n","protected":false},"excerpt":{"rendered":"<p>Por g1 BA e TV Santa Cruz Suspeita de participar de sequestro de crian\u00e7a para ritual \u00e9 presa \u2014 Foto: Reprodu\u00e7\u00e3o\/TV Santa Cruz Uma mulher suspeita de participar de um\u00a0sequestro de uma crian\u00e7a,\u00a0na cidade de\u00a0Caravelas, no sul da Bahia, foi presa no s\u00e1bado (18), no munic\u00edpio de Itamaraju, que fica no extremo sul do estado. [&hellip;]<\/p>\n","protected":false},"author":2,"featured_media":0,"comment_status":"open","ping_status":"open","sticky":false,"template":"","format":"standard","meta":{"_links_to":"","_links_to_target":""},"categories":[7,9,8,1],"tags":[],"_links":{"self":[{"href":"https:\/\/www.ilheusnoticias.net.br\/v1\/wp-json\/wp\/v2\/posts\/31058"}],"collection":[{"href":"https:\/\/www.ilheusnoticias.net.br\/v1\/wp-json\/wp\/v2\/posts"}],"about":[{"href":"https:\/\/www.ilheusnoticias.net.br\/v1\/wp-json\/wp\/v2\/types\/post"}],"author":[{"embeddable":true,"href":"https:\/\/www.ilheusnoticias.net.br\/v1\/wp-json\/wp\/v2\/users\/2"}],"replies":[{"embeddable":true,"href":"https:\/\/www.ilheusnoticias.net.br\/v1\/wp-json\/wp\/v2\/comments?post=31058"}],"version-history":[{"count":1,"href":"https:\/\/www.ilheusnoticias.net.br\/v1\/wp-json\/wp\/v2\/posts\/31058\/revisions"}],"predecessor-version":[{"id":31059,"href":"https:\/\/www.ilheusnoticias.net.br\/v1\/wp-json\/wp\/v2\/posts\/31058\/revisions\/31059"}],"wp:attachment":[{"href":"https:\/\/www.ilheusnoticias.net.br\/v1\/wp-json\/wp\/v2\/media?parent=31058"}],"wp:term":[{"taxonomy":"category","embeddable":true,"href":"https:\/\/www.ilheusnoticias.net.br\/v1\/wp-json\/wp\/v2\/categories?post=31058"},{"taxonomy":"post_tag","embeddable":true,"href":"https:\/\/www.ilheusnoticias.net.br\/v1\/wp-json\/wp\/v2\/tags?post=31058"}],"curies":[{"name":"wp","href":"https:\/\/api.w.org\/{rel}","templated":true}]}}