{"id":31055,"date":"2023-02-20T11:51:07","date_gmt":"2023-02-20T14:51:07","guid":{"rendered":"https:\/\/www.ilheusnoticias.net.br\/v1\/?p=31055"},"modified":"2023-02-20T11:51:07","modified_gmt":"2023-02-20T14:51:07","slug":"carnaval-em-ilheus-prefeito-se-une-a-folioes-e-prestigia-desfile-do-bloco-ze-pereira-no-pontal","status":"publish","type":"post","link":"https:\/\/www.ilheusnoticias.net.br\/v1\/2023\/02\/20\/carnaval-em-ilheus-prefeito-se-une-a-folioes-e-prestigia-desfile-do-bloco-ze-pereira-no-pontal\/","title":{"rendered":"Carnaval em Ilh\u00e9us: prefeito se une a foli\u00f5es e prestigia desfile do Bloco Z\u00e9 Pereira no Pontal"},"content":{"rendered":"<div class=\"imagem thumbnail col-xs-12 col-sm-8 col-md-6 col-lg-6 imagem-materia\"><a class=\"fresco\" title=\"\" href=\"https:\/\/portalfacilarquivos.blob.core.windows.net\/uploads\/ILHEUS\/imgOrig\/%7B8C2E711A-C3C2-BEAE-BA7D-80438AD31C24%7D.jpg\" data-fresco-caption=\"\"><img loading=\"lazy\" title=\"\" src=\"https:\/\/portalfacilarquivos.blob.core.windows.net\/uploads\/ILHEUS\/img\/%7B8C2E711A-C3C2-BEAE-BA7D-80438AD31C24%7D\/%7B8C2E711A-C3C2-BEAE-BA7D-80438AD31C24%7D_650X450.jpg\" alt=\"Z\u00e9 Pereira; carnaval; carnaval cultural\" width=\"650\" height=\"450\" \/><\/a><\/p>\n<p class=\"bg-primary\">Embalada pela alegria e irrever\u00eancia carnavalesca, uma multid\u00e3o invadiu as ruas do Pontal e participou do tradicional bloco Z\u00e9 Pereira, na madrugada deste s\u00e1bado (18). Reunindo fam\u00edlias e amigos h\u00e1 quatro d\u00e9cadas, o bloco iniciou o esperado desfile \u00e0 meia-noite, com foli\u00f5es de todos os cantos da cidade e turistas. O prefeito M\u00e1rio Alexandre e o vice-prefeito Bebeto Galv\u00e3o tamb\u00e9m marcaram presen\u00e7a em uma das festas mais queridas de Ilh\u00e9us.<\/p>\n<\/div>\n<p>M\u00e1rio Alexandre participa h\u00e1 15 anos do tradicional bloco de rua. &#8220;Mais um ano de Z\u00e9 Pereira, mais um ano de resgate da nossa cultura. Reviver o carnaval por esses bairros \u00e9 mais uma oportunidade de reviver a nossa hist\u00f3ria, a inf\u00e2ncia, adolesc\u00eancia e hoje esse bloco est\u00e1 no cora\u00e7\u00e3o da gente. Exemplo de uma festa de comunidade, onde todos brincam e se divertem. Podemos ver as fam\u00edlias e amigos dan\u00e7ando com muita tranquilidade\u201d, destacou o gestor.<\/p>\n<p>&nbsp;<\/p>\n<div class=\"imagem thumbnail col-xs-12 col-sm-8 col-md-6 col-lg-6 imagem-materia\"><a class=\"fresco\" title=\"\" href=\"https:\/\/portalfacilarquivos.blob.core.windows.net\/uploads\/ILHEUS\/imgOrig\/%7BEA6B0CE8-651D-CCBB-BCC4-5E5ED47AE0AC%7D.jpg\" data-fresco-caption=\"\"><img loading=\"lazy\" title=\"\" src=\"https:\/\/portalfacilarquivos.blob.core.windows.net\/uploads\/ILHEUS\/img\/%7BEA6B0CE8-651D-CCBB-BCC4-5E5ED47AE0AC%7D\/%7BEA6B0CE8-651D-CCBB-BCC4-5E5ED47AE0AC%7D_650X450.jpg\" alt=\"Z\u00e9 Pereira; carnaval; carnaval cultural\" width=\"650\" height=\"450\" \/><\/a><\/p>\n<p class=\"bg-primary\">\n<\/div>\n<p>&nbsp;<\/p>\n<p>Durante o percurso, cores, fantasias, confetes e muita m\u00fasica tomaram conta da multid\u00e3o. Quem participou pela primeira vez do Z\u00e9 Pereira foi Jo\u00e3o Souza Lima, de 48 anos, morador do estado de Sergipe. &#8220;Vim acompanhado de uma amiga e confesso que gostei bastante do bloco. Muita alegria e uma verdadeira festa em fam\u00edlia&#8221;, contou animado.<\/p>\n<p>Sem a realiza\u00e7\u00e3o do carnaval nos \u00faltimos dois anos devido \u00e0 pandemia, muitos foli\u00f5es sentiram falta dos blocos nas ruas e comemoraram o retorno da festa, como foi o caso da comerciante Renata Brito, de 34 anos. &#8220;Estava com saudade dessa multid\u00e3o, das marchinhas e de toda essa energia boa. Eu amo desfilar, amo o bloco Z\u00e9 Pereira e sou apaixonada pelo Carnaval. Agora posso dizer que o ano finalmente come\u00e7ou\u201d, comemorou.<\/p>\n<p>&nbsp;<\/p>\n<div class=\"imagem thumbnail col-xs-12 col-sm-8 col-md-6 col-lg-6 imagem-materia\"><a class=\"fresco\" title=\"\" href=\"https:\/\/portalfacilarquivos.blob.core.windows.net\/uploads\/ILHEUS\/imgOrig\/%7BE21AA2DE-ABA4-C34D-A83D-6ECECBCAA4AA%7D.jpg\" data-fresco-caption=\"\"><img loading=\"lazy\" title=\"\" src=\"https:\/\/portalfacilarquivos.blob.core.windows.net\/uploads\/ILHEUS\/img\/%7BE21AA2DE-ABA4-C34D-A83D-6ECECBCAA4AA%7D\/%7BE21AA2DE-ABA4-C34D-A83D-6ECECBCAA4AA%7D_650X450.jpg\" alt=\"Z\u00e9 Pereira; carnaval; carnaval cultural\" width=\"650\" height=\"450\" \/><\/a><\/p>\n<p class=\"bg-primary\">\n<\/div>\n<p>&nbsp;<\/p>\n<p><strong>Tradi\u00e7\u00e3o nas ruas \u2013<\/strong>\u00a0Considerada uma das agremia\u00e7\u00f5es mais tradicionais da cidade de Ilh\u00e9us, o bloco Z\u00e9 Pereira criou uma forma de resgatar os antigos cortejos carnavalescos. No in\u00edcio, os participantes do grupo sa\u00edam do ent\u00e3o famoso e frequentado Clube do Pontal ap\u00f3s os bailes, mas queriam continuar a festa de Carnaval. Os fundadores lembram ainda que tudo come\u00e7ou como uma brincadeira entre os moradores.<\/p>\n<p>Contam ainda que os primeiros foli\u00f5es pegavam colheres de pau para bater nas panelas. O ritual da \u00e9poca era percorrer as ruas fazendo muito barulho. Os anos se passaram e o Bloco Z\u00e9 Pereira se tornou um cl\u00e1ssico no Carnaval de Ilh\u00e9us.<\/p>\n<p>&nbsp;<\/p>\n<div class=\"imagem thumbnail col-xs-12 col-sm-8 col-md-6 col-lg-6 imagem-materia\"><a class=\"fresco\" title=\"\" href=\"https:\/\/portalfacilarquivos.blob.core.windows.net\/uploads\/ILHEUS\/imgOrig\/%7B8DD43BED-ED83-E7D2-1AAC-136EEB80A4EE%7D.jpg\" data-fresco-caption=\"\"><img loading=\"lazy\" title=\"\" src=\"https:\/\/portalfacilarquivos.blob.core.windows.net\/uploads\/ILHEUS\/img\/%7B8DD43BED-ED83-E7D2-1AAC-136EEB80A4EE%7D\/%7B8DD43BED-ED83-E7D2-1AAC-136EEB80A4EE%7D_650X450.jpg\" alt=\"bloco z\u00e9 pereira; carnaval; carnaval cultural\" width=\"650\" height=\"450\" \/><\/a><\/p>\n<p class=\"bg-primary\">\n<\/div>\n<p><strong>A festa continua &#8211;<\/strong>\u00a0Confira a programa\u00e7\u00e3o dos blocos em outros pontos da cidade.<\/p>\n<p>18 a 21\/02 \u2013 Carnaval do Pontal (Seca Copo; Parado na Pra\u00e7a; Carnaval na Cidade e Grito de Carnaval);<\/p>\n<p>18\/02 \u2013 Bloco Nossa Senhora da Vit\u00f3ria<\/p>\n<p>18 a 20\/02 \u2013 Carnaval do Malhado (Litor\u00e2nea Norte);<\/p>\n<p>18 a 21\/02 \u2013 Carnaval Hernani S\u00e1 e Folia e Alegria;<\/p>\n<p>18 a 21\/02 &#8211; em Oliven\u00e7a &#8211; Bloco Diga Vai; show com a Banda Top Gan; Bloco Pula Corno; Bloco Maria Ful\u00f4; show com T\u00e1ssio Freitas; Bloco Bonde do Au Au; show com a Banda Cart\u00e3o Postal e Bloco Treme Treme;<\/p>\n<p>19\/02 \u2013 Bloco Bob Esponja (Conquista);<\/p>\n<p>19\/02 \u2013 20 Comer, \u00e0s 15h (Avenida Princesa Isabel);<\/p>\n<p>19\/02 \u2013 Bloco Os Caretas (Pra\u00e7a do Cacau\/Avenida Soares Lopes);<\/p>\n<p>19\/02 \u2013 Bloco Agora Goxtei (Viaduto\/Avenida Soares Lopes);<\/p>\n<p>20\/02 &#8211; Carnaval da Ponta da Tulha;<\/p>\n<p>20\/02 \u2013 Bloco Pula Corno e as Santinhas (Morada do Porto);<\/p>\n<p>21\/02 \u2013 Chap\u00e9u de Couro, \u00e0s 15h (Nelson Costa)<\/p>\n","protected":false},"excerpt":{"rendered":"<p>Embalada pela alegria e irrever\u00eancia carnavalesca, uma multid\u00e3o invadiu as ruas do Pontal e participou do tradicional bloco Z\u00e9 Pereira, na madrugada deste s\u00e1bado (18). Reunindo fam\u00edlias e amigos h\u00e1 quatro d\u00e9cadas, o bloco iniciou o esperado desfile \u00e0 meia-noite, com foli\u00f5es de todos os cantos da cidade e turistas. O prefeito M\u00e1rio Alexandre e [&hellip;]<\/p>\n","protected":false},"author":2,"featured_media":0,"comment_status":"open","ping_status":"open","sticky":false,"template":"","format":"standard","meta":{"_links_to":"","_links_to_target":""},"categories":[7,9,8,1],"tags":[],"_links":{"self":[{"href":"https:\/\/www.ilheusnoticias.net.br\/v1\/wp-json\/wp\/v2\/posts\/31055"}],"collection":[{"href":"https:\/\/www.ilheusnoticias.net.br\/v1\/wp-json\/wp\/v2\/posts"}],"about":[{"href":"https:\/\/www.ilheusnoticias.net.br\/v1\/wp-json\/wp\/v2\/types\/post"}],"author":[{"embeddable":true,"href":"https:\/\/www.ilheusnoticias.net.br\/v1\/wp-json\/wp\/v2\/users\/2"}],"replies":[{"embeddable":true,"href":"https:\/\/www.ilheusnoticias.net.br\/v1\/wp-json\/wp\/v2\/comments?post=31055"}],"version-history":[{"count":1,"href":"https:\/\/www.ilheusnoticias.net.br\/v1\/wp-json\/wp\/v2\/posts\/31055\/revisions"}],"predecessor-version":[{"id":31056,"href":"https:\/\/www.ilheusnoticias.net.br\/v1\/wp-json\/wp\/v2\/posts\/31055\/revisions\/31056"}],"wp:attachment":[{"href":"https:\/\/www.ilheusnoticias.net.br\/v1\/wp-json\/wp\/v2\/media?parent=31055"}],"wp:term":[{"taxonomy":"category","embeddable":true,"href":"https:\/\/www.ilheusnoticias.net.br\/v1\/wp-json\/wp\/v2\/categories?post=31055"},{"taxonomy":"post_tag","embeddable":true,"href":"https:\/\/www.ilheusnoticias.net.br\/v1\/wp-json\/wp\/v2\/tags?post=31055"}],"curies":[{"name":"wp","href":"https:\/\/api.w.org\/{rel}","templated":true}]}}