{"id":31050,"date":"2023-02-17T11:47:32","date_gmt":"2023-02-17T14:47:32","guid":{"rendered":"https:\/\/www.ilheusnoticias.net.br\/v1\/?p=31050"},"modified":"2023-02-17T11:47:32","modified_gmt":"2023-02-17T14:47:32","slug":"governo-do-estado-da-bahia-convoca-924-aprovados-do-concurso-da-policia-civil-para-os-exames-pre-admissionais","status":"publish","type":"post","link":"https:\/\/www.ilheusnoticias.net.br\/v1\/2023\/02\/17\/governo-do-estado-da-bahia-convoca-924-aprovados-do-concurso-da-policia-civil-para-os-exames-pre-admissionais\/","title":{"rendered":"Governo do Estado da Bahia convoca 924 aprovados do concurso da Pol\u00edcia Civil para os exames pr\u00e9-admissionais"},"content":{"rendered":"<div class=\"Post\">\n<div class=\"Post-body\">\n<div class=\"Post-inner article\">\n<div class=\"PostFooterIcons metadata-icons\">\n<div align=\"center\"><\/div>\n<\/div>\n<\/div>\n<\/div>\n<\/div>\n<div class=\"Post\">\n<div class=\"Post-body\">\n<div class=\"Post-inner article\">\n<h2 class=\"PostHeaderIcon-wrapper\"><img src=\"http:\/\/www.blogdothame.blog.br\/v1\/wp-content\/uploads\/2023\/01\/policia-civil-300x225.jpg\" \/><\/h2>\n<div class=\"PostContent\">\n<p>A Pol\u00edcia Civil da Bahia convoca para os exames pr\u00e9-admissionais os 924 (novecentos e vinte e quatro) candidatos aprovados no Concurso SAEB n\u00b0 02\/2022 para o provimento dos cargos de Delegado, Escriv\u00e3o e Investigador de Pol\u00edcia Civil. A rela\u00e7\u00e3o dos aprovados e demais informa\u00e7\u00f5es est\u00e3o no Edital de Convoca\u00e7\u00e3o, publicado no Di\u00e1rio Oficial do Estado desta sexta-feira (17).<\/p>\n<p>Os aprovados devem comparecer, no per\u00edodo de 29.03.2023 a 31.03.2023, das 6h \u00e0s 19h, na Academia da Pol\u00edcia Militar (Vila Militar de Dendezeiros) para a realiza\u00e7\u00e3o dos testes de aptid\u00e3o f\u00edsica. J\u00e1 a realiza\u00e7\u00e3o dos exames m\u00e9dicos e a entrega da documenta\u00e7\u00e3o de investiga\u00e7\u00e3o social e conduta pessoal ser\u00e1 entre os dias 29.05.2023 e 02.06.2023. Por fim, os exames psicol\u00f3gicos ser\u00e3o realizados nos dias 22 e 23.07.2023. Cada uma destas etapas ser\u00e1 precedida da publica\u00e7\u00e3o de edital de convoca\u00e7\u00e3o, trazendo todos os esclarecimentos necess\u00e1rios aos candidatos.<\/p>\n<p>A convoca\u00e7\u00e3o traz a rela\u00e7\u00e3o dos aprovados na ampla concorr\u00eancia, nas cotas raciais e entre os candidatos com defici\u00eancia. O candidato que n\u00e3o atender a estas convoca\u00e7\u00f5es, todas de car\u00e1ter eliminat\u00f3rio, na forma e prazo determinado, seja qualquer o motivo alegado, perder\u00e1 o direito a nomea\u00e7\u00e3o.<\/p>\n<\/div>\n<\/div>\n<\/div>\n<\/div>\n","protected":false},"excerpt":{"rendered":"<p>A Pol\u00edcia Civil da Bahia convoca para os exames pr\u00e9-admissionais os 924 (novecentos e vinte e quatro) candidatos aprovados no Concurso SAEB n\u00b0 02\/2022 para o provimento dos cargos de Delegado, Escriv\u00e3o e Investigador de Pol\u00edcia Civil. A rela\u00e7\u00e3o dos aprovados e demais informa\u00e7\u00f5es est\u00e3o no Edital de Convoca\u00e7\u00e3o, publicado no Di\u00e1rio Oficial do Estado [&hellip;]<\/p>\n","protected":false},"author":2,"featured_media":0,"comment_status":"open","ping_status":"open","sticky":false,"template":"","format":"standard","meta":{"_links_to":"","_links_to_target":""},"categories":[7,9,8,1],"tags":[],"_links":{"self":[{"href":"https:\/\/www.ilheusnoticias.net.br\/v1\/wp-json\/wp\/v2\/posts\/31050"}],"collection":[{"href":"https:\/\/www.ilheusnoticias.net.br\/v1\/wp-json\/wp\/v2\/posts"}],"about":[{"href":"https:\/\/www.ilheusnoticias.net.br\/v1\/wp-json\/wp\/v2\/types\/post"}],"author":[{"embeddable":true,"href":"https:\/\/www.ilheusnoticias.net.br\/v1\/wp-json\/wp\/v2\/users\/2"}],"replies":[{"embeddable":true,"href":"https:\/\/www.ilheusnoticias.net.br\/v1\/wp-json\/wp\/v2\/comments?post=31050"}],"version-history":[{"count":1,"href":"https:\/\/www.ilheusnoticias.net.br\/v1\/wp-json\/wp\/v2\/posts\/31050\/revisions"}],"predecessor-version":[{"id":31051,"href":"https:\/\/www.ilheusnoticias.net.br\/v1\/wp-json\/wp\/v2\/posts\/31050\/revisions\/31051"}],"wp:attachment":[{"href":"https:\/\/www.ilheusnoticias.net.br\/v1\/wp-json\/wp\/v2\/media?parent=31050"}],"wp:term":[{"taxonomy":"category","embeddable":true,"href":"https:\/\/www.ilheusnoticias.net.br\/v1\/wp-json\/wp\/v2\/categories?post=31050"},{"taxonomy":"post_tag","embeddable":true,"href":"https:\/\/www.ilheusnoticias.net.br\/v1\/wp-json\/wp\/v2\/tags?post=31050"}],"curies":[{"name":"wp","href":"https:\/\/api.w.org\/{rel}","templated":true}]}}