{"id":31044,"date":"2023-02-17T11:40:39","date_gmt":"2023-02-17T14:40:39","guid":{"rendered":"https:\/\/www.ilheusnoticias.net.br\/v1\/?p=31044"},"modified":"2023-02-17T11:40:39","modified_gmt":"2023-02-17T14:40:39","slug":"reuniao-discute-planejamento-do-carnaval-cultural-de-ilheus-e-acoes-de-seguranca","status":"publish","type":"post","link":"https:\/\/www.ilheusnoticias.net.br\/v1\/2023\/02\/17\/reuniao-discute-planejamento-do-carnaval-cultural-de-ilheus-e-acoes-de-seguranca\/","title":{"rendered":"Reuni\u00e3o discute planejamento do Carnaval  Cultural de Ilh\u00e9us e a\u00e7\u00f5es de seguran\u00e7a"},"content":{"rendered":"<div class=\"imagem thumbnail col-xs-12 col-sm-8 col-md-6 col-lg-6 imagem-materia\"><a class=\"fresco\" title=\"\" href=\"https:\/\/portalfacilarquivos.blob.core.windows.net\/uploads\/ILHEUS\/imgOrig\/%7B74D7AAC0-6BDD-ADAB-7E42-D8EA4AAAEEBA%7D.jpg\" data-fresco-caption=\"\"><img loading=\"lazy\" title=\"\" src=\"https:\/\/portalfacilarquivos.blob.core.windows.net\/uploads\/ILHEUS\/img\/%7B74D7AAC0-6BDD-ADAB-7E42-D8EA4AAAEEBA%7D\/%7B74D7AAC0-6BDD-ADAB-7E42-D8EA4AAAEEBA%7D_650X450.jpg\" alt=\"reuni\u00e3o; carnaval cultural 2023\" width=\"650\" height=\"450\" \/><\/a><\/p>\n<p class=\"bg-primary\">\u00a0Prefeitura de Ilh\u00e9us promoveu nesta quinta-feira (16) uma reuni\u00e3o de alinhamento para garantir a seguran\u00e7a dos foli\u00f5es durante o Carnaval Cultural, realizado nos bairros. O encontro aconteceu no Centro Administrativo da Conquista com a presen\u00e7a de membros da Pol\u00edcia Militar da Bahia (PMBA). Durante o encontro, ficou acordado a\u00e7\u00f5es conjuntas para refor\u00e7ar o n\u00famero de agentes da Guarda Municipal e PM.<\/p>\n<\/div>\n<p>A Sutram ser\u00e1 respons\u00e1vel por fiscalizar o tr\u00e2nsito e interditar vias para passagem dos blocos, caso haja necessidade. \u201cA pedido do prefeito M\u00e1rio Alexandre, nos reunimos para realizar um planejamento integrado e proporcionar \u00e0 popula\u00e7\u00e3o de Ilh\u00e9us e turistas tranquilidade e seguran\u00e7a durante o Carnaval Cultural\u201d, disse Valci Serpa, diretor-geral da Sutram.<\/p>\n<p>Os festejos v\u00e3o movimentar as ruas de Ilh\u00e9us at\u00e9 o dia 21 de fevereiro. \u201cTratamos n\u00e3o somente do Carnaval, mas da seguran\u00e7a, do bem-estar do cidad\u00e3o. O Carnaval n\u00e3o se resume apenas \u00e0 festa de rua, gera emprego, renda e fomenta a atividade tur\u00edstica, acrescentou Marcelo Barreto, titular da Seop.<\/p>\n<p>&nbsp;<\/p>\n<div class=\"imagem thumbnail col-xs-12 col-sm-8 col-md-6 col-lg-6 imagem-materia\"><a class=\"fresco\" title=\"\" href=\"https:\/\/portalfacilarquivos.blob.core.windows.net\/uploads\/ILHEUS\/imgOrig\/%7BA3ACBCAC-D3ED-DECB-CEB5-EBAEBECBA30D%7D.jpg\" data-fresco-caption=\"\"><img loading=\"lazy\" title=\"\" src=\"https:\/\/portalfacilarquivos.blob.core.windows.net\/uploads\/ILHEUS\/img\/%7BA3ACBCAC-D3ED-DECB-CEB5-EBAEBECBA30D%7D\/%7BA3ACBCAC-D3ED-DECB-CEB5-EBAEBECBA30D%7D_650X450.jpg\" alt=\"reuni\u00e3o; carnaval cultural 2023\" width=\"650\" height=\"450\" \/><\/a><\/div>\n<p><strong>Programa\u00e7\u00e3o do Carnaval Cultural 2023<\/strong><\/p>\n<p>17\/02 \u2013 Bloco Marias Presepeiras, \u00e0s 17h30 (Avenida Soares Lopes);<\/p>\n<p>17 a 21\/02 \u2013 Carnaval do Pontal (Z\u00e9 Pereira; Seca Copo; Parado na Pra\u00e7a; Carnaval na Cidade e Grito de Carnaval);<\/p>\n<p>18\/02 \u2013 Bloco Nossa Senhora da Vit\u00f3ria<\/p>\n<p>18 a 20\/02 \u2013 Carnaval do Malhado (Litor\u00e2nea Norte);<\/p>\n<p>18 a 21\/02 \u2013 Carnaval Hernani S\u00e1 e Folia e Alegria;<\/p>\n<p>19\/02 \u2013 Bloco Bob Esponja (Conquista);<\/p>\n<p>19\/02 \u2013 20 Comer, \u00e0s 15h (Avenida Princesa Isabel);<\/p>\n<p>19\/02 \u2013 Bloco Os Caretas (Pra\u00e7a do Cacau\/Avenida Soares Lopes);<\/p>\n<p>19\/02 \u2013 Bloco Agora Goxtei (Viaduto\/Avenida Soares Lopes;<\/p>\n<p>20\/02 &#8211; Carnaval da Ponta da Tulha;<\/p>\n<p>20\/02 \u2013 Bloco Pula Corno e as Santinhas (Morada do Porto);<\/p>\n<p>21\/02 \u2013 Chap\u00e9u de Couro, \u00e0s 15h (Nelson Costa)<\/p>\n","protected":false},"excerpt":{"rendered":"<p>\u00a0Prefeitura de Ilh\u00e9us promoveu nesta quinta-feira (16) uma reuni\u00e3o de alinhamento para garantir a seguran\u00e7a dos foli\u00f5es durante o Carnaval Cultural, realizado nos bairros. O encontro aconteceu no Centro Administrativo da Conquista com a presen\u00e7a de membros da Pol\u00edcia Militar da Bahia (PMBA). Durante o encontro, ficou acordado a\u00e7\u00f5es conjuntas para refor\u00e7ar o n\u00famero de [&hellip;]<\/p>\n","protected":false},"author":2,"featured_media":0,"comment_status":"open","ping_status":"open","sticky":false,"template":"","format":"standard","meta":{"_links_to":"","_links_to_target":""},"categories":[7,9,8,1],"tags":[],"_links":{"self":[{"href":"https:\/\/www.ilheusnoticias.net.br\/v1\/wp-json\/wp\/v2\/posts\/31044"}],"collection":[{"href":"https:\/\/www.ilheusnoticias.net.br\/v1\/wp-json\/wp\/v2\/posts"}],"about":[{"href":"https:\/\/www.ilheusnoticias.net.br\/v1\/wp-json\/wp\/v2\/types\/post"}],"author":[{"embeddable":true,"href":"https:\/\/www.ilheusnoticias.net.br\/v1\/wp-json\/wp\/v2\/users\/2"}],"replies":[{"embeddable":true,"href":"https:\/\/www.ilheusnoticias.net.br\/v1\/wp-json\/wp\/v2\/comments?post=31044"}],"version-history":[{"count":1,"href":"https:\/\/www.ilheusnoticias.net.br\/v1\/wp-json\/wp\/v2\/posts\/31044\/revisions"}],"predecessor-version":[{"id":31045,"href":"https:\/\/www.ilheusnoticias.net.br\/v1\/wp-json\/wp\/v2\/posts\/31044\/revisions\/31045"}],"wp:attachment":[{"href":"https:\/\/www.ilheusnoticias.net.br\/v1\/wp-json\/wp\/v2\/media?parent=31044"}],"wp:term":[{"taxonomy":"category","embeddable":true,"href":"https:\/\/www.ilheusnoticias.net.br\/v1\/wp-json\/wp\/v2\/categories?post=31044"},{"taxonomy":"post_tag","embeddable":true,"href":"https:\/\/www.ilheusnoticias.net.br\/v1\/wp-json\/wp\/v2\/tags?post=31044"}],"curies":[{"name":"wp","href":"https:\/\/api.w.org\/{rel}","templated":true}]}}