{"id":31042,"date":"2023-02-17T11:37:37","date_gmt":"2023-02-17T14:37:37","guid":{"rendered":"https:\/\/www.ilheusnoticias.net.br\/v1\/?p=31042"},"modified":"2023-02-17T11:37:37","modified_gmt":"2023-02-17T14:37:37","slug":"prefeiturara-de-ilheus-divulga-programacao-completa-do-carnaval-cultural-nos-bairros-da-cidade","status":"publish","type":"post","link":"https:\/\/www.ilheusnoticias.net.br\/v1\/2023\/02\/17\/prefeiturara-de-ilheus-divulga-programacao-completa-do-carnaval-cultural-nos-bairros-da-cidade\/","title":{"rendered":"Prefeiturara de Ilh\u00e9us divulga programa\u00e7\u00e3o completa do Carnaval Cultural nos bairros da cidade"},"content":{"rendered":"<div class=\"imagem thumbnail col-xs-12 col-sm-8 col-md-6 col-lg-6 imagem-materia\"><a class=\"fresco\" title=\"\" href=\"https:\/\/portalfacilarquivos.blob.core.windows.net\/uploads\/ILHEUS\/imgOrig\/%7BBEA5BDCC-D2D2-65CE-A03A-A5AB1A2DACAD%7D.jpg\" data-fresco-caption=\"\"><img loading=\"lazy\" src=\"https:\/\/portalfacilarquivos.blob.core.windows.net\/uploads\/ILHEUS\/img\/%7BBEA5BDCC-D2D2-65CE-A03A-A5AB1A2DACAD%7D\/%7BBEA5BDCC-D2D2-65CE-A03A-A5AB1A2DACAD%7D_450X650.jpg\" alt=\"carnaval cultural\" width=\"450\" height=\"650\" \/><\/a>O Carnaval segue com tudo em Ilh\u00e9us. Com apoio da Prefeitura, a programa\u00e7\u00e3o multicultural ser\u00e1 dividida em 11 bairros, movimentando o munic\u00edpio e atraindo visitantes e turistas para conferir os blocos que v\u00e3o ganhar as ruas at\u00e9 o dia 21 de fevereiro. Ap\u00f3s dois anos suspensa devido \u00e0 pandemia da Covid-19, a festa momesca inclui atividades voltadas para todas as idades. A expectativa \u00e9 grande por parte dos foli\u00f5es.<\/p>\n<\/div>\n<p>\u201cIlh\u00e9us \u00e9 uma cidade carnavalesca. \u00a0Os tradicionais blocos de rua fazem parte da hist\u00f3ria do nosso povo, por isso, sempre ter\u00e3o o nosso apoio\u201d, frisou o prefeito M\u00e1rio Alexandre.<\/p>\n<p><strong>Programa\u00e7\u00e3o do Carnaval Cultural 2023<\/strong><\/p>\n<p>17 a 21\/02 \u2013 Carnaval do Pontal (Z\u00e9 Pereira; Seca Copo; Parado na Pra\u00e7a; Carnaval na Cidade e Grito de Carnaval);<\/p>\n<p>18\/02 \u2013 Bloco Nossa Senhora da Vit\u00f3ria<\/p>\n<p>18 a 20\/02 \u2013 Carnaval do Malhado (Litor\u00e2nea Norte);<\/p>\n<p>18 a 21\/02 \u2013 Carnaval Hernani S\u00e1 e Folia e Alegria;<\/p>\n<p>19\/02 \u2013 Bloco Bob Esponja (Conquista);<\/p>\n<p>19\/02 \u2013 20 Comer, \u00e0s 15h (Avenida Princesa Isabel);<\/p>\n<p>19\/02 \u2013 Bloco Os Caretas (Pra\u00e7a do Cacau\/Avenida Soares Lopes);<\/p>\n<p>19\/02 \u2013 Bloco Agora Goxtei (Viaduto\/Avenida Soares Lopes;<\/p>\n<p>20\/02 &#8211; Carnaval da Ponta da Tulha;<\/p>\n<p>20\/02 \u2013 Bloco Pula Corno e as Santinhas (Morada do Porto);<\/p>\n<p>21\/02 \u2013 Chap\u00e9u de Couro, \u00e0s 15h (Nelson Costa)<\/p>\n","protected":false},"excerpt":{"rendered":"<p>O Carnaval segue com tudo em Ilh\u00e9us. Com apoio da Prefeitura, a programa\u00e7\u00e3o multicultural ser\u00e1 dividida em 11 bairros, movimentando o munic\u00edpio e atraindo visitantes e turistas para conferir os blocos que v\u00e3o ganhar as ruas at\u00e9 o dia 21 de fevereiro. Ap\u00f3s dois anos suspensa devido \u00e0 pandemia da Covid-19, a festa momesca inclui [&hellip;]<\/p>\n","protected":false},"author":2,"featured_media":0,"comment_status":"open","ping_status":"open","sticky":false,"template":"","format":"standard","meta":{"_links_to":"","_links_to_target":""},"categories":[7,9,8,1],"tags":[],"_links":{"self":[{"href":"https:\/\/www.ilheusnoticias.net.br\/v1\/wp-json\/wp\/v2\/posts\/31042"}],"collection":[{"href":"https:\/\/www.ilheusnoticias.net.br\/v1\/wp-json\/wp\/v2\/posts"}],"about":[{"href":"https:\/\/www.ilheusnoticias.net.br\/v1\/wp-json\/wp\/v2\/types\/post"}],"author":[{"embeddable":true,"href":"https:\/\/www.ilheusnoticias.net.br\/v1\/wp-json\/wp\/v2\/users\/2"}],"replies":[{"embeddable":true,"href":"https:\/\/www.ilheusnoticias.net.br\/v1\/wp-json\/wp\/v2\/comments?post=31042"}],"version-history":[{"count":1,"href":"https:\/\/www.ilheusnoticias.net.br\/v1\/wp-json\/wp\/v2\/posts\/31042\/revisions"}],"predecessor-version":[{"id":31043,"href":"https:\/\/www.ilheusnoticias.net.br\/v1\/wp-json\/wp\/v2\/posts\/31042\/revisions\/31043"}],"wp:attachment":[{"href":"https:\/\/www.ilheusnoticias.net.br\/v1\/wp-json\/wp\/v2\/media?parent=31042"}],"wp:term":[{"taxonomy":"category","embeddable":true,"href":"https:\/\/www.ilheusnoticias.net.br\/v1\/wp-json\/wp\/v2\/categories?post=31042"},{"taxonomy":"post_tag","embeddable":true,"href":"https:\/\/www.ilheusnoticias.net.br\/v1\/wp-json\/wp\/v2\/tags?post=31042"}],"curies":[{"name":"wp","href":"https:\/\/api.w.org\/{rel}","templated":true}]}}