{"id":31033,"date":"2023-02-16T10:55:55","date_gmt":"2023-02-16T13:55:55","guid":{"rendered":"https:\/\/www.ilheusnoticias.net.br\/v1\/?p=31033"},"modified":"2023-02-16T10:55:55","modified_gmt":"2023-02-16T13:55:55","slug":"minha-casa-minha-vida-prefeito-participa-de-entrega-e-solicita-retomada-do-programa-em-ilheus","status":"publish","type":"post","link":"https:\/\/www.ilheusnoticias.net.br\/v1\/2023\/02\/16\/minha-casa-minha-vida-prefeito-participa-de-entrega-e-solicita-retomada-do-programa-em-ilheus\/","title":{"rendered":"Minha Casa, Minha Vida: prefeito participa de entrega e solicita retomada do programa em Ilh\u00e9us"},"content":{"rendered":"<div class=\"imagem thumbnail col-xs-12 col-sm-8 col-md-6 col-lg-6 imagem-materia\"><a class=\"fresco\" title=\"\" href=\"https:\/\/portalfacilarquivos.blob.core.windows.net\/uploads\/ILHEUS\/imgOrig\/%7B5C6A2A58-EDAD-BCBD-E41B-BBCD6CDDB3E3%7D.jpg\" data-fresco-caption=\"\"><img loading=\"lazy\" title=\"\" src=\"https:\/\/portalfacilarquivos.blob.core.windows.net\/uploads\/ILHEUS\/img\/%7B5C6A2A58-EDAD-BCBD-E41B-BBCD6CDDB3E3%7D\/%7B5C6A2A58-EDAD-BCBD-E41B-BBCD6CDDB3E3%7D_650X450.jpg\" alt=\"Minha Casa, Minha Vida\" width=\"650\" height=\"450\" \/><\/a><\/p>\n<p class=\"bg-primary\">Com a presen\u00e7a do presidente Luiz In\u00e1cio Lula da Silva, o prefeito M\u00e1rio Alexandre participou na \u00faltima ter\u00e7a-feira (14) do evento de retomada do maior programa habitacional do Brasil, o \u201cMinha Casa, Minha Vida\u201d. A cerim\u00f4nia de entrega dos im\u00f3veis aconteceu na cidade de Santo Amaro, no Rec\u00f4ncavo Baiano.<\/p>\n<\/div>\n<p>O evento tamb\u00e9m contou com as presen\u00e7as do ministro da Casa Civil, Rui Costa, do governador Jer\u00f4nimo Rodrigues, do vice-governador Geraldo J\u00fanior, da deputada estadual Soane Galv\u00e3o, entre outras autoridades. A meta anunciada por Lula \u00e9 de contratar dois milh\u00f5es de moradias at\u00e9 2026.<\/p>\n<p>Na oportunidade, M\u00e1rio Alexandre entregou ao Governo Federal um of\u00edcio informando o d\u00e9ficit habitacional em Ilh\u00e9us e requerendo novas moradias no munic\u00edpio. O gestor ainda destacou a import\u00e2ncia dos programas sociais para promover dignidade e melhorar a qualidade de vida da popula\u00e7\u00e3o.<\/p>\n<p>&nbsp;<\/p>\n<div class=\"imagem thumbnail col-xs-12 col-sm-8 col-md-6 col-lg-6 imagem-materia\"><a class=\"fresco\" title=\"\" href=\"https:\/\/portalfacilarquivos.blob.core.windows.net\/uploads\/ILHEUS\/imgOrig\/%7BA4A0BDEB-354B-746A-CC2D-BB5BED2E53BD%7D.jpg\" data-fresco-caption=\"\"><img loading=\"lazy\" title=\"\" src=\"https:\/\/portalfacilarquivos.blob.core.windows.net\/uploads\/ILHEUS\/img\/%7BA4A0BDEB-354B-746A-CC2D-BB5BED2E53BD%7D\/%7BA4A0BDEB-354B-746A-CC2D-BB5BED2E53BD%7D_650X450.jpg\" alt=\"Minha Casa, Minha Vida\" width=\"650\" height=\"450\" \/><\/a><\/p>\n<p class=\"bg-primary\">\u201cMais uma conquista, um sonho que volta a ser realidade. N\u00f3s vamos trabalhar para que a cidade Ilh\u00e9us e a regi\u00e3o sejam contempladas com a constru\u00e7\u00e3o de novas unidades habitacionais. Gratid\u00e3o ao presidente Lula e ao nosso ministro Rui Costa por entender a import\u00e2ncia desse programa para o nosso povo\u201d.<\/p>\n<\/div>\n<p><strong>Programa \u2013<\/strong>\u00a0O Minha Casa, Minha Vida (PMCMV) \u00e9 um programa de habita\u00e7\u00e3o federal criado em mar\u00e7o de 2009 pelo Governo Lula. O PMCMV subsidia a aquisi\u00e7\u00e3o da casa ou apartamento pr\u00f3prio para fam\u00edlias com renda bruta de at\u00e9 R$ 2.640 e facilita as condi\u00e7\u00f5es de acesso ao im\u00f3vel para as fam\u00edlias.<\/p>\n","protected":false},"excerpt":{"rendered":"<p>Com a presen\u00e7a do presidente Luiz In\u00e1cio Lula da Silva, o prefeito M\u00e1rio Alexandre participou na \u00faltima ter\u00e7a-feira (14) do evento de retomada do maior programa habitacional do Brasil, o \u201cMinha Casa, Minha Vida\u201d. A cerim\u00f4nia de entrega dos im\u00f3veis aconteceu na cidade de Santo Amaro, no Rec\u00f4ncavo Baiano. O evento tamb\u00e9m contou com as [&hellip;]<\/p>\n","protected":false},"author":2,"featured_media":0,"comment_status":"open","ping_status":"open","sticky":false,"template":"","format":"standard","meta":{"_links_to":"","_links_to_target":""},"categories":[7,9,8,1],"tags":[],"_links":{"self":[{"href":"https:\/\/www.ilheusnoticias.net.br\/v1\/wp-json\/wp\/v2\/posts\/31033"}],"collection":[{"href":"https:\/\/www.ilheusnoticias.net.br\/v1\/wp-json\/wp\/v2\/posts"}],"about":[{"href":"https:\/\/www.ilheusnoticias.net.br\/v1\/wp-json\/wp\/v2\/types\/post"}],"author":[{"embeddable":true,"href":"https:\/\/www.ilheusnoticias.net.br\/v1\/wp-json\/wp\/v2\/users\/2"}],"replies":[{"embeddable":true,"href":"https:\/\/www.ilheusnoticias.net.br\/v1\/wp-json\/wp\/v2\/comments?post=31033"}],"version-history":[{"count":1,"href":"https:\/\/www.ilheusnoticias.net.br\/v1\/wp-json\/wp\/v2\/posts\/31033\/revisions"}],"predecessor-version":[{"id":31034,"href":"https:\/\/www.ilheusnoticias.net.br\/v1\/wp-json\/wp\/v2\/posts\/31033\/revisions\/31034"}],"wp:attachment":[{"href":"https:\/\/www.ilheusnoticias.net.br\/v1\/wp-json\/wp\/v2\/media?parent=31033"}],"wp:term":[{"taxonomy":"category","embeddable":true,"href":"https:\/\/www.ilheusnoticias.net.br\/v1\/wp-json\/wp\/v2\/categories?post=31033"},{"taxonomy":"post_tag","embeddable":true,"href":"https:\/\/www.ilheusnoticias.net.br\/v1\/wp-json\/wp\/v2\/tags?post=31033"}],"curies":[{"name":"wp","href":"https:\/\/api.w.org\/{rel}","templated":true}]}}