{"id":31031,"date":"2023-02-16T10:49:45","date_gmt":"2023-02-16T13:49:45","guid":{"rendered":"https:\/\/www.ilheusnoticias.net.br\/v1\/?p=31031"},"modified":"2023-02-16T10:49:45","modified_gmt":"2023-02-16T13:49:45","slug":"unidades-de-saude-oferecem-diversos-programas-que-beneficiam-familias-ilheenses","status":"publish","type":"post","link":"https:\/\/www.ilheusnoticias.net.br\/v1\/2023\/02\/16\/unidades-de-saude-oferecem-diversos-programas-que-beneficiam-familias-ilheenses\/","title":{"rendered":"Unidades de Sa\u00fade oferecem diversos programas que beneficiam fam\u00edlias ilheenses"},"content":{"rendered":"<div class=\"imagem thumbnail col-xs-12 col-sm-8 col-md-6 col-lg-6 imagem-materia\"><a class=\"fresco\" title=\"\" href=\"https:\/\/portalfacilarquivos.blob.core.windows.net\/uploads\/ILHEUS\/imgOrig\/%7BED7CC023-DCEB-ACB8-2B56-3AEE1E5D17EA%7D.jpg\" data-fresco-caption=\"\"><img loading=\"lazy\" title=\"\" src=\"https:\/\/portalfacilarquivos.blob.core.windows.net\/uploads\/ILHEUS\/img\/%7BED7CC023-DCEB-ACB8-2B56-3AEE1E5D17EA%7D\/%7BED7CC023-DCEB-ACB8-2B56-3AEE1E5D17EA%7D_650X450.jpg\" alt=\"CD; sesau; acompanhamento infantil\" width=\"650\" height=\"450\" \/><\/a><\/div>\n<div class=\"imagem thumbnail col-xs-12 col-sm-8 col-md-6 col-lg-6 imagem-materia\">A Prefeitura de Ilh\u00e9us investe na promo\u00e7\u00e3o, preven\u00e7\u00e3o e controle dos agravos \u00e0 sa\u00fade da popula\u00e7\u00e3o, por meio de programas e servi\u00e7os ofertados nas Unidades B\u00e1sicas (UBSs) e Estrat\u00e9gias Sa\u00fade da Fam\u00edlia (ESFs). Conforme a Secretaria de Sa\u00fade (Sesau), com o fortalecimento da rede de Aten\u00e7\u00e3o B\u00e1sica, o Munic\u00edpio ampliou o atendimento \u00e0s fam\u00edlias, a exemplo do programa de Crescimento e Desenvolvimento Infantil (CD), dispon\u00edvel em todos os postos da cidade, mediante agendamento pr\u00e9vio.<\/div>\n<p>A Sesau explica que o servi\u00e7o \u00e9 respons\u00e1vel por realizar o acompanhamento de crian\u00e7as com idade entre um m\u00eas e dois anos, podendo ser estendido at\u00e9 os cinco anos de idade. A equipe orienta os pais e respons\u00e1veis sobre o aleitamento materno, a alimenta\u00e7\u00e3o infantil e higiene bucal, al\u00e9m de oferecer palestras e material educativo.<\/p>\n<p>&nbsp;<\/p>\n<div class=\"imagem thumbnail col-xs-12 col-sm-8 col-md-6 col-lg-6 imagem-materia\"><a class=\"fresco\" title=\"\" href=\"https:\/\/portalfacilarquivos.blob.core.windows.net\/uploads\/ILHEUS\/imgOrig\/%7BBC7E3CDE-DAEE-1ABC-BCE7-2D8446DA3CB6%7D.jpg\" data-fresco-caption=\"\"><img loading=\"lazy\" title=\"\" src=\"https:\/\/portalfacilarquivos.blob.core.windows.net\/uploads\/ILHEUS\/img\/%7BBC7E3CDE-DAEE-1ABC-BCE7-2D8446DA3CB6%7D\/%7BBC7E3CDE-DAEE-1ABC-BCE7-2D8446DA3CB6%7D_650X450.jpg\" alt=\"CD; sesau; acompanhamento infantil\" width=\"650\" height=\"450\" \/><\/a><\/p>\n<p class=\"bg-primary\">\n<\/div>\n<p>&nbsp;<\/p>\n<p>O CD tamb\u00e9m integra o Programa de Aten\u00e7\u00e3o Integral \u00e0 Sa\u00fade da Crian\u00e7a (PAISC), que re\u00fane o registro de atendimento e realiza a atualiza\u00e7\u00e3o da caderneta de vacina\u00e7\u00e3o do p\u00fablico-alvo. O acompanhamento e desenvolvimento infantil ou puericultura possibilita uma assist\u00eancia integral e promove qualidade de vida da crian\u00e7a.<\/p>\n<p>O servi\u00e7o disp\u00f5e ainda de avalia\u00e7\u00e3o psicossocial, segundo preconizado pelo Minist\u00e9rio da Sa\u00fade. O agendamento pode ser realizado no posto de sa\u00fade mais pr\u00f3ximo da resid\u00eancia do usu\u00e1rio.<\/p>\n<p>&nbsp;<\/p>\n<div class=\"imagem thumbnail col-xs-12 col-sm-8 col-md-6 col-lg-6 imagem-materia\"><a class=\"fresco\" title=\"\" href=\"https:\/\/portalfacilarquivos.blob.core.windows.net\/uploads\/ILHEUS\/imgOrig\/%7BAB6ADC85-2A7D-6B68-D038-BAED0BCBD2EC%7D.jpg\" data-fresco-caption=\"\"><img loading=\"lazy\" title=\"\" src=\"https:\/\/portalfacilarquivos.blob.core.windows.net\/uploads\/ILHEUS\/img\/%7BAB6ADC85-2A7D-6B68-D038-BAED0BCBD2EC%7D\/%7BAB6ADC85-2A7D-6B68-D038-BAED0BCBD2EC%7D_650X450.jpg\" alt=\"CD; sesau; acompanhamento infantil\" width=\"650\" height=\"450\" \/><\/a><\/p>\n<p class=\"bg-primary\">\n<\/div>\n<p>&nbsp;<\/p>\n<p>&nbsp;<\/p>\n<p>&nbsp;<\/p>\n<p class=\"autor\">por Secom<\/p>\n","protected":false},"excerpt":{"rendered":"<p>A Prefeitura de Ilh\u00e9us investe na promo\u00e7\u00e3o, preven\u00e7\u00e3o e controle dos agravos \u00e0 sa\u00fade da popula\u00e7\u00e3o, por meio de programas e servi\u00e7os ofertados nas Unidades B\u00e1sicas (UBSs) e Estrat\u00e9gias Sa\u00fade da Fam\u00edlia (ESFs). Conforme a Secretaria de Sa\u00fade (Sesau), com o fortalecimento da rede de Aten\u00e7\u00e3o B\u00e1sica, o Munic\u00edpio ampliou o atendimento \u00e0s fam\u00edlias, a [&hellip;]<\/p>\n","protected":false},"author":2,"featured_media":0,"comment_status":"open","ping_status":"open","sticky":false,"template":"","format":"standard","meta":{"_links_to":"","_links_to_target":""},"categories":[7,9,8,1],"tags":[],"_links":{"self":[{"href":"https:\/\/www.ilheusnoticias.net.br\/v1\/wp-json\/wp\/v2\/posts\/31031"}],"collection":[{"href":"https:\/\/www.ilheusnoticias.net.br\/v1\/wp-json\/wp\/v2\/posts"}],"about":[{"href":"https:\/\/www.ilheusnoticias.net.br\/v1\/wp-json\/wp\/v2\/types\/post"}],"author":[{"embeddable":true,"href":"https:\/\/www.ilheusnoticias.net.br\/v1\/wp-json\/wp\/v2\/users\/2"}],"replies":[{"embeddable":true,"href":"https:\/\/www.ilheusnoticias.net.br\/v1\/wp-json\/wp\/v2\/comments?post=31031"}],"version-history":[{"count":1,"href":"https:\/\/www.ilheusnoticias.net.br\/v1\/wp-json\/wp\/v2\/posts\/31031\/revisions"}],"predecessor-version":[{"id":31032,"href":"https:\/\/www.ilheusnoticias.net.br\/v1\/wp-json\/wp\/v2\/posts\/31031\/revisions\/31032"}],"wp:attachment":[{"href":"https:\/\/www.ilheusnoticias.net.br\/v1\/wp-json\/wp\/v2\/media?parent=31031"}],"wp:term":[{"taxonomy":"category","embeddable":true,"href":"https:\/\/www.ilheusnoticias.net.br\/v1\/wp-json\/wp\/v2\/categories?post=31031"},{"taxonomy":"post_tag","embeddable":true,"href":"https:\/\/www.ilheusnoticias.net.br\/v1\/wp-json\/wp\/v2\/tags?post=31031"}],"curies":[{"name":"wp","href":"https:\/\/api.w.org\/{rel}","templated":true}]}}