{"id":31029,"date":"2023-02-15T09:09:40","date_gmt":"2023-02-15T12:09:40","guid":{"rendered":"https:\/\/www.ilheusnoticias.net.br\/v1\/?p=31029"},"modified":"2023-02-15T09:09:40","modified_gmt":"2023-02-15T12:09:40","slug":"colo-colo-de-ilheus-anuncia-parceria-nesta-quarta-feira-15-e-pode-virar-saf","status":"publish","type":"post","link":"https:\/\/www.ilheusnoticias.net.br\/v1\/2023\/02\/15\/colo-colo-de-ilheus-anuncia-parceria-nesta-quarta-feira-15-e-pode-virar-saf\/","title":{"rendered":"Colo Colo de Ilh\u00e9us anuncia parceria nesta quarta-feira (15) e pode virar SAF"},"content":{"rendered":"<header>\n<p class=\"byline author vcard no-margin text-overflow\">\n<\/header>\n<div class=\"entry-content\">\n<p><a class=\"gallery_colorbox cboxElement\" href=\"https:\/\/www.agravo.com.br\/wp-content\/uploads\/2023\/02\/271701019_5036317169713123_8393760059190630388_n.jpg\"><img loading=\"lazy\" class=\"aligncenter wp-image-132731\" src=\"https:\/\/www.agravo.com.br\/wp-content\/uploads\/2023\/02\/271701019_5036317169713123_8393760059190630388_n.jpg\" sizes=\"(max-width: 519px) 100vw, 519px\" srcset=\"https:\/\/www.agravo.com.br\/wp-content\/uploads\/2023\/02\/271701019_5036317169713123_8393760059190630388_n.jpg 720w, https:\/\/www.agravo.com.br\/wp-content\/uploads\/2023\/02\/271701019_5036317169713123_8393760059190630388_n-300x157.jpg 300w\" alt=\"\" width=\"519\" height=\"271\" \/><\/a>Ap\u00f3s reuni\u00e3o nesta ter\u00e7a-feira (14), a diretoria do Colo Colo de Ilh\u00e9us e representantes da empresa Global Ativos, chegaram a um acordo para o time retorne aos campos baianos.<\/p>\n<p>Uma coletiva est\u00e1 marcada para est\u00e1 quinta-feira (15), \u00e0s 10 horas, no hotel Aldeia da Praia, onde todos os detalhe da parceria ser\u00e3o apresentados a imprensa e torcedores. A expectativa \u00e9 que seja anunciada uma SAF-\u00a0 Sociedade An\u00f4nima do Futebol (SAF).<\/p>\n<p>O campe\u00e3o baiano de 2006 vem passando uma situa\u00e7\u00e3o dif\u00edcil financeiramente, com d\u00e9bitos trabalhistas milion\u00e1rios, sem estrutura para sequer disputar o campeonato Baiano da s\u00e9rie B.<\/p>\n<p>Uma nova diretoria tomou posso recentemente; presidente, Hermano Fahning; Diretor Futebol Kaique Souza; presidente do Conselho Deliberativo, Marcos Marron; Conselheiro \u00c2ngelo Reis (Zel\u00e3o).<\/p>\n<\/div>\n","protected":false},"excerpt":{"rendered":"<p>Ap\u00f3s reuni\u00e3o nesta ter\u00e7a-feira (14), a diretoria do Colo Colo de Ilh\u00e9us e representantes da empresa Global Ativos, chegaram a um acordo para o time retorne aos campos baianos. Uma coletiva est\u00e1 marcada para est\u00e1 quinta-feira (15), \u00e0s 10 horas, no hotel Aldeia da Praia, onde todos os detalhe da parceria ser\u00e3o apresentados a imprensa [&hellip;]<\/p>\n","protected":false},"author":2,"featured_media":0,"comment_status":"open","ping_status":"open","sticky":false,"template":"","format":"standard","meta":{"_links_to":"","_links_to_target":""},"categories":[7,9,8,1],"tags":[],"_links":{"self":[{"href":"https:\/\/www.ilheusnoticias.net.br\/v1\/wp-json\/wp\/v2\/posts\/31029"}],"collection":[{"href":"https:\/\/www.ilheusnoticias.net.br\/v1\/wp-json\/wp\/v2\/posts"}],"about":[{"href":"https:\/\/www.ilheusnoticias.net.br\/v1\/wp-json\/wp\/v2\/types\/post"}],"author":[{"embeddable":true,"href":"https:\/\/www.ilheusnoticias.net.br\/v1\/wp-json\/wp\/v2\/users\/2"}],"replies":[{"embeddable":true,"href":"https:\/\/www.ilheusnoticias.net.br\/v1\/wp-json\/wp\/v2\/comments?post=31029"}],"version-history":[{"count":1,"href":"https:\/\/www.ilheusnoticias.net.br\/v1\/wp-json\/wp\/v2\/posts\/31029\/revisions"}],"predecessor-version":[{"id":31030,"href":"https:\/\/www.ilheusnoticias.net.br\/v1\/wp-json\/wp\/v2\/posts\/31029\/revisions\/31030"}],"wp:attachment":[{"href":"https:\/\/www.ilheusnoticias.net.br\/v1\/wp-json\/wp\/v2\/media?parent=31029"}],"wp:term":[{"taxonomy":"category","embeddable":true,"href":"https:\/\/www.ilheusnoticias.net.br\/v1\/wp-json\/wp\/v2\/categories?post=31029"},{"taxonomy":"post_tag","embeddable":true,"href":"https:\/\/www.ilheusnoticias.net.br\/v1\/wp-json\/wp\/v2\/tags?post=31029"}],"curies":[{"name":"wp","href":"https:\/\/api.w.org\/{rel}","templated":true}]}}