{"id":31027,"date":"2023-02-15T08:58:51","date_gmt":"2023-02-15T11:58:51","guid":{"rendered":"https:\/\/www.ilheusnoticias.net.br\/v1\/?p=31027"},"modified":"2023-02-15T08:58:51","modified_gmt":"2023-02-15T11:58:51","slug":"comeca-pagamento-do-abono-salarial-pis-pasep-veja-datas-quem-tem-direito-e-como-sacar","status":"publish","type":"post","link":"https:\/\/www.ilheusnoticias.net.br\/v1\/2023\/02\/15\/comeca-pagamento-do-abono-salarial-pis-pasep-veja-datas-quem-tem-direito-e-como-sacar\/","title":{"rendered":"Come\u00e7a pagamento do abono salarial PIS-Pasep; veja datas, quem tem direito e como sacar"},"content":{"rendered":"<div class=\"row content-head non-featured \">\n<div class=\"title\" data-block-type=\"title\" data-block-id=\"0\"><\/div>\n<\/div>\n<div class=\"mc-article-body\">\n<article>\n<div id=\"chunk-5lfkn\">\n<div class=\"row medium-uncollapsed content-media content-photo\" data-block-type=\"backstage-photo\" data-block-id=\"1\">\n<div class=\"mc-column content-media__container\">\n<div class=\"content-media-container glb-skeleton-box\">\n<figure class=\"content-media-figure\"><img class=\"i-amphtml-fill-content i-amphtml-replaced-content\" src=\"https:\/\/s2.glbimg.com\/YPIQ2vv-CjPOTYZuEyDOA4JFoZI=\/0x0:1170x700\/984x0\/smart\/filters:strip_icc()\/i.s3.glbimg.com\/v1\/AUTH_59edd422c0c84a879bd37670ae4f538a\/internal_photos\/bs\/2022\/q\/L\/2PMtB9TY2gIVTmkfyABg\/saques-em-caixas-eletronicos-da-caixa-economica-federal-foto-jose-cruz-agencia-brasil.jpg\" sizes=\"(max-width: 1366px) 648px, 100vw\" srcset=\"https:\/\/s2.glbimg.com\/4lVYQQdXSOunAyqgJZTthDtKLOE=\/0x0:1170x700\/1000x0\/smart\/filters:strip_icc()\/i.s3.glbimg.com\/v1\/AUTH_59edd422c0c84a879bd37670ae4f538a\/internal_photos\/bs\/2022\/q\/L\/2PMtB9TY2gIVTmkfyABg\/saques-em-caixas-eletronicos-da-caixa-economica-federal-foto-jose-cruz-agencia-brasil.jpg 1000w, https:\/\/s2.glbimg.com\/YPIQ2vv-CjPOTYZuEyDOA4JFoZI=\/0x0:1170x700\/984x0\/smart\/filters:strip_icc()\/i.s3.glbimg.com\/v1\/AUTH_59edd422c0c84a879bd37670ae4f538a\/internal_photos\/bs\/2022\/q\/L\/2PMtB9TY2gIVTmkfyABg\/saques-em-caixas-eletronicos-da-caixa-economica-federal-foto-jose-cruz-agencia-brasil.jpg 984w, https:\/\/s2.glbimg.com\/Xi5uxgS9zngack60betagfdxMVM=\/0x0:1170x700\/640x0\/smart\/filters:strip_icc()\/i.s3.glbimg.com\/v1\/AUTH_59edd422c0c84a879bd37670ae4f538a\/internal_photos\/bs\/2022\/q\/L\/2PMtB9TY2gIVTmkfyABg\/saques-em-caixas-eletronicos-da-caixa-economica-federal-foto-jose-cruz-agencia-brasil.jpg 640w, https:\/\/s2.glbimg.com\/BOIba3MKkUxveKHUv_KGlX7jk4c=\/0x0:1170x700\/600x0\/smart\/filters:strip_icc()\/i.s3.glbimg.com\/v1\/AUTH_59edd422c0c84a879bd37670ae4f538a\/internal_photos\/bs\/2022\/q\/L\/2PMtB9TY2gIVTmkfyABg\/saques-em-caixas-eletronicos-da-caixa-economica-federal-foto-jose-cruz-agencia-brasil.jpg 600w\" alt=\"PIS\/Pasep - Saques em ag\u00eancia da Caixa Econ\u00f4mica Federal  \u2014 Foto: Jos\u00e9 Cruz\/Ag\u00eancia Brasil\" \/><\/figure>\n<\/div>\n<p class=\"content-media__description \">PIS\/Pasep &#8211; Saques em ag\u00eancia da Caixa Econ\u00f4mica Federal \u2014 Foto: Jos\u00e9 Cruz\/Ag\u00eancia Brasil<\/p>\n<\/div>\n<\/div>\n<\/div>\n<div id=\"chunk-9o77a\">\n<div class=\"mc-column content-text active-extra-styles \" data-block-type=\"unstyled\" data-block-weight=\"16\" data-block-id=\"3\">\n<p class=\"content-text__container \" data-track-category=\"Link no Texto\" data-track-links=\"\">Os pagamentos do abono salarial\u00a0<a href=\"https:\/\/g1.globo.com\/tudo-sobre\/pis\/\">PIS<\/a>&#8211;<a href=\"https:\/\/g1.globo.com\/tudo-sobre\/pasep\/\">Pasep<\/a>\u00a0de 2023, referente ao ano-base 2021, come\u00e7am nesta quarta-feira (15).<\/p>\n<\/div>\n<\/div>\n<div class=\"wall protected-content\">\n<div id=\"chunk-6cdk4\">\n<div class=\"mc-column content-text active-extra-styles \" data-block-type=\"unstyled\" data-block-weight=\"24\" data-block-id=\"4\">\n<p class=\"content-text__container \" data-track-category=\"Link no Texto\" data-track-links=\"\">A estimativa \u00e9 que cerca de 22,9 milh\u00f5es de trabalhadores recebam o abono salarial em 2023, no valor total de R$ 24 bilh\u00f5es.<\/p>\n<\/div>\n<\/div>\n<div id=\"chunk-2nt0k\">\n<div class=\"mc-column content-text active-extra-styles \" data-block-type=\"unstyled\" data-block-weight=\"41\" data-block-id=\"5\">\n<p class=\"content-text__container \" data-track-category=\"Link no Texto\" data-track-links=\"\">Para o pagamento do PIS \u00e9 considerado o m\u00eas de nascimento do trabalhador. No caso do Pasep, \u00e9 considerado o d\u00edgito final do n\u00famero de inscri\u00e7\u00e3o no programa. Todos os benefici\u00e1rios podem sacar o dinheiro at\u00e9 o dia 28 de dezembro.<\/p>\n<\/div>\n<\/div>\n<div id=\"chunk-c3h1v\">\n<div class=\"mc-column content-text active-extra-styles \" data-block-type=\"unstyled\" data-block-weight=\"14\" data-block-id=\"6\">\n<p class=\"content-text__container \" data-track-category=\"Link no Texto\" data-track-links=\"\"><span class=\"highlight highlighted\">Nesta quarta, podem sacar benefici\u00e1rios nascidos em janeiro ou com final da inscri\u00e7\u00e3o 0.<\/span><\/p>\n<\/div>\n<\/div>\n<div id=\"chunk-975d5\">\n<div class=\"mc-column content-text active-extra-styles \" data-block-type=\"unstyled\" data-block-weight=\"7\" data-block-id=\"7\">\n<p class=\"content-text__container \" data-track-category=\"Link no Texto\" data-track-links=\"\"><strong>Veja o calend\u00e1rio de pagamentos do PIS:<\/strong><\/p>\n<\/div>\n<\/div>\n<div id=\"chunk-7ghij\">\n<div class=\"content-ads content-ads--reveal\" data-block-type=\"ads\" data-block-id=\"8\">\n<div id=\"banner_materia2\" class=\"tag-manager-publicidade-container mc-has-reveal mc-has-ad-lazyload tag-manager-publicidade-banner_materia2 tag-manager-publicidade-container--carregado tag-manager-publicidade-container--visivel\" data-id=\"banner_materia2\" data-google-query-id=\"CKOW-NC7l_0CFcKRlQId9FABFg\">\n<div id=\"google_ads_iframe_\/95377733\/tvg_G1\/Economia_4__container__\">O pagamento do abono salarial devido aos trabalhadores de empresas privadas, que integram o Programa de Integra\u00e7\u00e3o Social (PIS), ser\u00e1 feito pela <a href=\"https:\/\/g1.globo.com\/tudo-sobre\/caixa-economica-federal\/\">Caixa Econ\u00f4mica Federal<\/a>.<\/div>\n<\/div>\n<\/div>\n<\/div>\n<div id=\"chunk-8u47p\">\n<div class=\"mc-column content-text active-extra-styles \" data-block-type=\"unstyled\" data-block-weight=\"31\" data-block-id=\"12\">\n<p class=\"content-text__container \" data-track-category=\"Link no Texto\" data-track-links=\"\">J\u00e1 no caso dos trabalhadores do setor p\u00fablico, que integram o Programa de Forma\u00e7\u00e3o do Patrim\u00f4nio do Servidor P\u00fablico do Abono Salarial (Pasep), o pagamento \u00e9 feito pelo\u00a0<a href=\"https:\/\/g1.globo.com\/tudo-sobre\/banco-do-brasil\/\">Banco do Brasil<\/a>.<\/p>\n<\/div>\n<\/div>\n<div id=\"chunk-ec157\">\n<div class=\"mc-column content-text active-extra-styles \" data-block-type=\"unstyled\" data-block-weight=\"19\" data-block-id=\"13\">\n<p class=\"content-text__container \" data-track-category=\"Link no Texto\" data-track-links=\"\">Do total de 22,9 milh\u00f5es de trabalhadores, 20,4 milh\u00f5es recebem o PIS e 2,5 milh\u00f5es recebem o Pasep.<\/p>\n<\/div>\n<\/div>\n<div class=\"mc-column content-text active-extra-styles\" data-block-type=\"raw\" data-block-weight=\"6\" data-block-id=\"16\">\n<div class=\"content-intertitle\">\n<h2>Quem tem direito ao abono salarial<\/h2>\n<\/div>\n<\/div>\n<div id=\"chunk-1qsgk\">\n<div class=\"mc-column content-text active-extra-styles \" data-block-type=\"unstyled\" data-block-weight=\"12\" data-block-id=\"17\">\n<p class=\"content-text__container \" data-track-category=\"Link no Texto\" data-track-links=\"\">Os trabalhadores devem atender aos seguintes crit\u00e9rios para ter direito ao benef\u00edcio:<\/p>\n<\/div>\n<\/div>\n<div class=\"mc-column content-text active-extra-styles\" data-block-type=\"raw\" data-block-weight=\"98\" data-block-id=\"18\">\n<ul class=\"content-unordered-list\">\n<li>estar cadastrado no programa PIS\/Pasep ou no CNIS (data do primeiro emprego) h\u00e1 pelo menos cinco anos;<\/li>\n<li>ter trabalhado para empregadores que contribuem para o Programa de Integra\u00e7\u00e3o Social (PIS) ou para o Programa de Forma\u00e7\u00e3o do Patrim\u00f4nio do Servidor P\u00fablico (Pasep);<\/li>\n<li>ter recebido at\u00e9 2 sal\u00e1rios-m\u00ednimos m\u00e9dios de remunera\u00e7\u00e3o mensal no per\u00edodo trabalhado;<\/li>\n<li>ter exercido atividade remunerada, durante pelo menos 30 dias, consecutivos ou n\u00e3o, no ano-base da apura\u00e7\u00e3o (2021);<\/li>\n<li>ter os dados informados pelo empregador (pessoa jur\u00eddica ou governo) corretamente na Rela\u00e7\u00e3o Anual de Informa\u00e7\u00f5es Sociais (Rais) ou no eSocial do ano-base considerado para apura\u00e7\u00e3o (2021).<\/li>\n<\/ul>\n<\/div>\n<div class=\"mc-column content-text active-extra-styles\" data-block-type=\"raw\" data-block-weight=\"7\" data-block-id=\"20\">\n<div class=\"content-intertitle\">\n<h2>Quem n\u00e3o tem direito ao abono salarial<\/h2>\n<\/div>\n<\/div>\n<div class=\"mc-column content-text active-extra-styles\" data-block-type=\"raw\" data-block-weight=\"22\" data-block-id=\"21\">\n<ul class=\"content-unordered-list\">\n<li>empregado(a) dom\u00e9stico(a);<\/li>\n<li>trabalhadores rurais empregados por pessoa f\u00edsica;<\/li>\n<li>trabalhadores urbanos empregados por pessoa f\u00edsica;<\/li>\n<li>trabalhadores empregados por pessoa f\u00edsica equiparada a jur\u00eddica.<\/li>\n<\/ul>\n<p>Quanto \u00e9 o valor<\/p>\n<\/div>\n<div class=\"mc-column content-text active-extra-styles\" data-block-type=\"raw\" data-block-weight=\"4\" data-block-id=\"22\">\n<div class=\"content-intertitle\">\n<h2>O valor do abono salarial pode chegar ao total de at\u00e9 um sal\u00e1rio m\u00ednimo, de acordo com a quantidade de meses trabalhados. S\u00f3 recebe o valor total quem trabalhou os 12 meses do ano anterior.<\/h2>\n<\/div>\n<\/div>\n<div id=\"chunk-f2438\">\n<div class=\"mc-column content-text active-extra-styles \" data-block-type=\"unstyled\" data-block-weight=\"46\" data-block-id=\"24\">\n<p class=\"content-text__container \" data-track-category=\"Link no Texto\" data-track-links=\"\">Com o aumento do sal\u00e1rio m\u00ednimo em 1\u00ba de janeiro, o valor do abono salarial passa a\u00a0<a href=\"https:\/\/g1.globo.com\/economia\/noticia\/2022\/12\/13\/abono-salarial-cadunico-seguro-desemprego-veja-o-que-muda-com-o-novo-salario-minimo-de-r-1302.ghtml\">variar de R$ 108,50 a R$ 1.302<\/a>, de acordo com a quantidade de meses trabalhados. S\u00f3 receber\u00e1 o valor m\u00e1ximo quem trabalhou os 12 meses de 2021. Veja abaixo:<\/p>\n<\/div>\n<\/div>\n<div class=\"mc-column content-text active-extra-styles\" data-block-type=\"raw\" data-block-weight=\"2\" data-block-id=\"26\">\n<div class=\"content-intertitle\">\n<h2>Como consultar<\/h2>\n<\/div>\n<p>As informa\u00e7\u00f5es sobre o abono salarial podem ser consultadas desde o dia 5 de fevereiro na <a href=\"https:\/\/www.gov.br\/pt-br\/temas\/carteira-de-trabalho-digital\" target=\"_blank\" rel=\"noopener\">Carteira de Trabalho Digital<\/a>, no portal\u00a0<a href=\"http:\/\/gov.br\/\" target=\"_blank\" rel=\"noopener\">gov.br<\/a>\u00a0ou pelo telefone 158. Entre as informa\u00e7\u00f5es est\u00e3o valor a que tem direito, data e banco de recebimento.<\/p>\n<\/div>\n<div id=\"chunk-b8382\">\n<div class=\"mc-column content-text active-extra-styles \" data-block-type=\"unstyled\" data-block-weight=\"15\" data-block-id=\"28\">\n<p class=\"content-text__container \" data-track-category=\"Link no Texto\" data-track-links=\"\">Para baixar o aplicativo da Carteira de Trabalho Digital no celular, clique nos links abaixo<\/p>\n<\/div>\n<\/div>\n<div class=\"mc-column content-text active-extra-styles\" data-block-type=\"raw\" data-block-weight=\"3\" data-block-id=\"29\">\n<ul class=\"content-unordered-list\">\n<li><a href=\"https:\/\/play.google.com\/store\/apps\/details?id=br.gov.dataprev.carteiradigital&amp;pli=1\" target=\"_blank\" rel=\"noopener\">Android<\/a><\/li>\n<li><a href=\"https:\/\/apps.apple.com\/br\/app\/carteira-de-trabalho-digital\/id1295257499\" target=\"_blank\" rel=\"noopener\">iOS (Apple)<\/a><\/li>\n<\/ul>\n<\/div>\n<div id=\"chunk-7gupt\">\n<div class=\"mc-column content-text active-extra-styles \" data-block-type=\"unstyled\" data-block-weight=\"14\" data-block-id=\"30\">\n<p class=\"content-text__container \" data-track-category=\"Link no Texto\" data-track-links=\"\">Se o trabalhador j\u00e1 tem o aplicativo, \u00e9 recomendado que ele fa\u00e7a a atualiza\u00e7\u00e3o.<\/p>\n<\/div>\n<\/div>\n<div id=\"chunk-ff6e0\">\n<div class=\"mc-column content-text active-extra-styles \" data-block-type=\"unstyled\" data-block-weight=\"20\" data-block-id=\"31\">\n<p class=\"content-text__container \" data-track-category=\"Link no Texto\" data-track-links=\"\">Ele deve acessar o sistema com o CPF e senha do\u00a0<a href=\"http:\/\/gov.br\/\" target=\"_blank\" rel=\"noopener\">gov.br<\/a>\u00a0ou fazer cadastro em caso de primeiro acesso.<\/p>\n<\/div>\n<\/div>\n<div id=\"chunk-5ub0k\">\n<div class=\"mc-column content-text active-extra-styles \" data-block-type=\"unstyled\" data-block-weight=\"23\" data-block-id=\"32\">\n<p class=\"content-text__container \" data-track-category=\"Link no Texto\" data-track-links=\"\">Depois, \u00e9 preciso clicar em Benef\u00edcios e, ent\u00e3o, em Abono Salarial. Nesse campo, ele saber\u00e1 se \u00e9 ou n\u00e3o habilitado para o benef\u00edcio.<\/p>\n<\/div>\n<\/div>\n<div id=\"chunk-fpokv\">\n<div class=\"mc-column content-text active-extra-styles \" data-block-type=\"unstyled\" data-block-weight=\"24\" data-block-id=\"33\">\n<p class=\"content-text__container \" data-track-category=\"Link no Texto\" data-track-links=\"\">O trabalhador do setor privado tamb\u00e9m pode consultar a situa\u00e7\u00e3o do benef\u00edcio e a data de pagamento nos aplicativos<a href=\"https:\/\/www.caixa.gov.br\/atendimento\/aplicativos\/caixa-trabalhador\/Paginas\/default.aspx\" target=\"_blank\" rel=\"noopener\">\u00a0Caixa Trabalhador\u00a0<\/a>e\u00a0<a href=\"https:\/\/www.caixa.gov.br\/caixatem\/Paginas\/default.aspx\" target=\"_blank\" rel=\"noopener\">Caixa Tem<\/a>.<\/p>\n<\/div>\n<\/div>\n<div id=\"chunk-5fl7q\">\n<div class=\"mc-column content-text active-extra-styles \" data-block-type=\"unstyled\" data-block-weight=\"38\" data-block-id=\"34\">\n<p class=\"content-text__container \" data-track-category=\"Link no Texto\" data-track-links=\"\">Trabalhadores vinculados ao Pasep tamb\u00e9m podem fazer a consulta no<a href=\"https:\/\/www36.bb.com.br\/portalbb\/pasep\/pesquisa,802,17,505134,2,0,1.bbx?pk_vid=7fac422001881e771641905544a2024d&amp;pk_vid=7fac422001881e771641905544a2024d&amp;pk_vid=7fac422001881e771641905544a2024d\" target=\"_blank\" rel=\"noopener\">\u00a0<\/a><a href=\"https:\/\/www36.bb.com.br\/portalbb\/pasep\/pesquisa,802,17,505134,2,0,1.bbx?pk_vid=7fac422001881e771641905544a2024d&amp;pk_vid=7fac422001881e771641905544a2024d&amp;pk_vid=7fac422001881e771641905544a2024d\" target=\"_blank\" rel=\"noopener\">link do Banco do Brasil<\/a>. H\u00e1 tamb\u00e9m a op\u00e7\u00e3o de ligar para a Central de Atendimento do BB (<strong>4004-0001<\/strong>, capitais e regi\u00f5es metropolitanas, ou\u00a0<strong>0800 729 0001<\/strong>, interior).<\/p>\n<\/div>\n<\/div>\n<div id=\"chunk-1l9he\">\n<div class=\"mc-column content-text active-extra-styles \" data-block-type=\"unstyled\" data-block-weight=\"45\" data-block-id=\"35\">\n<p class=\"content-text__container \" data-track-category=\"Link no Texto\" data-track-links=\"\">O abono salarial concedido ap\u00f3s deferimento de recurso administrativo, de reprocessamento ou de decis\u00e3o judicial ser\u00e1 disponibilizado para pagamento no dia 15 do m\u00eas subsequente ao parecer ou da senten\u00e7a judicial ou no primeiro dia \u00fatil posterior, caso o dia estabelecido n\u00e3o seja dia \u00fatil.<\/p>\n<\/div>\n<\/div>\n<div id=\"chunk-2te10\">\n<div class=\"mc-column content-text active-extra-styles \" data-block-type=\"unstyled\" data-block-weight=\"45\" data-block-id=\"37\">\n<p class=\"content-text__container \" data-track-category=\"Link no Texto\" data-track-links=\"\">Os pagamentos do abono para trabalhadores informados na Rais at\u00e9 o dia 21 de junho de 2022 e no eSocial at\u00e9 o dia 5 de dezembro de 2022 ser\u00e3o disponibilizados no calend\u00e1rio de pagamentos de 2023 e, ap\u00f3s essas datas, no calend\u00e1rio do exerc\u00edcio seguinte.<\/p>\n<\/div>\n<\/div>\n<div class=\"mc-column content-text active-extra-styles\" data-block-type=\"raw\" data-block-weight=\"2\" data-block-id=\"38\">\n<div class=\"content-intertitle\">\n<h2>Como sacar<\/h2>\n<\/div>\n<p>Os trabalhadores da iniciativa privada com conta corrente ou poupan\u00e7a na Caixa Econ\u00f4mica Federal receber\u00e3o o cr\u00e9dito do PIS automaticamente no banco, de acordo com o m\u00eas de seu nascimento.<\/p>\n<\/div>\n<div id=\"chunk-cc22d\">\n<div class=\"mc-column content-text active-extra-styles \" data-block-type=\"unstyled\" data-block-weight=\"20\" data-block-id=\"40\">\n<p class=\"content-text__container \" data-track-category=\"Link no Texto\" data-track-links=\"\">Os demais benefici\u00e1rios receber\u00e3o os valores por meio da poupan\u00e7a social digital, que pode ser movimentada pelo aplicativo Caixa Tem.<\/p>\n<\/div>\n<\/div>\n<div id=\"chunk-56t33\">\n<div class=\"mc-column content-text active-extra-styles \" data-block-type=\"unstyled\" data-block-weight=\"44\" data-block-id=\"41\">\n<p class=\"content-text__container \" data-track-category=\"Link no Texto\" data-track-links=\"\">Caso n\u00e3o seja poss\u00edvel a abertura da conta digital, o saque poder\u00e1 ser realizado com o Cart\u00e3o do Cidad\u00e3o e senha nos terminais de autoatendimento, unidades lot\u00e9ricas, Caixa Aqui ou ag\u00eancias, tamb\u00e9m de acordo com o calend\u00e1rio de pagamento escalonado por m\u00eas de nascimento.<\/p>\n<\/div>\n<\/div>\n<div id=\"chunk-2pjbb\">\n<div class=\"mc-column content-text active-extra-styles \" data-block-type=\"unstyled\" data-block-weight=\"23\" data-block-id=\"42\">\n<p class=\"content-text__container \" data-track-category=\"Link no Texto\" data-track-links=\"\">J\u00e1 o pagamento do abono do Pasep ocorre via cr\u00e9dito em conta para quem \u00e9 correntista ou tem poupan\u00e7a no Banco do Brasil.<\/p>\n<\/div>\n<\/div>\n<div id=\"chunk-8m9sc\">\n<div class=\"mc-column content-text active-extra-styles \" data-block-type=\"unstyled\" data-block-weight=\"33\" data-block-id=\"43\">\n<p class=\"content-text__container \" data-track-category=\"Link no Texto\" data-track-links=\"\">O trabalhador que n\u00e3o \u00e9 correntista do BB pode efetuar a transfer\u00eancia via TED para conta de sua titularidade por meio dos terminais de autoatendimento, pelo site\u00a0<a href=\"http:\/\/www.bb.com.br\/pasep\" target=\"_blank\" rel=\"noopener\">www.bb.com.br\/pasep<\/a>\u00a0ou nos caixas das ag\u00eancias.<\/p>\n<\/div>\n<\/div>\n<\/div>\n<\/article>\n<\/div>\n","protected":false},"excerpt":{"rendered":"<p>PIS\/Pasep &#8211; Saques em ag\u00eancia da Caixa Econ\u00f4mica Federal \u2014 Foto: Jos\u00e9 Cruz\/Ag\u00eancia Brasil Os pagamentos do abono salarial\u00a0PIS&#8211;Pasep\u00a0de 2023, referente ao ano-base 2021, come\u00e7am nesta quarta-feira (15). A estimativa \u00e9 que cerca de 22,9 milh\u00f5es de trabalhadores recebam o abono salarial em 2023, no valor total de R$ 24 bilh\u00f5es. Para o pagamento do [&hellip;]<\/p>\n","protected":false},"author":2,"featured_media":0,"comment_status":"open","ping_status":"open","sticky":false,"template":"","format":"standard","meta":{"_links_to":"","_links_to_target":""},"categories":[7,9,8,1],"tags":[],"_links":{"self":[{"href":"https:\/\/www.ilheusnoticias.net.br\/v1\/wp-json\/wp\/v2\/posts\/31027"}],"collection":[{"href":"https:\/\/www.ilheusnoticias.net.br\/v1\/wp-json\/wp\/v2\/posts"}],"about":[{"href":"https:\/\/www.ilheusnoticias.net.br\/v1\/wp-json\/wp\/v2\/types\/post"}],"author":[{"embeddable":true,"href":"https:\/\/www.ilheusnoticias.net.br\/v1\/wp-json\/wp\/v2\/users\/2"}],"replies":[{"embeddable":true,"href":"https:\/\/www.ilheusnoticias.net.br\/v1\/wp-json\/wp\/v2\/comments?post=31027"}],"version-history":[{"count":1,"href":"https:\/\/www.ilheusnoticias.net.br\/v1\/wp-json\/wp\/v2\/posts\/31027\/revisions"}],"predecessor-version":[{"id":31028,"href":"https:\/\/www.ilheusnoticias.net.br\/v1\/wp-json\/wp\/v2\/posts\/31027\/revisions\/31028"}],"wp:attachment":[{"href":"https:\/\/www.ilheusnoticias.net.br\/v1\/wp-json\/wp\/v2\/media?parent=31027"}],"wp:term":[{"taxonomy":"category","embeddable":true,"href":"https:\/\/www.ilheusnoticias.net.br\/v1\/wp-json\/wp\/v2\/categories?post=31027"},{"taxonomy":"post_tag","embeddable":true,"href":"https:\/\/www.ilheusnoticias.net.br\/v1\/wp-json\/wp\/v2\/tags?post=31027"}],"curies":[{"name":"wp","href":"https:\/\/api.w.org\/{rel}","templated":true}]}}