{"id":31023,"date":"2023-02-15T08:28:24","date_gmt":"2023-02-15T11:28:24","guid":{"rendered":"https:\/\/www.ilheusnoticias.net.br\/v1\/?p=31023"},"modified":"2023-02-15T08:28:24","modified_gmt":"2023-02-15T11:28:24","slug":"na-mira-do-governo-por-irregularidade-no-auxilio-brasil-grupo-de-familias-com-um-unico-membro-mais-que-dobrou-em-2022","status":"publish","type":"post","link":"https:\/\/www.ilheusnoticias.net.br\/v1\/2023\/02\/15\/na-mira-do-governo-por-irregularidade-no-auxilio-brasil-grupo-de-familias-com-um-unico-membro-mais-que-dobrou-em-2022\/","title":{"rendered":"Na mira do governo por irregularidade no Aux\u00edlio Brasil, grupo de fam\u00edlias com um \u00fanico membro mais que dobrou em 2022"},"content":{"rendered":"<div class=\"row content-head non-featured \">\n<div class=\"title\" data-block-type=\"title\" data-block-id=\"0\">\n<h1 class=\"content-head__title\"><span style=\"font-size: 16px;\">Aumento foi de 156% entre novembro de 2021 e novembro de 2022. TCU alertou para incentivo a declara\u00e7\u00f5es falsas, e governo faz pente fino para apurar erros.<\/span><\/h1>\n<\/div>\n<\/div>\n<div class=\"mc-article-body\">\n<article>\n<div id=\"chunk-89lgd\">\n<div class=\"row medium-uncollapsed content-media content-photo\" data-block-type=\"backstage-photo\" data-block-id=\"1\">\n<div class=\"mc-column content-media__container\">\n<div class=\"content-media-container glb-skeleton-box\">\n<figure class=\"content-media-figure\"><img class=\"i-amphtml-fill-content i-amphtml-replaced-content\" src=\"https:\/\/s2.glbimg.com\/6bL0tvJniaesc5EC93LgTOIbCps=\/0x0:640x360\/984x0\/smart\/filters:strip_icc()\/i.s3.glbimg.com\/v1\/AUTH_59edd422c0c84a879bd37670ae4f538a\/internal_photos\/bs\/2022\/8\/L\/zwAzBvT5GwHmbBcJ3mLg\/abr.jpg\" sizes=\"(max-width: 1366px) 648px, 100vw\" srcset=\"https:\/\/s2.glbimg.com\/RvXHJDvVk0PVyIdjCtdum9nPmgs=\/0x0:640x360\/1000x0\/smart\/filters:strip_icc()\/i.s3.glbimg.com\/v1\/AUTH_59edd422c0c84a879bd37670ae4f538a\/internal_photos\/bs\/2022\/8\/L\/zwAzBvT5GwHmbBcJ3mLg\/abr.jpg 1000w, https:\/\/s2.glbimg.com\/6bL0tvJniaesc5EC93LgTOIbCps=\/0x0:640x360\/984x0\/smart\/filters:strip_icc()\/i.s3.glbimg.com\/v1\/AUTH_59edd422c0c84a879bd37670ae4f538a\/internal_photos\/bs\/2022\/8\/L\/zwAzBvT5GwHmbBcJ3mLg\/abr.jpg 984w, https:\/\/s2.glbimg.com\/zTu3-4WOGhLG3hgdsxnZ3sqTC5k=\/0x0:640x360\/640x0\/smart\/filters:strip_icc()\/i.s3.glbimg.com\/v1\/AUTH_59edd422c0c84a879bd37670ae4f538a\/internal_photos\/bs\/2022\/8\/L\/zwAzBvT5GwHmbBcJ3mLg\/abr.jpg 640w, https:\/\/s2.glbimg.com\/PSk-ekkXEPHkyC7_KrXCMNOGTnM=\/0x0:640x360\/600x0\/smart\/filters:strip_icc()\/i.s3.glbimg.com\/v1\/AUTH_59edd422c0c84a879bd37670ae4f538a\/internal_photos\/bs\/2022\/8\/L\/zwAzBvT5GwHmbBcJ3mLg\/abr.jpg 600w\" alt=\"Aux\u00edlio Brasil foi criado em dezembro de 2021, por meio de lei que extinguiu o Bolsa Fam\u00edlia \u2014 Foto: Divulga\u00e7\u00e3o via BBC\" \/><\/figure>\n<\/div>\n<p class=\"content-media__description \">Aux\u00edlio Brasil foi criado em dezembro de 2021, por meio de lei que extinguiu o Bolsa Fam\u00edlia \u2014 Foto: Divulga\u00e7\u00e3o via BBC<\/p>\n<\/div>\n<\/div>\n<\/div>\n<div id=\"chunk-afdhn\">\n<div class=\"mc-column content-text active-extra-styles \" data-block-type=\"unstyled\" data-block-weight=\"61\" data-block-id=\"3\">\n<p class=\"content-text__container \" data-track-category=\"Link no Texto\" data-track-links=\"\">Dados oficiais do Minist\u00e9rio do Desenvolvimento Social e Cidadania mostram que o n\u00famero de fam\u00edlias unipessoais benefici\u00e1rias do\u00a0<a href=\"https:\/\/g1.globo.com\/tudo-sobre\/auxilio-brasil\/\">Aux\u00edlio Brasil<\/a> mais que dobrou ao longo de 2022. Em novembro de 2021, havia 2.206.483 fam\u00edlias com um \u00fanico membro recebendo o benef\u00edcio. Um ano depois, em novembro de 2022, este grupo havia crescido 156%, alcan\u00e7ando 5.663.191 &#8211; superior \u00e0 popula\u00e7\u00e3o de Alagoas<\/p>\n<\/div>\n<\/div>\n<div class=\"wall protected-content\">\n<div id=\"chunk-29m8l\">\n<div class=\"mc-column content-text active-extra-styles \" data-block-type=\"unstyled\" data-block-weight=\"63\" data-block-id=\"5\">\n<p class=\"content-text__container \" data-track-category=\"Link no Texto\" data-track-links=\"\">Este grupo \u00e9 apontado como uma das categorias com maior potencial para recebimento indevido do benef\u00edcio a partir de informa\u00e7\u00f5es falsas sobre a estrutura das fam\u00edlias benefici\u00e1rias. Por motivos como esse, o grupo \u00e9 um dos focos do pente-fino que vem sendo realizado desde o fim do ano passado pelo governo federal no Cadastro \u00danico, que re\u00fane os benefici\u00e1rios de programas sociais federais.<\/p>\n<\/div>\n<\/div>\n<div id=\"chunk-1hi3r\">\n<div class=\"mc-column content-text active-extra-styles \" data-block-type=\"unstyled\" data-block-weight=\"35\" data-block-id=\"7\">\n<p class=\"content-text__container \" data-track-category=\"Link no Texto\" data-track-links=\"\">Nesta segunda-feira (13), o ministro\u00a0<a href=\"https:\/\/g1.globo.com\/politica\/politico\/wellington-dias\/\">Wellington Dias<\/a>\u00a0anunciou que as novas regras para o programa, que volta a se chamar\u00a0<a href=\"https:\/\/g1.globo.com\/tudo-sobre\/bolsa-familia\/\">Bolsa Fam\u00edlia<\/a>, j\u00e1 est\u00e3o prontas e\u00a0<a href=\"https:\/\/g1.globo.com\/politica\/noticia\/2023\/02\/13\/novo-bolsa-familia-esta-pronto-e-sera-levado-a-lula-na-proxima-semana-diz-wellington-dias.ghtml\">devem ser apresentadas na pr\u00f3xima semana ao presidente Lula<\/a>.<\/p>\n<\/div>\n<\/div>\n<div id=\"chunk-95qmf\">\n<div class=\"mc-column content-text active-extra-styles \" data-block-type=\"unstyled\" data-block-weight=\"34\" data-block-id=\"8\">\n<p class=\"content-text__container \" data-track-category=\"Link no Texto\" data-track-links=\"\">Os dados mais recentes apontam que quase 22 milh\u00f5es de fam\u00edlias recebem o Aux\u00edlio Brasil, mas o governo v\u00ea ind\u00edcios de que pelo menos 2,5 milh\u00f5es destas fam\u00edlias recebem o benef\u00edcio de maneira indevida.<\/p>\n<\/div>\n<\/div>\n<div id=\"chunk-ft5h2\">\n<div class=\"mc-column content-text active-extra-styles \" data-block-type=\"unstyled\" data-block-weight=\"24\" data-block-id=\"9\">\n<p class=\"content-text__container \" data-track-category=\"Link no Texto\" data-track-links=\"\">Nesta semana, a pasta do Desenvolvimento Social e Cidadania assinou um acordo com a Defensoria P\u00fablica da Uni\u00e3o (DPU) para promover melhorias no cadastro.<\/p>\n<\/div>\n<\/div>\n<div id=\"chunk-1pj62\">\n<div class=\"bs-video-block mc-column  content-media content-video\" data-block-type=\"backstage-video\" data-block-id=\"10\">\n<div class=\"content-media__container\">\n<div class=\"content-video__bigger-player-description-fixer\">\n<article class=\"content-video\">\n<section class=\"content-video__video-container\">\n<div class=\"content-video__video\">\n<div class=\"content-video__placeholder\" data-video-id=\"11365882\" data-video-has-viewport-play=\"True\"><img class=\"content-video__placeholder__thumb\" title=\"Novo Bolsa Fam\u00edlia j\u00e1 est\u00e1 pronto para ser apresentado ao presidente Lula\" src=\"https:\/\/s03.video.glbimg.com\/x240\/11365882.jpg\" alt=\"Novo Bolsa Fam\u00edlia j\u00e1 est\u00e1 pronto para ser apresentado ao presidente Lula\" \/><\/div>\n<\/div>\n<\/section>\n<\/article>\n<\/div>\n<p class=\"content-media__description\">Novo Bolsa Fam\u00edlia j\u00e1 est\u00e1 pronto para ser apresentado ao presidente Lula<\/p>\n<\/div>\n<\/div>\n<\/div>\n<div class=\"mc-column content-text active-extra-styles\" data-block-type=\"raw\" data-block-weight=\"5\" data-block-id=\"11\">\n<div class=\"content-intertitle\">\n<h2><strong>Aumentos por faixa de idade<\/strong><\/h2>\n<\/div>\n<\/div>\n<div id=\"chunk-4ciqp\">\n<div class=\"mc-column content-text active-extra-styles \" data-block-type=\"unstyled\" data-block-weight=\"61\" data-block-id=\"12\">\n<p class=\"content-text__container \" data-track-category=\"Link no Texto\" data-track-links=\"\">Os n\u00fameros que apontam o crescimento de 156% no total de fam\u00edlias unipessoais foram obtidos por meio da Lei de Acesso \u00e0 Informa\u00e7\u00e3o. Em determinadas faixas et\u00e1rias a alta \u00e9 ainda mais significativa. Se, em\u00a0<span class=\"highlight highlighted\">2021, havia\u00a0<\/span><strong><span class=\"highlight highlighted\">2.395\u00a0<\/span><\/strong><span class=\"highlight highlighted\">fam\u00edlias compostas por uma \u00fanica pessoa de<\/span><strong><span class=\"highlight highlighted\">\u00a018 anos<\/span><\/strong><span class=\"highlight highlighted\">,<\/span>\u00a0este grupo\u00a0<span class=\"highlight highlighted\">saltou para\u00a0<\/span><strong><span class=\"highlight highlighted\">49.374<\/span><\/strong><span class=\"highlight highlighted\">\u00a0ap\u00f3s\u00a0<\/span><strong><span class=\"highlight highlighted\">doze meses<\/span><\/strong><span class=\"highlight highlighted\">, um salto de quase 20 vezes<\/span>.<\/p>\n<\/div>\n<\/div>\n<div id=\"chunk-aldpi\">\n<div class=\"mc-column content-text active-extra-styles \" data-block-type=\"unstyled\" data-block-weight=\"16\" data-block-id=\"14\">\n<p class=\"content-text__container \" data-track-category=\"Link no Texto\" data-track-links=\"\">Na faixa de 100 anos ou mais, o aumento foi de 48 para 148 fam\u00edlias benefici\u00e1rias.<\/p>\n<\/div>\n<\/div>\n<div id=\"chunk-ddif0\">\n<div class=\"mc-column content-text active-extra-styles \" data-block-type=\"unstyled\" data-block-weight=\"20\" data-block-id=\"15\">\n<p class=\"content-text__container \" data-track-category=\"Link no Texto\" data-track-links=\"\">Em nota, o minist\u00e9rio afirmou que estima que 1,7 milh\u00e3o de cadastros unipessoais podem ter sido feitos de forma equivocada.<\/p>\n<\/div>\n<\/div>\n<div class=\"mc-column content-text active-extra-styles\" data-block-type=\"raw\" data-block-weight=\"4\" data-block-id=\"16\">\n<div class=\"content-intertitle\">\n<h2>TCU alertou para alta<\/h2>\n<\/div>\n<\/div>\n<div id=\"chunk-13qt6\">\n<div class=\"bs-video-block mc-column  content-media content-video\" data-block-type=\"backstage-video\" data-block-id=\"17\">\n<div class=\"content-media__container\">\n<div class=\"content-video__bigger-player-description-fixer\">\n<article class=\"content-video\">\n<section class=\"content-video__video-container\">\n<div class=\"content-video__video\">\n<div class=\"content-video__placeholder\" data-video-id=\"11204388\" data-video-has-viewport-play=\"True\"><img class=\"content-video__placeholder__thumb\" title=\"Haddad sobre Aux\u00edlio Brasil: 'N\u00e3o foi feito para combater a fome, foi feito para maximizar o n\u00famero de votos'\" src=\"https:\/\/s01.video.glbimg.com\/x240\/11204388.jpg\" alt=\"Haddad sobre Aux\u00edlio Brasil: 'N\u00e3o foi feito para combater a fome, foi feito para maximizar o n\u00famero de votos'\" \/><\/div>\n<div id=\"wp3-player-3\" class=\"clappr-player\" tabindex=\"9999\" data-player=\"\">\n<div class=\"dfp-ad-overlay dfp-ad-overlay--poster-mode\">\n<div><\/div>\n<\/div>\n<div class=\"media-control media-control-hide h720 w960\">\n<div class=\"media-control-panel\">\n<div class=\"media-control-panel__lower\" data-controls=\"\">\n<div class=\"opposites-container\">\n<div class=\"media-control-position__right\">Haddad sobre Aux\u00edlio Brasil: &#8216;N\u00e3o foi feito para combater a fome, foi feito para maximizar o n\u00famero de votos&#8217;<\/div>\n<\/div>\n<\/div>\n<\/div>\n<\/div>\n<\/div>\n<\/div>\n<\/section>\n<\/article>\n<\/div>\n<\/div>\n<\/div>\n<\/div>\n<div id=\"chunk-kd1r\">\n<div class=\"mc-column content-text active-extra-styles \" data-block-type=\"unstyled\" data-block-weight=\"35\" data-block-id=\"18\">\n<p class=\"content-text__container \" data-track-category=\"Link no Texto\" data-track-links=\"\">\u00d3rg\u00e3os como o\u00a0<a href=\"https:\/\/g1.globo.com\/politica\/noticia\/2022\/12\/07\/auxilio-brasil-beneficia-familias-de-uma-unica-pessoa-custa-mais-aos-cofres-publicos-e-tem-beneficiarios-em-excesso-conclui-tcu.ghtml\">TCU j\u00e1 alertavam para a alta significativa nos n\u00fameros e que as novas regras criadas para o benef\u00edcio<\/a>, implementadas ainda no governo de\u00a0<a href=\"https:\/\/g1.globo.com\/politica\/politico\/jair-bolsonaro\/\">Jair Bolsonaro<\/a>, incentivaram declara\u00e7\u00f5es falsas sobre a composi\u00e7\u00e3o familiar.<\/p>\n<\/div>\n<\/div>\n<div id=\"chunk-7copf\">\n<div class=\"mc-column content-text active-extra-styles \" data-block-type=\"unstyled\" data-block-weight=\"18\" data-block-id=\"19\">\n<p class=\"content-text__container \" data-track-category=\"Link no Texto\" data-track-links=\"\">O problema estaria na possibilidade de integrantes de uma mesma fam\u00edlia se registrarem separadamente para obter mais recursos.<\/p>\n<\/div>\n<\/div>\n<div id=\"chunk-3d3fq\">\n<div class=\"mc-column content-text active-extra-styles \" data-block-type=\"unstyled\" data-block-weight=\"24\" data-block-id=\"20\">\n<p class=\"content-text__container \" data-track-category=\"Link no Texto\" data-track-links=\"\">Em relat\u00f3rio publicado no fim do ano passado, o ministro relator do caso, Augusto Sherman, alertava para as poss\u00edveis consequ\u00eancias desta quest\u00e3o no programa.<\/p>\n<\/div>\n<\/div>\n<div class=\"mc-column content-text active-extra-styles\" data-block-type=\"raw\" data-block-weight=\"40\" data-block-id=\"22\">\n<blockquote class=\"content-blockquote theme-border-color-primary-before\"><p>&#8220;Esse comportamento acaba por gerar distor\u00e7\u00f5es ainda maiores, pois enquanto uma fam\u00edlia de adultos pode se fragmentar em tantas fam\u00edlias quanto pessoas forem constituindo diversas fam\u00edlias unipessoais, uma fam\u00edlia com crian\u00e7as e adolescentes n\u00e3o tem a mesma capacidade&#8221;, alerta Sherman.<\/p><\/blockquote>\n<\/div>\n<\/div>\n<\/article>\n<\/div>\n","protected":false},"excerpt":{"rendered":"<p>Aumento foi de 156% entre novembro de 2021 e novembro de 2022. TCU alertou para incentivo a declara\u00e7\u00f5es falsas, e governo faz pente fino para apurar erros. Aux\u00edlio Brasil foi criado em dezembro de 2021, por meio de lei que extinguiu o Bolsa Fam\u00edlia \u2014 Foto: Divulga\u00e7\u00e3o via BBC Dados oficiais do Minist\u00e9rio do Desenvolvimento [&hellip;]<\/p>\n","protected":false},"author":2,"featured_media":0,"comment_status":"open","ping_status":"open","sticky":false,"template":"","format":"standard","meta":{"_links_to":"","_links_to_target":""},"categories":[7,9,8,1],"tags":[],"_links":{"self":[{"href":"https:\/\/www.ilheusnoticias.net.br\/v1\/wp-json\/wp\/v2\/posts\/31023"}],"collection":[{"href":"https:\/\/www.ilheusnoticias.net.br\/v1\/wp-json\/wp\/v2\/posts"}],"about":[{"href":"https:\/\/www.ilheusnoticias.net.br\/v1\/wp-json\/wp\/v2\/types\/post"}],"author":[{"embeddable":true,"href":"https:\/\/www.ilheusnoticias.net.br\/v1\/wp-json\/wp\/v2\/users\/2"}],"replies":[{"embeddable":true,"href":"https:\/\/www.ilheusnoticias.net.br\/v1\/wp-json\/wp\/v2\/comments?post=31023"}],"version-history":[{"count":2,"href":"https:\/\/www.ilheusnoticias.net.br\/v1\/wp-json\/wp\/v2\/posts\/31023\/revisions"}],"predecessor-version":[{"id":31026,"href":"https:\/\/www.ilheusnoticias.net.br\/v1\/wp-json\/wp\/v2\/posts\/31023\/revisions\/31026"}],"wp:attachment":[{"href":"https:\/\/www.ilheusnoticias.net.br\/v1\/wp-json\/wp\/v2\/media?parent=31023"}],"wp:term":[{"taxonomy":"category","embeddable":true,"href":"https:\/\/www.ilheusnoticias.net.br\/v1\/wp-json\/wp\/v2\/categories?post=31023"},{"taxonomy":"post_tag","embeddable":true,"href":"https:\/\/www.ilheusnoticias.net.br\/v1\/wp-json\/wp\/v2\/tags?post=31023"}],"curies":[{"name":"wp","href":"https:\/\/api.w.org\/{rel}","templated":true}]}}