{"id":31021,"date":"2023-02-15T08:23:53","date_gmt":"2023-02-15T11:23:53","guid":{"rendered":"https:\/\/www.ilheusnoticias.net.br\/v1\/?p=31021"},"modified":"2023-02-15T08:23:53","modified_gmt":"2023-02-15T11:23:53","slug":"ao-lado-de-ministro-dos-transportes-jeronimo-participa-de-entrega-do-complexo-de-viadutos-na-br-116-em-feira-de-santana","status":"publish","type":"post","link":"https:\/\/www.ilheusnoticias.net.br\/v1\/2023\/02\/15\/ao-lado-de-ministro-dos-transportes-jeronimo-participa-de-entrega-do-complexo-de-viadutos-na-br-116-em-feira-de-santana\/","title":{"rendered":"Ao lado de ministro dos Transportes, Jer\u00f4nimo participa de entrega do complexo de viadutos na BR-116, em Feira de Santana"},"content":{"rendered":"<div class=\"Post\">\n<div class=\"Post-body\">\n<div class=\"Post-inner article\">\n<div class=\"PostFooterIcons metadata-icons\">\n<div align=\"center\"><\/div>\n<\/div>\n<\/div>\n<\/div>\n<\/div>\n<div class=\"Post\">\n<div class=\"Post-body\">\n<div class=\"Post-inner article\">\n<div class=\"PostHeaderIcons metadata-icons\"><\/div>\n<div class=\"PostContent\">\n<p><img src=\"http:\/\/www.blogdothame.blog.br\/v1\/wp-content\/uploads\/2023\/02\/feira-sant-3.jpg\" \/><\/p>\n<p>Na manh\u00e3 desta ter\u00e7a-feira (14), o governador Jer\u00f4nimo Rodrigues acompanhou o ministro dos Transportes, Renan Filho, em visita \u00e0 Feira de Santana, para a entrega de um complexo de viadutos na BR-116, no trecho que liga a cidade \u00e0 Serrinha. A obra permite a separa\u00e7\u00e3o do tr\u00e1fego rodovi\u00e1rio do per\u00edmetro urbano, reduzindo o n\u00famero de acidentes e mantendo os retornos pr\u00f3ximos \u00e0 Universidade Estadual de Feira de Santana (Uefs).<\/p>\n<p>Renan Filho anunciou que o governo federal ir\u00e1 aplicar R$ 1,6 bilh\u00e3o em 2023 na Bahia para recuperar e fazer a manuten\u00e7\u00e3o de rodovias e que a expectativa \u00e9 que at\u00e9 outubro deste ano o projeto para o trecho da obra do eixo leste j\u00e1 esteja contratado. Ele ainda adiantou que o governo estuda uma concess\u00e3o para um ano vi\u00e1rio ainda maior do que o projeto vigente. \u201cFeira de Santana \u00e9 uma cidade vocacionada para crescer, aqui a gente sobrevoa e v\u00ea residenciais do Minha Casa Minha Vida por todas as parte, v\u00ea o desenvolvimento da cidade. E\u00a0a\u00a0cidade j\u00e1 abra\u00e7ou o anel, precisamos agora \u00e9 fazer um anel ainda maior\u201d.<\/p>\n<p>Jer\u00f4nimo contextualizou que o investimento estrat\u00e9gico em mobilidade \u00e9 uma prioridade para sua gest\u00e3o. \u201cQuando me encontrei com o presidente Lula, no dia 27 de janeiro levei, tr\u00eas pedidos para o desenvolvimento da Bahia e um deles foi mobilidade. Ponte Salvador-Itaparica, a Ferrovia Oeste Leste e as rodovias. Esse recurso que teremos agora, n\u00e3o resolve tudo, porque temos muitos gargalos, mas \u00e9 o primeiro passo\u201d, disse Jer\u00f4nimo.<\/p>\n<\/div>\n<\/div>\n<\/div>\n<\/div>\n","protected":false},"excerpt":{"rendered":"<p>Na manh\u00e3 desta ter\u00e7a-feira (14), o governador Jer\u00f4nimo Rodrigues acompanhou o ministro dos Transportes, Renan Filho, em visita \u00e0 Feira de Santana, para a entrega de um complexo de viadutos na BR-116, no trecho que liga a cidade \u00e0 Serrinha. A obra permite a separa\u00e7\u00e3o do tr\u00e1fego rodovi\u00e1rio do per\u00edmetro urbano, reduzindo o n\u00famero de [&hellip;]<\/p>\n","protected":false},"author":2,"featured_media":0,"comment_status":"open","ping_status":"open","sticky":false,"template":"","format":"standard","meta":{"_links_to":"","_links_to_target":""},"categories":[7,9,8,1],"tags":[],"_links":{"self":[{"href":"https:\/\/www.ilheusnoticias.net.br\/v1\/wp-json\/wp\/v2\/posts\/31021"}],"collection":[{"href":"https:\/\/www.ilheusnoticias.net.br\/v1\/wp-json\/wp\/v2\/posts"}],"about":[{"href":"https:\/\/www.ilheusnoticias.net.br\/v1\/wp-json\/wp\/v2\/types\/post"}],"author":[{"embeddable":true,"href":"https:\/\/www.ilheusnoticias.net.br\/v1\/wp-json\/wp\/v2\/users\/2"}],"replies":[{"embeddable":true,"href":"https:\/\/www.ilheusnoticias.net.br\/v1\/wp-json\/wp\/v2\/comments?post=31021"}],"version-history":[{"count":1,"href":"https:\/\/www.ilheusnoticias.net.br\/v1\/wp-json\/wp\/v2\/posts\/31021\/revisions"}],"predecessor-version":[{"id":31022,"href":"https:\/\/www.ilheusnoticias.net.br\/v1\/wp-json\/wp\/v2\/posts\/31021\/revisions\/31022"}],"wp:attachment":[{"href":"https:\/\/www.ilheusnoticias.net.br\/v1\/wp-json\/wp\/v2\/media?parent=31021"}],"wp:term":[{"taxonomy":"category","embeddable":true,"href":"https:\/\/www.ilheusnoticias.net.br\/v1\/wp-json\/wp\/v2\/categories?post=31021"},{"taxonomy":"post_tag","embeddable":true,"href":"https:\/\/www.ilheusnoticias.net.br\/v1\/wp-json\/wp\/v2\/tags?post=31021"}],"curies":[{"name":"wp","href":"https:\/\/api.w.org\/{rel}","templated":true}]}}