{"id":31019,"date":"2023-02-15T08:21:51","date_gmt":"2023-02-15T11:21:51","guid":{"rendered":"https:\/\/www.ilheusnoticias.net.br\/v1\/?p=31019"},"modified":"2023-02-15T08:21:51","modified_gmt":"2023-02-15T11:21:51","slug":"mario-alexandre-assina-contrato-de-cessao-de-uso-para-revitalizacao-do-antigo-porto-de-ilheus","status":"publish","type":"post","link":"https:\/\/www.ilheusnoticias.net.br\/v1\/2023\/02\/15\/mario-alexandre-assina-contrato-de-cessao-de-uso-para-revitalizacao-do-antigo-porto-de-ilheus\/","title":{"rendered":"M\u00e1rio Alexandre assina contrato de cess\u00e3o de uso para revitaliza\u00e7\u00e3o do antigo Porto de Ilh\u00e9us"},"content":{"rendered":"<div class=\"imagem thumbnail col-xs-12 col-sm-8 col-md-6 col-lg-6 imagem-materia\"><a class=\"fresco\" title=\"\" href=\"https:\/\/portalfacilarquivos.blob.core.windows.net\/uploads\/ILHEUS\/imgOrig\/%7B3CD6D04A-A7DB-E4AB-E5DE-DC2E67CAEB48%7D.jpg\" data-fresco-caption=\"\"><img loading=\"lazy\" title=\"\" src=\"https:\/\/portalfacilarquivos.blob.core.windows.net\/uploads\/ILHEUS\/img\/%7B3CD6D04A-A7DB-E4AB-E5DE-DC2E67CAEB48%7D\/%7B3CD6D04A-A7DB-E4AB-E5DE-DC2E67CAEB48%7D_650X450.jpg\" alt=\"assinatura; cess\u00e3o de uso; antigo porto de ilh\u00e9us\" width=\"650\" height=\"450\" \/><\/a><\/p>\n<p class=\"bg-primary\">Cumprindo agenda administrativa em Salvador nesta ter\u00e7a-feira (14), o prefeito M\u00e1rio Alexandre assinou com a Companhia das Docas do Estado da Bahia (Codeba) o contrato de cess\u00e3o de uso da \u00e1rea do antigo Porto de Ilh\u00e9us, localizado na Ba\u00eda do Pontal. A cerim\u00f4nia foi realizada no Porto de Aratu e contou com as presen\u00e7as do ministro dos Portos e Aeroportos, M\u00e1rcio Fran\u00e7a, do vice-governador Geraldo J\u00fanior, do vice-almirante Carlos Autran, diretor-presidente da Codeba, e da deputada estadual Soane Galv\u00e3o, respons\u00e1vel por articular o encontro.<\/p>\n<\/div>\n<p>Por meio do contrato de cess\u00e3o n\u00e3o onerosa, a popula\u00e7\u00e3o ilheense vai ganhar um novo equipamento para atividades de turismo e lazer. Em contrapartida, o Munic\u00edpio vai ceder a \u00e1rea da Concha Ac\u00fastica e o entorno para amplia\u00e7\u00e3o do Porto do Malhado, com o intuito de melhorar o fluxo do terminal e atender os turistas de navios.<\/p>\n<div class=\"imagem thumbnail col-xs-12 col-sm-8 col-md-6 col-lg-6 imagem-materia\"><a class=\"fresco\" title=\"\" href=\"https:\/\/portalfacilarquivos.blob.core.windows.net\/uploads\/ILHEUS\/imgOrig\/%7BE87E4ABA-BBEE-AB87-5DED-EC26A88BACE8%7D.jpg\" data-fresco-caption=\"\"><img loading=\"lazy\" title=\"\" src=\"https:\/\/portalfacilarquivos.blob.core.windows.net\/uploads\/ILHEUS\/img\/%7BE87E4ABA-BBEE-AB87-5DED-EC26A88BACE8%7D\/%7BE87E4ABA-BBEE-AB87-5DED-EC26A88BACE8%7D_650X450.jpg\" alt=\"assinatura; cess\u00e3o de uso; antigo porto de ilh\u00e9us\" width=\"650\" height=\"450\" \/><\/a><\/p>\n<p class=\"bg-primary\">\u201cEssa revitaliza\u00e7\u00e3o n\u00e3o traz apenas benef\u00edcios para Ilh\u00e9us, mas fortalece o turismo, gera renda e emprego para toda a regi\u00e3o. Come\u00e7amos com o governador Rui, lutando para conseguir a cess\u00e3o daquela \u00e1rea t\u00e3o importante do Centro Hist\u00f3rico, e, agora, com Jer\u00f4nimo e Geraldinho, vamos dar continuidade e garantir a execu\u00e7\u00e3o desse projeto grandioso. Mais uma vit\u00f3ria, fruto de muito esfor\u00e7o e dedica\u00e7\u00e3o\u201d, declarou M\u00e1rio Alexandre.<\/p>\n<\/div>\n<p>O prefeito frisou que os galp\u00f5es do cais do antigo porto estavam abandonados h\u00e1 d\u00e9cadas. A busca por alternativas para viabilizar a revitaliza\u00e7\u00e3o da \u00e1rea integra o pacote de melhorias pensado ainda no primeiro ano de governo.\u00a0<strong><a href=\"https:\/\/www.ilheus.ba.gov.br\/detalhe-da-materia\/info\/prefeito-quer-a-revitalizacao-da-area-do-antigo-porto-de-ilheus\/48798\" target=\"_blank\" rel=\"noopener\">Relembre aqui.<\/a><\/strong><\/p>\n<p>&nbsp;<\/p>\n<div class=\"imagem thumbnail col-xs-12 col-sm-8 col-md-6 col-lg-6 imagem-materia\"><a class=\"fresco\" title=\"\u00c1rea da Concha Ac\u00fastica\" href=\"https:\/\/portalfacilarquivos.blob.core.windows.net\/uploads\/ILHEUS\/imgOrig\/%7BEDC82BDD-7CBB-AEC8-EDA3-B680A277DAEB%7D.jpg\" data-fresco-caption=\"\u00c1rea da Concha Ac\u00fastica\"><img loading=\"lazy\" title=\"\u00c1rea da Concha Ac\u00fastica\" src=\"https:\/\/portalfacilarquivos.blob.core.windows.net\/uploads\/ILHEUS\/img\/%7BEDC82BDD-7CBB-AEC8-EDA3-B680A277DAEB%7D\/%7BEDC82BDD-7CBB-AEC8-EDA3-B680A277DAEB%7D_650X450.jpg\" alt=\"concha ac\u00fastica de ilh\u00e9us\" width=\"650\" height=\"450\" \/><\/a><\/p>\n<p class=\"bg-primary\">\u00c1rea da Concha Ac\u00fastica<\/p>\n<\/div>\n<p>A iniciativa ser\u00e1 executada com o apoio do Minist\u00e9rio de Portos e Aeroportos do Brasil e do ente estadual. \u201cVivemos um momento muito dif\u00edcil com a pandemia e a economia precisa voltar a trazer os bons frutos, e esse \u00e9 o intuito do Governo do Estado, ao promover a gera\u00e7\u00e3o de emprego e renda. Esse ato de hoje, destinado para o territ\u00f3rio de Ilh\u00e9us e Itabuna, faz parte de um conjunto de a\u00e7\u00f5es inerentes ao desenvolvimento econ\u00f4mico da Bahia\u201d, explicou o vice-governador.<\/p>\n<p>A cess\u00e3o de uso das \u00e1reas 7 e 9 do antigo Porto de Ilh\u00e9us tem amparo legal na Lei n\u00ba 12.815\/2013, que regula a explora\u00e7\u00e3o de portos organizados e de instala\u00e7\u00f5es portu\u00e1rias.<\/p>\n<p>&nbsp;<\/p>\n<div class=\"imagem thumbnail col-xs-12 col-sm-8 col-md-6 col-lg-6 imagem-materia\"><a class=\"fresco\" title=\"Antigo Porto de Ilh\u00e9us\" href=\"https:\/\/portalfacilarquivos.blob.core.windows.net\/uploads\/ILHEUS\/imgOrig\/%7BB5CA272B-645D-CD4C-B8E8-EA8EE1C62CDC%7D.jpg\" data-fresco-caption=\"Antigo Porto de Ilh\u00e9us\"><img loading=\"lazy\" title=\"Antigo Porto de Ilh\u00e9us\" src=\"https:\/\/portalfacilarquivos.blob.core.windows.net\/uploads\/ILHEUS\/img\/%7BB5CA272B-645D-CD4C-B8E8-EA8EE1C62CDC%7D\/%7BB5CA272B-645D-CD4C-B8E8-EA8EE1C62CDC%7D_650X450.jpg\" alt=\"assinatura; cess\u00e3o de uso; antigo porto de ilh\u00e9us\" width=\"650\" height=\"450\" \/><\/a><\/p>\n<p class=\"bg-primary\">Antigo Porto de Ilh\u00e9us<\/p>\n<\/div>\n<p>\u201cCom a determina\u00e7\u00e3o do presidente, de n\u00e3o privatizar as autoridades portu\u00e1rias, vamos fazer concess\u00f5es dos servi\u00e7os portu\u00e1rios com fortes investimentos para poder renovar a nossa f\u00e9 no brasileiro e nos servidores p\u00fablicos\u201d, afirmou o ministro M\u00e1rcio Fran\u00e7a.<\/p>\n<p>O Munic\u00edpio aguarda os tr\u00e2mites jur\u00eddicos da transfer\u00eancia das \u00e1reas para dar in\u00edcio \u00e0s obras. Com a moderniza\u00e7\u00e3o, o espa\u00e7o ser\u00e1 reintegrado \u00e0 vida da cidade, em uma regi\u00e3o estrat\u00e9gica que atende ao programa de desenvolvimento do turismo e do com\u00e9rcio local, al\u00e9m de servir como op\u00e7\u00e3o de lazer para toda a popula\u00e7\u00e3o.<\/p>\n","protected":false},"excerpt":{"rendered":"<p>Cumprindo agenda administrativa em Salvador nesta ter\u00e7a-feira (14), o prefeito M\u00e1rio Alexandre assinou com a Companhia das Docas do Estado da Bahia (Codeba) o contrato de cess\u00e3o de uso da \u00e1rea do antigo Porto de Ilh\u00e9us, localizado na Ba\u00eda do Pontal. A cerim\u00f4nia foi realizada no Porto de Aratu e contou com as presen\u00e7as do [&hellip;]<\/p>\n","protected":false},"author":2,"featured_media":0,"comment_status":"open","ping_status":"open","sticky":false,"template":"","format":"standard","meta":{"_links_to":"","_links_to_target":""},"categories":[7,9,8,1],"tags":[],"_links":{"self":[{"href":"https:\/\/www.ilheusnoticias.net.br\/v1\/wp-json\/wp\/v2\/posts\/31019"}],"collection":[{"href":"https:\/\/www.ilheusnoticias.net.br\/v1\/wp-json\/wp\/v2\/posts"}],"about":[{"href":"https:\/\/www.ilheusnoticias.net.br\/v1\/wp-json\/wp\/v2\/types\/post"}],"author":[{"embeddable":true,"href":"https:\/\/www.ilheusnoticias.net.br\/v1\/wp-json\/wp\/v2\/users\/2"}],"replies":[{"embeddable":true,"href":"https:\/\/www.ilheusnoticias.net.br\/v1\/wp-json\/wp\/v2\/comments?post=31019"}],"version-history":[{"count":1,"href":"https:\/\/www.ilheusnoticias.net.br\/v1\/wp-json\/wp\/v2\/posts\/31019\/revisions"}],"predecessor-version":[{"id":31020,"href":"https:\/\/www.ilheusnoticias.net.br\/v1\/wp-json\/wp\/v2\/posts\/31019\/revisions\/31020"}],"wp:attachment":[{"href":"https:\/\/www.ilheusnoticias.net.br\/v1\/wp-json\/wp\/v2\/media?parent=31019"}],"wp:term":[{"taxonomy":"category","embeddable":true,"href":"https:\/\/www.ilheusnoticias.net.br\/v1\/wp-json\/wp\/v2\/categories?post=31019"},{"taxonomy":"post_tag","embeddable":true,"href":"https:\/\/www.ilheusnoticias.net.br\/v1\/wp-json\/wp\/v2\/tags?post=31019"}],"curies":[{"name":"wp","href":"https:\/\/api.w.org\/{rel}","templated":true}]}}