{"id":31017,"date":"2023-02-15T08:20:00","date_gmt":"2023-02-15T11:20:00","guid":{"rendered":"https:\/\/www.ilheusnoticias.net.br\/v1\/?p=31017"},"modified":"2023-02-15T08:20:00","modified_gmt":"2023-02-15T11:20:00","slug":"secretaria-de-educacao-emite-nota-sobre-inicio-do-ano-letivo-na-rede-municipal-de-ilheus","status":"publish","type":"post","link":"https:\/\/www.ilheusnoticias.net.br\/v1\/2023\/02\/15\/secretaria-de-educacao-emite-nota-sobre-inicio-do-ano-letivo-na-rede-municipal-de-ilheus\/","title":{"rendered":"Secretaria de Educa\u00e7\u00e3o emite nota sobre in\u00edcio do ano letivo na rede municipal de Ilh\u00e9us"},"content":{"rendered":"<p class=\"dt_materia\"><img loading=\"lazy\" class=\"\" src=\"https:\/\/portalfacilarquivos.blob.core.windows.net\/uploads\/ILHEUS\/imgOrig\/%7BADA2DC6C-A3CE-6A6C-ACAA-E6682577A77D%7D.jpg\" alt=\"Prefeitura Municipal de Ilh\u00e9us - Secretaria Municipal de ...\" width=\"357\" height=\"509\" \/><\/p>\n<p>Lora. Secret\u00e1ria de Educa\u00e7\u00e3o<\/p>\n<p>A Secretaria de Educa\u00e7\u00e3o (Seduc) informa que o in\u00edcio do ano letivo, conforme previsto no calend\u00e1rio oficial da rede municipal, ocorreu na segunda-feira, 13 de fevereiro, com a participa\u00e7\u00e3o de todos os profissionais efetivos. No entanto, algumas unidades escolares n\u00e3o retornaram \u00e0s atividades em sua totalidade devido \u00e0 aus\u00eancia de professores. Os profissionais ser\u00e3o encaminhados mediante realiza\u00e7\u00e3o de uma nova contrata\u00e7\u00e3o, em regime tempor\u00e1rio.<\/p>\n<p>O processo seletivo encontra-se em fase final de tramita\u00e7\u00e3o jur\u00eddica e ocorrer\u00e1 t\u00e3o logo o Edital seja publicado no Di\u00e1rio Oficial do Munic\u00edpio. A Seduc ressalta que caso haja preju\u00edzo em dias letivos devido \u00e0 aus\u00eancia de profissionais nas unidades escolares, a carga hor\u00e1ria ser\u00e1 reposta, visando garantir o cumprimento dos 200 dias letivos, direito este previsto na Lei n\u00ba 9.394, de 20 de dezembro de 1996, Art. 24, inciso I.<\/p>\n<p>Em tempo, a Seduc explica que n\u00e3o existe viabilidade para prorroga\u00e7\u00e3o dos contratos com rescis\u00e3o no t\u00e9rmino do ano de 2022, uma vez que j\u00e1 foi realizada a protela\u00e7\u00e3o dos mesmos no ano de 2021, conforme Edital n\u00ba 001\/2021. Nesse sentido, conforme anunciado pelo prefeito M\u00e1rio Alexandre durante a abertura da Jornada Pedag\u00f3gica realizada no \u00faltimo dia 8, h\u00e1 previs\u00e3o para realiza\u00e7\u00e3o de concurso p\u00fablico em \u00e2mbito municipal no segundo semestre do ano corrente.<\/p>\n<p>Al\u00e9m disso, a partir de dados do Setor de Alimenta\u00e7\u00e3o Escolar, a secretaria informa a exist\u00eancia de estoque nas unidades de educa\u00e7\u00e3o para a efetiva produ\u00e7\u00e3o e distribui\u00e7\u00e3o de merenda neste in\u00edcio de ano letivo. O Munic\u00edpio reitera o compromisso em promover uma pol\u00edtica educacional p\u00fablica, com equidade e de qualidade.<\/p>\n<p>A busca por essa proposta passa pelo respeito e valoriza\u00e7\u00e3o dos profissionais da Educa\u00e7\u00e3o, quer sejam efetivos ou contratados. A aten\u00e7\u00e3o e o cuidado para com a estrutura f\u00edsica das escolas da rede municipal \u00e9 um legado \u00e0 parte que vem sendo realizado ao longo dos \u00faltimos seis anos.\u00a0Mais de 80 unidades foram requalificadas e devidamente entregues \u00e0 popula\u00e7\u00e3o ilheense.<\/p>\n","protected":false},"excerpt":{"rendered":"<p>Lora. Secret\u00e1ria de Educa\u00e7\u00e3o A Secretaria de Educa\u00e7\u00e3o (Seduc) informa que o in\u00edcio do ano letivo, conforme previsto no calend\u00e1rio oficial da rede municipal, ocorreu na segunda-feira, 13 de fevereiro, com a participa\u00e7\u00e3o de todos os profissionais efetivos. No entanto, algumas unidades escolares n\u00e3o retornaram \u00e0s atividades em sua totalidade devido \u00e0 aus\u00eancia de professores. [&hellip;]<\/p>\n","protected":false},"author":2,"featured_media":0,"comment_status":"open","ping_status":"open","sticky":false,"template":"","format":"standard","meta":{"_links_to":"","_links_to_target":""},"categories":[7,9,8,1],"tags":[],"_links":{"self":[{"href":"https:\/\/www.ilheusnoticias.net.br\/v1\/wp-json\/wp\/v2\/posts\/31017"}],"collection":[{"href":"https:\/\/www.ilheusnoticias.net.br\/v1\/wp-json\/wp\/v2\/posts"}],"about":[{"href":"https:\/\/www.ilheusnoticias.net.br\/v1\/wp-json\/wp\/v2\/types\/post"}],"author":[{"embeddable":true,"href":"https:\/\/www.ilheusnoticias.net.br\/v1\/wp-json\/wp\/v2\/users\/2"}],"replies":[{"embeddable":true,"href":"https:\/\/www.ilheusnoticias.net.br\/v1\/wp-json\/wp\/v2\/comments?post=31017"}],"version-history":[{"count":1,"href":"https:\/\/www.ilheusnoticias.net.br\/v1\/wp-json\/wp\/v2\/posts\/31017\/revisions"}],"predecessor-version":[{"id":31018,"href":"https:\/\/www.ilheusnoticias.net.br\/v1\/wp-json\/wp\/v2\/posts\/31017\/revisions\/31018"}],"wp:attachment":[{"href":"https:\/\/www.ilheusnoticias.net.br\/v1\/wp-json\/wp\/v2\/media?parent=31017"}],"wp:term":[{"taxonomy":"category","embeddable":true,"href":"https:\/\/www.ilheusnoticias.net.br\/v1\/wp-json\/wp\/v2\/categories?post=31017"},{"taxonomy":"post_tag","embeddable":true,"href":"https:\/\/www.ilheusnoticias.net.br\/v1\/wp-json\/wp\/v2\/tags?post=31017"}],"curies":[{"name":"wp","href":"https:\/\/api.w.org\/{rel}","templated":true}]}}