{"id":31014,"date":"2023-02-15T08:15:51","date_gmt":"2023-02-15T11:15:51","guid":{"rendered":"https:\/\/www.ilheusnoticias.net.br\/v1\/?p=31014"},"modified":"2023-02-15T08:16:47","modified_gmt":"2023-02-15T11:16:47","slug":"samu-de-ilheus-desmente-post-e-comprova-que-prestou-atendimento-as-vitimas-de-acidente-em-juerana","status":"publish","type":"post","link":"https:\/\/www.ilheusnoticias.net.br\/v1\/2023\/02\/15\/samu-de-ilheus-desmente-post-e-comprova-que-prestou-atendimento-as-vitimas-de-acidente-em-juerana\/","title":{"rendered":"Samu de Ilh\u00e9us desmente post e comprova que prestou atendimento \u00e0s v\u00edtimas de acidente em Juerana"},"content":{"rendered":"<p>&nbsp;<\/p>\n<div class=\"imagem thumbnail col-xs-12 col-sm-8 col-md-6 col-lg-6 imagem-materia\">\n<p><a class=\"fresco\" title=\"\" href=\"https:\/\/portalfacilarquivos.blob.core.windows.net\/uploads\/ILHEUS\/imgOrig\/%7B20BC606C-60DE-CBEA-BDCD-BC4BCE1AD500%7D.jpg\" data-fresco-caption=\"\"><img loading=\"lazy\" title=\"\" src=\"https:\/\/portalfacilarquivos.blob.core.windows.net\/uploads\/ILHEUS\/img\/%7B20BC606C-60DE-CBEA-BDCD-BC4BCE1AD500%7D\/%7B20BC606C-60DE-CBEA-BDCD-BC4BCE1AD500%7D_650X450.jpg\" alt=\"samu\" width=\"650\" height=\"450\" \/><\/a><\/p>\n<p class=\"bg-primary\">A Prefeitura de Ilh\u00e9us se pronunciou nesta segunda-feira (13) para esclarecer sobre suposta den\u00fancia da falta de atendimento \u00e0s v\u00edtimas de um acidente envolvendo um carro e uma moto no distrito de Juerana, ocorrido na noite do \u00faltimo domingo (12). O Munic\u00edpio desmentiu o falso post que circula nas redes sociais e aplicativos de mensagens e informa que a equipe do Servi\u00e7o de Atendimento M\u00f3vel de Urg\u00eancia (SAMU) realizou todos os procedimentos necess\u00e1rios \u00e0 assist\u00eancia, conforme comprovam os documentos anexos.<\/p>\n<\/div>\n<p>O \u00f3rg\u00e3o ressalta que\u00a0al\u00e9m de falso e irrespons\u00e1vel, o texto representa um desservi\u00e7o \u00e0 sociedade, colocando em xeque a compet\u00eancia dos profissionais de sa\u00fade que arriscam as suas vidas para salvar outras. A liga\u00e7\u00e3o que acionou uma equipe para atender a essa ocorr\u00eancia foi recebida \u00e0s 19h39, e de imediato, uma ambul\u00e2ncia foi enviada para atender \u00e0 solicita\u00e7\u00e3o, saindo da base \u00e0s 19h45. O atendimento teve in\u00edcio \u00e0s 20h02, de acordo com a ficha disponibilizada para consulta.<\/p>\n<p>O SAMU garante que n\u00e3o houve demora no atendimento, pelo contr\u00e1rio, o suporte foi prestado de forma correta e dentro dos par\u00e2metros legais de atua\u00e7\u00e3o. A documenta\u00e7\u00e3o j\u00e1 foi encaminhada ao Minist\u00e9rio P\u00fablico.<\/p>\n<p>A dire\u00e7\u00e3o reitera que a gest\u00e3o do prefeito M\u00e1rio Alexandre tem se empenhado para prestar servi\u00e7os de qualidade \u00e0 popula\u00e7\u00e3o, com renova\u00e7\u00e3o da frota de ambul\u00e2ncias e fortalecimento da rede de assist\u00eancia de m\u00e9dia e alta complexidade, visando levar atendimento aos munic\u00edpios de\u00a0Ilh\u00e9us,\u00a0Arataca, Itacar\u00e9, Una, Gandu, Teol\u00e2ndia, Uru\u00e7uca e Valen\u00e7a.<\/p>\n","protected":false},"excerpt":{"rendered":"<p>&nbsp; A Prefeitura de Ilh\u00e9us se pronunciou nesta segunda-feira (13) para esclarecer sobre suposta den\u00fancia da falta de atendimento \u00e0s v\u00edtimas de um acidente envolvendo um carro e uma moto no distrito de Juerana, ocorrido na noite do \u00faltimo domingo (12). O Munic\u00edpio desmentiu o falso post que circula nas redes sociais e aplicativos de [&hellip;]<\/p>\n","protected":false},"author":2,"featured_media":0,"comment_status":"open","ping_status":"open","sticky":false,"template":"","format":"standard","meta":{"_links_to":"","_links_to_target":""},"categories":[7,9,8,1],"tags":[],"_links":{"self":[{"href":"https:\/\/www.ilheusnoticias.net.br\/v1\/wp-json\/wp\/v2\/posts\/31014"}],"collection":[{"href":"https:\/\/www.ilheusnoticias.net.br\/v1\/wp-json\/wp\/v2\/posts"}],"about":[{"href":"https:\/\/www.ilheusnoticias.net.br\/v1\/wp-json\/wp\/v2\/types\/post"}],"author":[{"embeddable":true,"href":"https:\/\/www.ilheusnoticias.net.br\/v1\/wp-json\/wp\/v2\/users\/2"}],"replies":[{"embeddable":true,"href":"https:\/\/www.ilheusnoticias.net.br\/v1\/wp-json\/wp\/v2\/comments?post=31014"}],"version-history":[{"count":2,"href":"https:\/\/www.ilheusnoticias.net.br\/v1\/wp-json\/wp\/v2\/posts\/31014\/revisions"}],"predecessor-version":[{"id":31016,"href":"https:\/\/www.ilheusnoticias.net.br\/v1\/wp-json\/wp\/v2\/posts\/31014\/revisions\/31016"}],"wp:attachment":[{"href":"https:\/\/www.ilheusnoticias.net.br\/v1\/wp-json\/wp\/v2\/media?parent=31014"}],"wp:term":[{"taxonomy":"category","embeddable":true,"href":"https:\/\/www.ilheusnoticias.net.br\/v1\/wp-json\/wp\/v2\/categories?post=31014"},{"taxonomy":"post_tag","embeddable":true,"href":"https:\/\/www.ilheusnoticias.net.br\/v1\/wp-json\/wp\/v2\/tags?post=31014"}],"curies":[{"name":"wp","href":"https:\/\/api.w.org\/{rel}","templated":true}]}}