{"id":31012,"date":"2023-02-15T08:13:56","date_gmt":"2023-02-15T11:13:56","guid":{"rendered":"https:\/\/www.ilheusnoticias.net.br\/v1\/?p=31012"},"modified":"2023-02-15T08:13:56","modified_gmt":"2023-02-15T11:13:56","slug":"ao-lado-de-jeronimo-rodrigues-lula-entrega-684-unidades-do-minha-casa-minha-vida-em-santo-amaro-e-marca-retomada-do-programa","status":"publish","type":"post","link":"https:\/\/www.ilheusnoticias.net.br\/v1\/2023\/02\/15\/ao-lado-de-jeronimo-rodrigues-lula-entrega-684-unidades-do-minha-casa-minha-vida-em-santo-amaro-e-marca-retomada-do-programa\/","title":{"rendered":"Ao lado de Jer\u00f4nimo Rodrigues, Lula entrega 684 unidades do Minha Casa Minha Vida em Santo Amaro e marca retomada do programa"},"content":{"rendered":"<div class=\"PostHeaderIcons metadata-icons\"><img loading=\"lazy\" class=\"\" src=\"http:\/\/www.blogdothame.blog.br\/v1\/wp-content\/uploads\/2023\/02\/lula-mcmv-7.jpg\" width=\"507\" height=\"338\" \/><\/div>\n<div class=\"PostContent\">\n<div><\/div>\n<div><\/div>\n<div>Em sua primeira viagem \u00e0 Bahia depois de eleito, o presidente Luiz In\u00e1cio Lula da Silva inaugurou, nesta ter\u00e7a-feira (14), 684 unidades habitacionais dos Conjuntos Residenciais Vida Nova Sacramento e Vida Nova Santo Amaro I em Santo Amaro, do Programa Minha Casa Minha Vida (MCMV). Com a presen\u00e7a do governador Jer\u00f4nimo Rodrigues, do vice-governador Geraldo Junior, e do ministro da Casa Civil, Rui Costa, o ato foi marcado tamb\u00e9m pela assinatura da Medida Provis\u00f3ria que retoma a pol\u00edtica de moradia popular e foi realizado simultaneamente com a inaugura\u00e7\u00e3o de outros conjuntos pelo pa\u00eds.<\/div>\n<div><img src=\"http:\/\/www.blogdothame.blog.br\/v1\/wp-content\/uploads\/2023\/02\/lula-mcmv-4.jpg\" \/><\/div>\n<div><\/div>\n<div>\u201cN\u00f3s come\u00e7amos a governar esse pa\u00eds na expectativa de que a gente tenha condi\u00e7\u00f5es de melhorar a qualidade de vida do povo brasileiro. Em vim aqui pegar a energia de voc\u00eas porque n\u00f3s precisamos gerar empregos nesse pa\u00eds\u201d, afirmou o presidente durante o seu discurso.<\/div>\n<div><\/div>\n<div><img src=\"http:\/\/www.blogdothame.blog.br\/v1\/wp-content\/uploads\/2023\/02\/lula-mcmv-5.jpg\" \/><\/div>\n<div><\/div>\n<div>\u201cEsse ato de hoje para n\u00f3s da Bahia e para o Brasil tem uma import\u00e2ncia muito grande. Quem n\u00e3o tem casa, tem pressa, quem n\u00e3o tem \u00e1gua tem pressa, quem n\u00e3o tem escola tem pressa. O presidente Lula est\u00e1 herdando, al\u00e9m de um pa\u00eds desmanchado por quatro anos, um pa\u00eds com um povo querendo trabalhar com esperan\u00e7a agu\u00e7ada, com um conjunto de prefeitos e prefeitas querendo fazer mais, com os movimentos sociais de luta pela habita\u00e7\u00e3o popular cada vez mais atentos\u201d, disse Jer\u00f4nimo sobre a import\u00e2ncia das entregas.<\/div>\n<div><\/div>\n<div>Foram investidos R$ 45.908.000,00 pelo Governo Federal nos dois condom\u00ednios. Contudo, ap\u00f3s a conclus\u00e3o das obras em 2019, as unidades n\u00e3o foram entregues e foram danificadas por atos de vandalismo e pela a\u00e7\u00e3o do tempo. Para que as unidades fossem entregues, o Governo da Bahia, por meio da Secretaria de Desenvolvimento Urbano (Sedur), realizou obras de recupera\u00e7\u00e3o no valor de R$ 4.788.000,00.<\/div>\n<div><\/div>\n<div>Foram realizadas pavimenta\u00e7\u00e3o, instala\u00e7\u00e3o de passarela, revis\u00e3o de pisos internos, lavagem de telhados, troca de esquadrias de alum\u00ednio e substitui\u00e7\u00e3o de vidros, pintura externa dos blocos dos condom\u00ednios; recupera\u00e7\u00e3o de equipamentos comunit\u00e1rios, quadras, parques infantis e alambrados; execu\u00e7\u00e3o das instala\u00e7\u00f5es el\u00e9tricas, incluindo cabeamento, quadros, padr\u00f5es de entrada, ilumina\u00e7\u00e3o em todas as unidades; instala\u00e7\u00e3o de metais e lou\u00e7as sanit\u00e1rias, revis\u00e3o de instala\u00e7\u00f5es hidr\u00e1ulicas, recupera\u00e7\u00e3o da Esta\u00e7\u00e3o de Tratamento de Esgoto e Valeta de Drenagem, poda e limpeza de toda a \u00e1rea externa dos condom\u00ednios.<\/div>\n<div><\/div>\n<div>Dentre as interven\u00e7\u00f5es, a Secretaria de Ci\u00eancia, Tecnologia e Inova\u00e7\u00e3o (Secti), em parceria com a prefeitura de Santo Amaro, implantou o Projeto Conecta Bahia nos dois Conjuntos Residenciais l, num investimento de R$ 60.000,00.<\/div>\n<div><\/div>\n<div><\/div>\n<div>Al\u00e9m das unidades habitacionais de Santo Amaro, tamb\u00e9m foram entregues, simultaneamente, 206 das 500 moradias do Conjunto Residencial Morada Tropical no munic\u00edpio de Lauro de Freitas. O ato foi realizado pela ministra da Cultura, Margareth Menezes. Em Jo\u00e3o Pessoa, na Para\u00edba, foram 60 unidades ; Contagem, em Minas Gerais, recebeu 300; e Aparecida de Goi\u00e2nia, em Goi\u00e1s tamb\u00e9m teve 600 moradias entregues.<\/div>\n<div><\/div>\n<div><i>\u00a0<\/i><\/div>\n<div><i>Fotos governador: Fernando Vivas\/ GOVBA<\/i><\/div>\n<p><i>Fotos a\u00e9reas: Mateus Pereira\/ GOVBA<\/i><\/p>\n<\/div>\n","protected":false},"excerpt":{"rendered":"<p>Em sua primeira viagem \u00e0 Bahia depois de eleito, o presidente Luiz In\u00e1cio Lula da Silva inaugurou, nesta ter\u00e7a-feira (14), 684 unidades habitacionais dos Conjuntos Residenciais Vida Nova Sacramento e Vida Nova Santo Amaro I em Santo Amaro, do Programa Minha Casa Minha Vida (MCMV). Com a presen\u00e7a do governador Jer\u00f4nimo Rodrigues, do vice-governador Geraldo [&hellip;]<\/p>\n","protected":false},"author":2,"featured_media":0,"comment_status":"open","ping_status":"open","sticky":false,"template":"","format":"standard","meta":{"_links_to":"","_links_to_target":""},"categories":[7,9,8,1],"tags":[],"_links":{"self":[{"href":"https:\/\/www.ilheusnoticias.net.br\/v1\/wp-json\/wp\/v2\/posts\/31012"}],"collection":[{"href":"https:\/\/www.ilheusnoticias.net.br\/v1\/wp-json\/wp\/v2\/posts"}],"about":[{"href":"https:\/\/www.ilheusnoticias.net.br\/v1\/wp-json\/wp\/v2\/types\/post"}],"author":[{"embeddable":true,"href":"https:\/\/www.ilheusnoticias.net.br\/v1\/wp-json\/wp\/v2\/users\/2"}],"replies":[{"embeddable":true,"href":"https:\/\/www.ilheusnoticias.net.br\/v1\/wp-json\/wp\/v2\/comments?post=31012"}],"version-history":[{"count":1,"href":"https:\/\/www.ilheusnoticias.net.br\/v1\/wp-json\/wp\/v2\/posts\/31012\/revisions"}],"predecessor-version":[{"id":31013,"href":"https:\/\/www.ilheusnoticias.net.br\/v1\/wp-json\/wp\/v2\/posts\/31012\/revisions\/31013"}],"wp:attachment":[{"href":"https:\/\/www.ilheusnoticias.net.br\/v1\/wp-json\/wp\/v2\/media?parent=31012"}],"wp:term":[{"taxonomy":"category","embeddable":true,"href":"https:\/\/www.ilheusnoticias.net.br\/v1\/wp-json\/wp\/v2\/categories?post=31012"},{"taxonomy":"post_tag","embeddable":true,"href":"https:\/\/www.ilheusnoticias.net.br\/v1\/wp-json\/wp\/v2\/tags?post=31012"}],"curies":[{"name":"wp","href":"https:\/\/api.w.org\/{rel}","templated":true}]}}