{"id":31006,"date":"2023-02-13T11:43:17","date_gmt":"2023-02-13T14:43:17","guid":{"rendered":"https:\/\/www.ilheusnoticias.net.br\/v1\/?p=31006"},"modified":"2023-02-13T11:43:17","modified_gmt":"2023-02-13T14:43:17","slug":"caixa-comeca-a-pagar-bolsa-familia-hoje","status":"publish","type":"post","link":"https:\/\/www.ilheusnoticias.net.br\/v1\/2023\/02\/13\/caixa-comeca-a-pagar-bolsa-familia-hoje\/","title":{"rendered":"Caixa come\u00e7a a pagar Bolsa Fam\u00edlia hoje."},"content":{"rendered":"<div class=\"col-lg-12 mb-3\">\n<div class=\"post-image\"><a href=\"https:\/\/agenciabrasil.ebc.com.br\/economia\/noticia\/2023-02\/caixa-comeca-pagar-bolsa-familia-de-fevereiro#\"><img loading=\"lazy\" id=\"media-276721\" class=\"rounded-lg shadow-sm w-100\" title=\"Jos\u00e9 Cruz\/Ag\u00eancia Brasil\" src=\"https:\/\/imagens.ebc.com.br\/uhi8jVXlX0rOZnadJ9oXv-bMVVU=\/1170x700\/smart\/https:\/\/agenciabrasil.ebc.com.br\/sites\/default\/files\/thumbnails\/image\/real_moedadinheiro_jfcrz_abr_1701220042_1.jpg?itok=mSjB1oFb\" alt=\"Dinheiro, Real Moeda brasileira\" width=\"520\" height=\"311\" \/><\/a><\/div>\n<div class=\"post-image\"><a href=\"https:\/\/agenciabrasil.ebc.com.br\/economia\/noticia\/2023-02\/caixa-comeca-pagar-bolsa-familia-de-fevereiro#\">\u00a9 Jos\u00e9 Cruz\/Ag\u00eancia Brasil<\/a><\/div>\n<\/div>\n<div class=\"col-lg-12 mb-3\">\n<div class=\"row\">\n<div class=\"col-10 offset-1 animated fadeInDown dealy-1100 alt-font text-center\"><a href=\"https:\/\/agenciabrasil.ebc.com.br\/economia\"><span class=\"badge badge-pill badge-primary\">Economia<\/span><\/a><\/div>\n<\/div>\n<div class=\"row\">\n<h4 class=\"col-10 offset-1 animated fadeInDown dealy-1100 alt-font font-italic my-2 small text-info text-center\">A Caixa Econ\u00f4mica Federal come\u00e7a a pagar hoje (13) a parcela de fevereiro do Bolsa Fam\u00edlia. O valor m\u00e9dio recebido por fam\u00edlia equivale a R$ 614,21. Recebem nesta segunda-feira os benefici\u00e1rios com N\u00famero de Inscri\u00e7\u00e3o Social (NIS) de final 1.<img src=\"https:\/\/agenciabrasil.ebc.com.br\/ebc.png?id=1510000&amp;o=node\" \/><img src=\"https:\/\/agenciabrasil.ebc.com.br\/ebc.gif?id=1510000&amp;o=node\" \/><\/h4>\n<\/div>\n<\/div>\n<div class=\"col-xl-7 offset-xl-1 col-lg-8 offset-lg-0 col-md-10 offset-md-1 mb-3\">\n<div class=\"post-item alt-font\">\n<div class=\"post-item-wrap\">\n<p>O pagamento do adicional de R$ 150 para fam\u00edlias com crian\u00e7as de at\u00e9 6 anos ainda n\u00e3o come\u00e7ou. A previs\u00e3o do Minist\u00e9rio do Desenvolvimento e Assist\u00eancia Social, Fam\u00edlia e Combate \u00e0 Fome \u00e9 que o valor extra s\u00f3 come\u00e7ar\u00e1 a ser pago em mar\u00e7o, ap\u00f3s o governo fazer um pente-fino no Cadastro \u00danico para Programas Sociais do Governo Federal (Cad\u00danico), para eliminar fraudes.<\/p>\n<p>Ainda este m\u00eas, a pasta deve apresentar a proposta de um novo Bolsa Fam\u00edlia, que ter\u00e1 o foco na integra\u00e7\u00e3o com o Sistema \u00danico de Assist\u00eancia Social e na atualiza\u00e7\u00e3o do Cad\u00danico.<\/p>\n<p>No modelo tradicional do Bolsa Fam\u00edlia, o pagamento ocorre nos \u00faltimos dez dias \u00fateis de cada m\u00eas. O benefici\u00e1rio poder\u00e1 consultar informa\u00e7\u00f5es sobre as datas de pagamento, o valor do benef\u00edcio e a composi\u00e7\u00e3o das parcelas no aplicativo Caixa Tem, usado para acompanhar as contas poupan\u00e7a digitais do banco.<\/p>\n<p>Em janeiro, o governo pagou o benef\u00edcio para 21,9 milh\u00f5es de fam\u00edlias.<\/p>\n<h2>Aux\u00edlio G\u00e1s<\/h2>\n<p>Neste m\u00eas, tamb\u00e9m haver\u00e1 o pagamento do Aux\u00edlio G\u00e1s, que beneficia fam\u00edlias cadastradas no Cad\u00danico. Como o benef\u00edcio s\u00f3 \u00e9 pago a cada dois meses, o pr\u00f3ximo pagamento acontece em abril.<\/p>\n<p>S\u00f3 pode receber o Aux\u00edlio G\u00e1s quem est\u00e1 inclu\u00eddo no Cad\u00danico ou fam\u00edlias com pelo menos um membro que more na mesma casa e receba o Benef\u00edcio de Presta\u00e7\u00e3o Continuada (BPC). A lei que criou o programa definiu que a mulher respons\u00e1vel pela fam\u00edlia ter\u00e1 prefer\u00eancia de receber o benef\u00edcio, assim como mulheres v\u00edtimas de viol\u00eancia dom\u00e9stica.<\/p>\n<p>O valor do Aux\u00edlio G\u00e1s equivalente a 100% do custo m\u00e9dio do botij\u00e3o de 13 quilos.<\/p>\n<\/div>\n<\/div>\n<\/div>\n","protected":false},"excerpt":{"rendered":"<p>\u00a9 Jos\u00e9 Cruz\/Ag\u00eancia Brasil Economia A Caixa Econ\u00f4mica Federal come\u00e7a a pagar hoje (13) a parcela de fevereiro do Bolsa Fam\u00edlia. O valor m\u00e9dio recebido por fam\u00edlia equivale a R$ 614,21. Recebem nesta segunda-feira os benefici\u00e1rios com N\u00famero de Inscri\u00e7\u00e3o Social (NIS) de final 1. O pagamento do adicional de R$ 150 para fam\u00edlias com [&hellip;]<\/p>\n","protected":false},"author":2,"featured_media":0,"comment_status":"open","ping_status":"open","sticky":false,"template":"","format":"standard","meta":{"_links_to":"","_links_to_target":""},"categories":[7,9,8,1],"tags":[],"_links":{"self":[{"href":"https:\/\/www.ilheusnoticias.net.br\/v1\/wp-json\/wp\/v2\/posts\/31006"}],"collection":[{"href":"https:\/\/www.ilheusnoticias.net.br\/v1\/wp-json\/wp\/v2\/posts"}],"about":[{"href":"https:\/\/www.ilheusnoticias.net.br\/v1\/wp-json\/wp\/v2\/types\/post"}],"author":[{"embeddable":true,"href":"https:\/\/www.ilheusnoticias.net.br\/v1\/wp-json\/wp\/v2\/users\/2"}],"replies":[{"embeddable":true,"href":"https:\/\/www.ilheusnoticias.net.br\/v1\/wp-json\/wp\/v2\/comments?post=31006"}],"version-history":[{"count":1,"href":"https:\/\/www.ilheusnoticias.net.br\/v1\/wp-json\/wp\/v2\/posts\/31006\/revisions"}],"predecessor-version":[{"id":31007,"href":"https:\/\/www.ilheusnoticias.net.br\/v1\/wp-json\/wp\/v2\/posts\/31006\/revisions\/31007"}],"wp:attachment":[{"href":"https:\/\/www.ilheusnoticias.net.br\/v1\/wp-json\/wp\/v2\/media?parent=31006"}],"wp:term":[{"taxonomy":"category","embeddable":true,"href":"https:\/\/www.ilheusnoticias.net.br\/v1\/wp-json\/wp\/v2\/categories?post=31006"},{"taxonomy":"post_tag","embeddable":true,"href":"https:\/\/www.ilheusnoticias.net.br\/v1\/wp-json\/wp\/v2\/tags?post=31006"}],"curies":[{"name":"wp","href":"https:\/\/api.w.org\/{rel}","templated":true}]}}