{"id":31004,"date":"2023-02-13T11:39:45","date_gmt":"2023-02-13T14:39:45","guid":{"rendered":"https:\/\/www.ilheusnoticias.net.br\/v1\/?p=31004"},"modified":"2023-02-13T11:39:45","modified_gmt":"2023-02-13T14:39:45","slug":"parceria-com-estados-e-municipios-vai-permitir-a-entrega-de-170-mil-imoveis-que-foram-iniciados-e-nao-entregues-diz-rui-costa-em-visita-a-obra-do-minha-casa-minha-vida","status":"publish","type":"post","link":"https:\/\/www.ilheusnoticias.net.br\/v1\/2023\/02\/13\/parceria-com-estados-e-municipios-vai-permitir-a-entrega-de-170-mil-imoveis-que-foram-iniciados-e-nao-entregues-diz-rui-costa-em-visita-a-obra-do-minha-casa-minha-vida\/","title":{"rendered":"\u201dParceria com estados e munic\u00edpios vai permitir a entrega de 170 mil im\u00f3veis que foram iniciados e n\u00e3o entregues\u201d, diz Rui Costa em visita \u00e0 obra do Minha Casa, Minha Vida"},"content":{"rendered":"<div class=\"Post\">\n<div class=\"Post-body\">\n<div class=\"Post-inner article\">\n<div class=\"PostFooterIcons metadata-icons\">\n<div align=\"center\"><\/div>\n<\/div>\n<\/div>\n<\/div>\n<\/div>\n<div class=\"Post\">\n<div class=\"Post-body\">\n<div class=\"Post-inner article\">\n<div class=\"PostContent\">\n<p><img src=\"http:\/\/www.blogdothame.blog.br\/v1\/wp-content\/uploads\/2023\/02\/casa-mv-2-300x200.jpg\" \/><\/p>\n<p>&nbsp;<\/p>\n<p>O ministro da Casa Civil, Rui Costa, esteve na cidade de Santo Amaro da Purifica\u00e7\u00e3o, na Bahia, na manh\u00e3 deste s\u00e1bado (11), para vistoriar os im\u00f3veis do programa Minha Casa, Minha Vida, que ser\u00e3o entregues pelo presidente Lula na pr\u00f3xima ter\u00e7a-feira (14). De acordo com o ministro, a r\u00e1pida reforma dos im\u00f3veis que estavam abandonados foi poss\u00edvel pela parceria firmada entre o Governo Federal e o estado baiano.<\/p>\n<p>A previs\u00e3o \u00e9 de que no ato de entrega do pr\u00f3ximo dia 14, o presidente Lula assine uma ordem de servi\u00e7o para retomar mais de 5 mil obras do Minha Casa, Minha Vida no pa\u00eds.<\/p>\n<p>\u201cAqui em Santo Amaro da Purifica\u00e7\u00e3o seguimos essa estrat\u00e9gia para concluir as obras rapidamente e poder entregar logo as casas \u00e0 popula\u00e7\u00e3o. Vamos fazer o mesmo em cidades de todo o pa\u00eds. Assim, evitamos a burocracia de ter que contratar outra empresa para fazer os reparos necess\u00e1rios\u201d, declarou.<\/p>\n<\/div>\n<\/div>\n<\/div>\n<\/div>\n","protected":false},"excerpt":{"rendered":"<p>&nbsp; O ministro da Casa Civil, Rui Costa, esteve na cidade de Santo Amaro da Purifica\u00e7\u00e3o, na Bahia, na manh\u00e3 deste s\u00e1bado (11), para vistoriar os im\u00f3veis do programa Minha Casa, Minha Vida, que ser\u00e3o entregues pelo presidente Lula na pr\u00f3xima ter\u00e7a-feira (14). De acordo com o ministro, a r\u00e1pida reforma dos im\u00f3veis que estavam [&hellip;]<\/p>\n","protected":false},"author":2,"featured_media":0,"comment_status":"open","ping_status":"open","sticky":false,"template":"","format":"standard","meta":{"_links_to":"","_links_to_target":""},"categories":[7,9,8,1],"tags":[],"_links":{"self":[{"href":"https:\/\/www.ilheusnoticias.net.br\/v1\/wp-json\/wp\/v2\/posts\/31004"}],"collection":[{"href":"https:\/\/www.ilheusnoticias.net.br\/v1\/wp-json\/wp\/v2\/posts"}],"about":[{"href":"https:\/\/www.ilheusnoticias.net.br\/v1\/wp-json\/wp\/v2\/types\/post"}],"author":[{"embeddable":true,"href":"https:\/\/www.ilheusnoticias.net.br\/v1\/wp-json\/wp\/v2\/users\/2"}],"replies":[{"embeddable":true,"href":"https:\/\/www.ilheusnoticias.net.br\/v1\/wp-json\/wp\/v2\/comments?post=31004"}],"version-history":[{"count":1,"href":"https:\/\/www.ilheusnoticias.net.br\/v1\/wp-json\/wp\/v2\/posts\/31004\/revisions"}],"predecessor-version":[{"id":31005,"href":"https:\/\/www.ilheusnoticias.net.br\/v1\/wp-json\/wp\/v2\/posts\/31004\/revisions\/31005"}],"wp:attachment":[{"href":"https:\/\/www.ilheusnoticias.net.br\/v1\/wp-json\/wp\/v2\/media?parent=31004"}],"wp:term":[{"taxonomy":"category","embeddable":true,"href":"https:\/\/www.ilheusnoticias.net.br\/v1\/wp-json\/wp\/v2\/categories?post=31004"},{"taxonomy":"post_tag","embeddable":true,"href":"https:\/\/www.ilheusnoticias.net.br\/v1\/wp-json\/wp\/v2\/tags?post=31004"}],"curies":[{"name":"wp","href":"https:\/\/api.w.org\/{rel}","templated":true}]}}