{"id":31002,"date":"2023-02-13T11:37:59","date_gmt":"2023-02-13T14:37:59","guid":{"rendered":"https:\/\/www.ilheusnoticias.net.br\/v1\/?p=31002"},"modified":"2023-02-13T11:37:59","modified_gmt":"2023-02-13T14:37:59","slug":"familias-de-estudantes-receberao-no-dia-15-de-marco-a-primeira-parcela-do-bolsa-presenca-do-ano-letivo-2023","status":"publish","type":"post","link":"https:\/\/www.ilheusnoticias.net.br\/v1\/2023\/02\/13\/familias-de-estudantes-receberao-no-dia-15-de-marco-a-primeira-parcela-do-bolsa-presenca-do-ano-letivo-2023\/","title":{"rendered":"Fam\u00edlias de estudantes receber\u00e3o no dia 15 de mar\u00e7o a primeira parcela do Bolsa Presen\u00e7a do ano letivo 2023"},"content":{"rendered":"<div class=\"PostContent\">\n<div class=\"PostHeaderIcons metadata-icons\"><\/div>\n<div class=\"PostContent\">\n<p><img src=\"http:\/\/www.blogdothame.blog.br\/v1\/wp-content\/uploads\/2023\/02\/bolsa-presenca.jpg\" \/><\/p>\n<p>Os estudantes matriculados na rede estadual de ensino come\u00e7am a receber o benef\u00edcio do Bolsa Presen\u00e7a no dia 15 de mar\u00e7o. Para este ano, o Governo da Bahia destinou R$ 700 milh\u00f5es para o programa, que beneficia fam\u00edlias dos estudantes da rede estadual de ensino em condi\u00e7\u00f5es de vulnerabilidade socioecon\u00f4mica. Cada fam\u00edlia recebe um cr\u00e9dito mensal de R$ 150 por m\u00eas, acrescido de R$ 50, a partir do segundo estudante matriculado, visando assegurar que os alunos permane\u00e7am na escola. A previs\u00e3o \u00e9 de que o Bolsa Presen\u00e7a alcance 372.492 fam\u00edlias e 422.170 mil estudantes.<\/p>\n<p>O superintendente de Gest\u00e3o da Informa\u00e7\u00e3o da Secretaria da Educa\u00e7\u00e3o do Estado, Rainer Guimar\u00e3es, lembrou que, al\u00e9m da matr\u00edcula na rede estadual, as fam\u00edlias dos estudantes devem estar cadastradas no Cad\u00danico. \u201c\u00c9 importante lembrar que o Bolsa Presen\u00e7a \u00e9 um apoio financeiro para que as fam\u00edlias mantenham os seus filhos na escola. Portanto, os estudantes precisam frequentar a escola. O programa segue o ano letivo e, como esse ano as aulas come\u00e7aram no dia 6 de fevereiro, o primeiro cr\u00e9dito ser\u00e1 no dia 15 de mar\u00e7o. O cr\u00e9dito que as fam\u00edlias receberam no ultimo m\u00eas de janeiro foi relativo ao m\u00eas de dezembro. Este ano, as fam\u00edlias receber\u00e3o o benef\u00edcio todo dia 15, sendo que o \u00faltimo cr\u00e9dito do ano estar\u00e1 dispon\u00edvel em 15 de janeiro de 2024\u201d, explicou.<\/p>\n<\/div>\n<\/div>\n","protected":false},"excerpt":{"rendered":"<p>Os estudantes matriculados na rede estadual de ensino come\u00e7am a receber o benef\u00edcio do Bolsa Presen\u00e7a no dia 15 de mar\u00e7o. Para este ano, o Governo da Bahia destinou R$ 700 milh\u00f5es para o programa, que beneficia fam\u00edlias dos estudantes da rede estadual de ensino em condi\u00e7\u00f5es de vulnerabilidade socioecon\u00f4mica. Cada fam\u00edlia recebe um cr\u00e9dito [&hellip;]<\/p>\n","protected":false},"author":2,"featured_media":0,"comment_status":"open","ping_status":"open","sticky":false,"template":"","format":"standard","meta":{"_links_to":"","_links_to_target":""},"categories":[7,9,8,1],"tags":[],"_links":{"self":[{"href":"https:\/\/www.ilheusnoticias.net.br\/v1\/wp-json\/wp\/v2\/posts\/31002"}],"collection":[{"href":"https:\/\/www.ilheusnoticias.net.br\/v1\/wp-json\/wp\/v2\/posts"}],"about":[{"href":"https:\/\/www.ilheusnoticias.net.br\/v1\/wp-json\/wp\/v2\/types\/post"}],"author":[{"embeddable":true,"href":"https:\/\/www.ilheusnoticias.net.br\/v1\/wp-json\/wp\/v2\/users\/2"}],"replies":[{"embeddable":true,"href":"https:\/\/www.ilheusnoticias.net.br\/v1\/wp-json\/wp\/v2\/comments?post=31002"}],"version-history":[{"count":1,"href":"https:\/\/www.ilheusnoticias.net.br\/v1\/wp-json\/wp\/v2\/posts\/31002\/revisions"}],"predecessor-version":[{"id":31003,"href":"https:\/\/www.ilheusnoticias.net.br\/v1\/wp-json\/wp\/v2\/posts\/31002\/revisions\/31003"}],"wp:attachment":[{"href":"https:\/\/www.ilheusnoticias.net.br\/v1\/wp-json\/wp\/v2\/media?parent=31002"}],"wp:term":[{"taxonomy":"category","embeddable":true,"href":"https:\/\/www.ilheusnoticias.net.br\/v1\/wp-json\/wp\/v2\/categories?post=31002"},{"taxonomy":"post_tag","embeddable":true,"href":"https:\/\/www.ilheusnoticias.net.br\/v1\/wp-json\/wp\/v2\/tags?post=31002"}],"curies":[{"name":"wp","href":"https:\/\/api.w.org\/{rel}","templated":true}]}}