{"id":31000,"date":"2023-02-13T11:35:38","date_gmt":"2023-02-13T14:35:38","guid":{"rendered":"https:\/\/www.ilheusnoticias.net.br\/v1\/?p=31000"},"modified":"2023-02-13T11:35:38","modified_gmt":"2023-02-13T14:35:38","slug":"ilheus-ja-vacinou-60-da-populacao-acima-de-12-anos-com-as-tres-doses-contra-a-covid-19","status":"publish","type":"post","link":"https:\/\/www.ilheusnoticias.net.br\/v1\/2023\/02\/13\/ilheus-ja-vacinou-60-da-populacao-acima-de-12-anos-com-as-tres-doses-contra-a-covid-19\/","title":{"rendered":"Ilh\u00e9us j\u00e1 vacinou 60% da popula\u00e7\u00e3o acima de 12 anos com as tr\u00eas doses contra a Covid-19"},"content":{"rendered":"<div class=\"imagem thumbnail col-xs-12 col-sm-8 col-md-6 col-lg-6 imagem-materia\"><a class=\"fresco\" title=\"\" href=\"https:\/\/portalfacilarquivos.blob.core.windows.net\/uploads\/ILHEUS\/imgOrig\/%7BE708B4E7-D876-1CCA-BACE-1D263D5CA438%7D.jpg\" data-fresco-caption=\"\"><img loading=\"lazy\" title=\"\" src=\"https:\/\/portalfacilarquivos.blob.core.windows.net\/uploads\/ILHEUS\/img\/%7BE708B4E7-D876-1CCA-BACE-1D263D5CA438%7D\/%7BE708B4E7-D876-1CCA-BACE-1D263D5CA438%7D_650X450.jpg\" alt=\"vacina\u00e7\u00e3o\" width=\"650\" height=\"450\" \/><\/a><\/p>\n<p class=\"bg-primary\">Ilh\u00e9us tem 94.294 pessoas vacinadas com as tr\u00eas doses contra a Covid-19, de acordo com os dados da Secretaria de Sa\u00fade (Sesau). O n\u00famero representa 60,60% da popula\u00e7\u00e3o com idade igual ou acima de 12 anos.<\/p>\n<\/div>\n<p>No per\u00edodo compreendido entre 1\u00ba e 31 de janeiro foram ministradas 3.371 unidades da vacina, das quais 146 correspondem ao primeiro ciclo (D1) e 225 referem-se ao segundo ciclo (D2), al\u00e9m de 1.208 doses de refor\u00e7o (terceira dose), aplica\u00e7\u00e3o de 1.430 vacinas relativas \u00e0 4\u00aa dose, 40 referentes \u00e0 5\u00aa dose e 322 doses pedi\u00e1tricas, para crian\u00e7as de 6 meses a 11 anos.<\/p>\n<p><strong>Dose de refor\u00e7o &#8211;<\/strong>\u00a0Est\u00e3o aptas a tomar a 5\u00aa dose do imunizante pessoas imunossuprimidas, maiores de 18 anos, que receberam a 4\u00aa dose h\u00e1 pelo menos quatro meses. O p\u00fablico deve comparecer \u00e0s unidades de sa\u00fade previamente informadas, conforme hor\u00e1rio de funcionamento das salas de imuniza\u00e7\u00e3o.<\/p>\n<p>Os dados tamb\u00e9m s\u00e3o divulgados no painel de acompanhamento da cobertura\u00a0vacinal Covid-19 da Secretaria da Sa\u00fade do Estado da Bahia (Sesab).<\/p>\n<p>&nbsp;<\/p>\n<div class=\"table-responsive\">\n<table class=\"table table-bordered table-striped\" align=\"center\">\n<tbody>\n<tr>\n<td colspan=\"12\">\n<p align=\"center\"><strong>Balan\u00e7o mensal da vacina\u00e7\u00e3o contra a Covid-19 \u2013 p\u00fablico acima de 12 anos<\/strong><\/p>\n<\/td>\n<\/tr>\n<tr>\n<td>\n<p align=\"center\">Per\u00edodo<\/p>\n<\/td>\n<td colspan=\"5\">\n<p align=\"center\">De 1\u00ba a 15 de janeiro<\/p>\n<\/td>\n<td colspan=\"5\">\n<p align=\"center\">De 16 a 31 de janeiro<\/p>\n<\/td>\n<td>\n<p align=\"center\">\n<\/td>\n<\/tr>\n<tr>\n<td>\n<p align=\"center\"><strong>Dose<\/strong><\/p>\n<\/td>\n<td>\n<p align=\"center\"><strong>D1<\/strong><\/p>\n<\/td>\n<td>\n<p align=\"center\"><strong>D2<\/strong><\/p>\n<\/td>\n<td>\n<p align=\"center\"><strong>D3<\/strong><\/p>\n<\/td>\n<td>\n<p align=\"center\"><strong>D4<\/strong><\/p>\n<\/td>\n<td>\n<p align=\"center\"><strong>D5<\/strong><\/p>\n<\/td>\n<td>\n<p align=\"center\"><strong>D1<\/strong><\/p>\n<\/td>\n<td>\n<p align=\"center\"><strong>D2<\/strong><\/p>\n<\/td>\n<td>\n<p align=\"center\"><strong>D3<\/strong><\/p>\n<\/td>\n<td>\n<p align=\"center\"><strong>D4<\/strong><\/p>\n<\/td>\n<td>\n<p align=\"center\"><strong>D5<\/strong><\/p>\n<\/td>\n<td>\n<p align=\"center\"><strong>Total<\/strong><\/p>\n<\/td>\n<\/tr>\n<tr>\n<td>\n<p align=\"center\">Total<\/p>\n<\/td>\n<td>\n<p align=\"center\">51<\/p>\n<\/td>\n<td>\n<p align=\"center\">56<\/p>\n<\/td>\n<td>\n<p align=\"center\">465<\/p>\n<\/td>\n<td>\n<p align=\"center\">536<\/p>\n<\/td>\n<td>\n<p align=\"center\">11<\/p>\n<\/td>\n<td>\n<p align=\"center\">95<\/p>\n<\/td>\n<td>\n<p align=\"center\">169<\/p>\n<\/td>\n<td>\n<p align=\"center\">743<\/p>\n<\/td>\n<td>\n<p align=\"center\">894<\/p>\n<\/td>\n<td>\n<p align=\"center\">29<\/p>\n<\/td>\n<td>\n<p align=\"center\">3.049<\/p>\n<\/td>\n<\/tr>\n<\/tbody>\n<\/table>\n<\/div>\n<div><\/div>\n","protected":false},"excerpt":{"rendered":"<p>Ilh\u00e9us tem 94.294 pessoas vacinadas com as tr\u00eas doses contra a Covid-19, de acordo com os dados da Secretaria de Sa\u00fade (Sesau). O n\u00famero representa 60,60% da popula\u00e7\u00e3o com idade igual ou acima de 12 anos. No per\u00edodo compreendido entre 1\u00ba e 31 de janeiro foram ministradas 3.371 unidades da vacina, das quais 146 correspondem [&hellip;]<\/p>\n","protected":false},"author":2,"featured_media":0,"comment_status":"open","ping_status":"open","sticky":false,"template":"","format":"standard","meta":{"_links_to":"","_links_to_target":""},"categories":[7,9,8,1],"tags":[],"_links":{"self":[{"href":"https:\/\/www.ilheusnoticias.net.br\/v1\/wp-json\/wp\/v2\/posts\/31000"}],"collection":[{"href":"https:\/\/www.ilheusnoticias.net.br\/v1\/wp-json\/wp\/v2\/posts"}],"about":[{"href":"https:\/\/www.ilheusnoticias.net.br\/v1\/wp-json\/wp\/v2\/types\/post"}],"author":[{"embeddable":true,"href":"https:\/\/www.ilheusnoticias.net.br\/v1\/wp-json\/wp\/v2\/users\/2"}],"replies":[{"embeddable":true,"href":"https:\/\/www.ilheusnoticias.net.br\/v1\/wp-json\/wp\/v2\/comments?post=31000"}],"version-history":[{"count":1,"href":"https:\/\/www.ilheusnoticias.net.br\/v1\/wp-json\/wp\/v2\/posts\/31000\/revisions"}],"predecessor-version":[{"id":31001,"href":"https:\/\/www.ilheusnoticias.net.br\/v1\/wp-json\/wp\/v2\/posts\/31000\/revisions\/31001"}],"wp:attachment":[{"href":"https:\/\/www.ilheusnoticias.net.br\/v1\/wp-json\/wp\/v2\/media?parent=31000"}],"wp:term":[{"taxonomy":"category","embeddable":true,"href":"https:\/\/www.ilheusnoticias.net.br\/v1\/wp-json\/wp\/v2\/categories?post=31000"},{"taxonomy":"post_tag","embeddable":true,"href":"https:\/\/www.ilheusnoticias.net.br\/v1\/wp-json\/wp\/v2\/tags?post=31000"}],"curies":[{"name":"wp","href":"https:\/\/api.w.org\/{rel}","templated":true}]}}