{"id":30998,"date":"2023-02-12T13:55:07","date_gmt":"2023-02-12T16:55:07","guid":{"rendered":"https:\/\/www.ilheusnoticias.net.br\/v1\/?p=30998"},"modified":"2023-02-12T13:55:07","modified_gmt":"2023-02-12T16:55:07","slug":"prefeito-confere-obra-de-contencao-no-alto-do-amparo-e-requalificacao-da-praca-da-maramata-emenda-da-deputada-federal-lidice-da-mata","status":"publish","type":"post","link":"https:\/\/www.ilheusnoticias.net.br\/v1\/2023\/02\/12\/prefeito-confere-obra-de-contencao-no-alto-do-amparo-e-requalificacao-da-praca-da-maramata-emenda-da-deputada-federal-lidice-da-mata\/","title":{"rendered":"Prefeito confere obra de conten\u00e7\u00e3o no Alto do Amparo e requalifica\u00e7\u00e3o da Pra\u00e7a da Maramata emenda da Deputada Federal L\u00eddice da Mata"},"content":{"rendered":"<div class=\"imagem thumbnail col-xs-12 col-sm-8 col-md-6 col-lg-6 imagem-materia\"><a class=\"fresco\" title=\"\" href=\"https:\/\/portalfacilarquivos.blob.core.windows.net\/uploads\/ILHEUS\/imgOrig\/%7B42E4D136-C2AE-CD4C-D525-E2D504CDED88%7D.jpg\" data-fresco-caption=\"\"><img loading=\"lazy\" title=\"\" src=\"https:\/\/portalfacilarquivos.blob.core.windows.net\/uploads\/ILHEUS\/img\/%7B42E4D136-C2AE-CD4C-D525-E2D504CDED88%7D\/%7B42E4D136-C2AE-CD4C-D525-E2D504CDED88%7D_650X450.jpg\" alt=\"alto do amparo\" width=\"650\" height=\"450\" \/><\/a><\/p>\n<p class=\"bg-primary\">O prefeito M\u00e1rio Alexandre checou na \u00faltima sexta-feira (10) os servi\u00e7os em andamento nos bairros Malhado e Pontal. Acompanhado de vereadores e equipe t\u00e9cnica, o gestor visitou as obras de conten\u00e7\u00e3o da Encosta Dois de Julho, no Alto do Amparo, e destacou a import\u00e2ncia da interven\u00e7\u00e3o para a comunidade local. O investimento soma recursos na ordem de R$ 3,4 milh\u00f5es, com extens\u00e3o de aproximadamente 110 metros.<\/p>\n<\/div>\n<p>\u201cGra\u00e7as a Deus eu tenho a oportunidade de estar hoje como prefeito para buscar recursos e executar um servi\u00e7o t\u00e3o aguardado pela comunidade do Amparo. Fico emocionado em poder realizar essa obra que devolve dignidade e respeito para o meu povo. Com a parceria do Governo do Estado e da C\u00e2mara de Vereadores conseguimos avan\u00e7ar e vamos continuar trabalhando para dar andamento ao pacote de melhorias no Amparo, Nerival e em outras encostas da cidade\u201d.<\/p>\n<p>Conforme a Secretaria de Infraestrutura e Defesa Civil (Seinfra), cerca de quatro mil grampos ser\u00e3o injetados no solo para conten\u00e7\u00e3o de taludes, prote\u00e7\u00e3o mec\u00e2nica da encosta com drenagem pluvial e guarda-corpo para seguran\u00e7a dos transeuntes. A previs\u00e3o \u00e9 que o servi\u00e7o seja finalizado nos pr\u00f3ximos seis meses.<\/p>\n<p>&nbsp;<\/p>\n<div class=\"imagem thumbnail col-xs-12 col-sm-8 col-md-6 col-lg-6 imagem-materia\"><a class=\"fresco\" title=\"\" href=\"https:\/\/portalfacilarquivos.blob.core.windows.net\/uploads\/ILHEUS\/imgOrig\/%7BC4B60AA7-8E5E-AABD-3400-5EACD817EACC%7D.jpg\" data-fresco-caption=\"\"><img loading=\"lazy\" title=\"\" src=\"https:\/\/portalfacilarquivos.blob.core.windows.net\/uploads\/ILHEUS\/img\/%7BC4B60AA7-8E5E-AABD-3400-5EACD817EACC%7D\/%7BC4B60AA7-8E5E-AABD-3400-5EACD817EACC%7D_650X450.jpg\" alt=\"alto do amparo\" width=\"650\" height=\"450\" \/><\/a><\/p>\n<p class=\"bg-primary\">\n<\/div>\n<p><strong>Mais investimentos &#8211;<\/strong>\u00a0A segunda agenda de visita aconteceu na Pra\u00e7a Maramata, no Pontal. O prefeito verificou a requalifica\u00e7\u00e3o do equipamento p\u00fablico, cujo investimento aproximado de R$ 200 mil \u00e9 fruto da emenda da deputada federal L\u00eddice da Mata.<\/p>\n<p>A obra fortalece o turismo e a seguran\u00e7a local, contemplando paisagismo; grama sint\u00e9tica; ilumina\u00e7\u00e3o de LED e c\u00eanica; al\u00e9m dos servi\u00e7os de limpeza; execu\u00e7\u00e3o de passeio e assentamento de piso intertravado no estacionamento; reaterro, desobstru\u00e7\u00e3o e compacta\u00e7\u00e3o da rede de drenagem; troca de manilhas e reposi\u00e7\u00e3o de paralelos.<\/p>\n<p>\u201cAgrade\u00e7o \u00e0 deputada federal L\u00eddice da Mata pela emenda que proporcionou essa melhoria na Maramata. Tamb\u00e9m agrade\u00e7o ao presidente do PSB Ilh\u00e9us, Diego Messias, ao nosso vice-prefeito e secret\u00e1rio-geral estadual do PSB, Bebeto Galv\u00e3o, \u00e0 nossa deputada estadual, Soane Galv\u00e3o, pela articula\u00e7\u00e3o pol\u00edtica, e a todos os meus queridos vereadores, que t\u00eam nos apoiado desde o primeiro ano de governo\u201d, acrescentou M\u00e1rio Alexandre.<\/p>\n<p>Na ocasi\u00e3o, foi discutida a viabilidade da constru\u00e7\u00e3o de uma nova pracinha com parquinho nas imedia\u00e7\u00f5es da Ponte Estaiada Jorge Amado, a fim de que as fam\u00edlias possam aproveitar e desfrutar um dos cart\u00f5es-postais mais visitados de Ilh\u00e9us.<\/p>\n","protected":false},"excerpt":{"rendered":"<p>O prefeito M\u00e1rio Alexandre checou na \u00faltima sexta-feira (10) os servi\u00e7os em andamento nos bairros Malhado e Pontal. Acompanhado de vereadores e equipe t\u00e9cnica, o gestor visitou as obras de conten\u00e7\u00e3o da Encosta Dois de Julho, no Alto do Amparo, e destacou a import\u00e2ncia da interven\u00e7\u00e3o para a comunidade local. O investimento soma recursos na [&hellip;]<\/p>\n","protected":false},"author":2,"featured_media":0,"comment_status":"open","ping_status":"open","sticky":false,"template":"","format":"standard","meta":{"_links_to":"","_links_to_target":""},"categories":[7,9,8,1],"tags":[],"_links":{"self":[{"href":"https:\/\/www.ilheusnoticias.net.br\/v1\/wp-json\/wp\/v2\/posts\/30998"}],"collection":[{"href":"https:\/\/www.ilheusnoticias.net.br\/v1\/wp-json\/wp\/v2\/posts"}],"about":[{"href":"https:\/\/www.ilheusnoticias.net.br\/v1\/wp-json\/wp\/v2\/types\/post"}],"author":[{"embeddable":true,"href":"https:\/\/www.ilheusnoticias.net.br\/v1\/wp-json\/wp\/v2\/users\/2"}],"replies":[{"embeddable":true,"href":"https:\/\/www.ilheusnoticias.net.br\/v1\/wp-json\/wp\/v2\/comments?post=30998"}],"version-history":[{"count":1,"href":"https:\/\/www.ilheusnoticias.net.br\/v1\/wp-json\/wp\/v2\/posts\/30998\/revisions"}],"predecessor-version":[{"id":30999,"href":"https:\/\/www.ilheusnoticias.net.br\/v1\/wp-json\/wp\/v2\/posts\/30998\/revisions\/30999"}],"wp:attachment":[{"href":"https:\/\/www.ilheusnoticias.net.br\/v1\/wp-json\/wp\/v2\/media?parent=30998"}],"wp:term":[{"taxonomy":"category","embeddable":true,"href":"https:\/\/www.ilheusnoticias.net.br\/v1\/wp-json\/wp\/v2\/categories?post=30998"},{"taxonomy":"post_tag","embeddable":true,"href":"https:\/\/www.ilheusnoticias.net.br\/v1\/wp-json\/wp\/v2\/tags?post=30998"}],"curies":[{"name":"wp","href":"https:\/\/api.w.org\/{rel}","templated":true}]}}