{"id":30996,"date":"2023-02-12T13:50:10","date_gmt":"2023-02-12T16:50:10","guid":{"rendered":"https:\/\/www.ilheusnoticias.net.br\/v1\/?p=30996"},"modified":"2023-02-12T13:50:10","modified_gmt":"2023-02-12T16:50:10","slug":"firmiane-venancio-e-escolhida-nova-defensora-geral-da-bahia","status":"publish","type":"post","link":"https:\/\/www.ilheusnoticias.net.br\/v1\/2023\/02\/12\/firmiane-venancio-e-escolhida-nova-defensora-geral-da-bahia\/","title":{"rendered":"Firmiane Ven\u00e2ncio \u00e9 escolhida nova defensora-geral da Bahia"},"content":{"rendered":"<div class=\"row content-head non-featured \">\n<div class=\"title\" data-block-type=\"title\" data-block-id=\"0\"><\/div>\n<div class=\"medium-centered subtitle\">\n<h2 class=\"content-head__subtitle\"><img class=\"i-amphtml-fill-content i-amphtml-replaced-content\" style=\"font-size: 16px;\" src=\"https:\/\/s2.glbimg.com\/5gKGxP2DxPoKNP2_zIPQ-L9R4Dk=\/0x0:854x645\/984x0\/smart\/filters:strip_icc()\/i.s3.glbimg.com\/v1\/AUTH_59edd422c0c84a879bd37670ae4f538a\/internal_photos\/bs\/2023\/A\/N\/m6AVGWRnWdhOPy4xQEcw\/firmiane-venancio.jpg\" sizes=\"(max-width: 1366px) 648px, 100vw\" srcset=\"https:\/\/s2.glbimg.com\/7kt6LitIvPlgYTNt0fFdO_uFVgs=\/0x0:854x645\/1000x0\/smart\/filters:strip_icc()\/i.s3.glbimg.com\/v1\/AUTH_59edd422c0c84a879bd37670ae4f538a\/internal_photos\/bs\/2023\/A\/N\/m6AVGWRnWdhOPy4xQEcw\/firmiane-venancio.jpg 1000w, https:\/\/s2.glbimg.com\/5gKGxP2DxPoKNP2_zIPQ-L9R4Dk=\/0x0:854x645\/984x0\/smart\/filters:strip_icc()\/i.s3.glbimg.com\/v1\/AUTH_59edd422c0c84a879bd37670ae4f538a\/internal_photos\/bs\/2023\/A\/N\/m6AVGWRnWdhOPy4xQEcw\/firmiane-venancio.jpg 984w, https:\/\/s2.glbimg.com\/r_Tudns3Q7Dly3jyAyoT8qpKTMQ=\/0x0:854x645\/640x0\/smart\/filters:strip_icc()\/i.s3.glbimg.com\/v1\/AUTH_59edd422c0c84a879bd37670ae4f538a\/internal_photos\/bs\/2023\/A\/N\/m6AVGWRnWdhOPy4xQEcw\/firmiane-venancio.jpg 640w, https:\/\/s2.glbimg.com\/D2rGJFTkxIAkRKHKmatQ05zPwlE=\/0x0:854x645\/600x0\/smart\/filters:strip_icc()\/i.s3.glbimg.com\/v1\/AUTH_59edd422c0c84a879bd37670ae4f538a\/internal_photos\/bs\/2023\/A\/N\/m6AVGWRnWdhOPy4xQEcw\/firmiane-venancio.jpg 600w\" alt=\"Firmiane Ven\u00e2ncio de Carmo Souza, nova defensora p\u00fablica geral da Bahia no bi\u00eanio 2023-2025 \u2014 Foto: Divulga\u00e7\u00e3o\/DPE-BA\" \/><\/h2>\n<\/div>\n<\/div>\n<div class=\"mc-article-body\">\n<article>\n<div id=\"chunk-4pkpd\">\n<div class=\"row medium-uncollapsed content-media content-photo\" data-block-type=\"backstage-photo\" data-block-id=\"1\">\n<div class=\"mc-column content-media__container\">\n<p class=\"content-media__description \">Firmiane Ven\u00e2ncio de Carmo Souza, nova defensora p\u00fablica geral da Bahia no bi\u00eanio 2023-2025 \u2014 Foto: Divulga\u00e7\u00e3o\/DPE-BA<\/p>\n<\/div>\n<\/div>\n<\/div>\n<div id=\"chunk-c5il0\">\n<div class=\"mc-column content-text active-extra-styles \" data-block-type=\"unstyled\" data-block-weight=\"51\" data-block-id=\"3\">\n<p class=\"content-text__container \" data-track-category=\"Link no Texto\" data-track-links=\"\">Firmiane Ven\u00e2ncio de Carmo Souza ser\u00e1 a nova defensora p\u00fablica geral da Bahia no bi\u00eanio 2023-2025. Ap\u00f3s ficar no topo da lista tr\u00edplice hist\u00f3rica, composta por tr\u00eas mulheres, ela obteve 209 votos e foi escolhida do governador da Bahia, Jer\u00f4nimo Rodrigues, que publicou a nomea\u00e7\u00e3o no Di\u00e1rio Oficial neste s\u00e1bado (11).<\/p>\n<\/div>\n<\/div>\n<div class=\"wall protected-content\">\n<div id=\"chunk-a0si5\">\n<div class=\"mc-column content-text active-extra-styles \" data-block-type=\"unstyled\" data-block-weight=\"49\" data-block-id=\"4\">\n<p class=\"content-text__container \" data-track-category=\"Link no Texto\" data-track-links=\"\">A elei\u00e7\u00e3o da classe aconteceu em 27 de janeiro, quando as candidatas foram escolhidas pelos 405 membros da carreira para disputar o mais alto cargo de gest\u00e3o da Defensoria P\u00fablica da Bahia. Tamb\u00e9m estavam na lista tr\u00edplice as defensoras M\u00f4nica Soares (196 votos) e Camila Can\u00e1rio (181 votos).<\/p>\n<\/div>\n<\/div>\n<div id=\"chunk-fglab\">\n<div class=\"content-ads content-ads--reveal\" data-block-type=\"ads\" data-block-id=\"5\">\n<div id=\"banner_materia2\" class=\"tag-manager-publicidade-container mc-has-reveal mc-has-ad-lazyload tag-manager-publicidade-banner_materia2 tag-manager-publicidade-container--carregado tag-manager-publicidade-container--visivel\" data-id=\"banner_materia2\" data-google-query-id=\"COvdpIO4kP0CFeSnlQIdEVANJQ\">\n<div id=\"google_ads_iframe_\/95377733\/tvg_G1\/Sua_Regiao&gt;Nordeste&gt;Bahia_3__container__\" style=\"box-sizing: inherit; margin: auto; padding: 0px; border: 0pt none; font: inherit; vertical-align: initial; max-width: 100%; text-align: center; width: 970px; height: 250px;\"><iframe id=\"google_ads_iframe_\/95377733\/tvg_G1\/Sua_Regiao&gt;Nordeste&gt;Bahia_3\" style=\"box-sizing: inherit; margin: 0px; padding: 0px; border: 0px; font: inherit; vertical-align: bottom;\" tabindex=\"0\" title=\"3rd party ad content\" role=\"region\" name=\"google_ads_iframe_\/95377733\/tvg_G1\/Sua_Regiao&gt;Nordeste&gt;Bahia_3\" width=\"970\" height=\"250\" frameborder=\"0\" marginwidth=\"0\" marginheight=\"0\" scrolling=\"no\" aria-label=\"Advertisement\" data-load-complete=\"true\" data-google-container-id=\"5\" data-mce-fragment=\"1\"><\/iframe><\/div>\n<\/div>\n<\/div>\n<\/div>\n<div id=\"chunk-fhift\">\n<div class=\"mc-column content-text active-extra-styles \" data-block-type=\"unstyled\" data-block-weight=\"37\" data-block-id=\"6\">\n<p class=\"content-text__container \" data-track-category=\"Link no Texto\" data-track-links=\"\">Firmiane exerceu o cargo de subdefensora-geral (segundo cargo de gest\u00e3o mais alto na hierarquia da Defensoria P\u00fablica da Bahia durante o bi\u00eanio 2021\/2023, conduzido pelo defensor-geral Rafson Ximenes, cujo mandato encerra no pr\u00f3ximo dia 2 de mar\u00e7o.<\/p>\n<\/div>\n<\/div>\n<div id=\"chunk-lhhm\">\n<div class=\"mc-column content-text active-extra-styles \" data-block-type=\"unstyled\" data-block-weight=\"34\" data-block-id=\"7\">\n<p class=\"content-text__container \" data-track-category=\"Link no Texto\" data-track-links=\"\">Graduada em Direito pela Universidade Cat\u00f3lica do\u00a0<a href=\"https:\/\/g1.globo.com\/ba\/bahia\/cidade\/salvador\/\">Salvador<\/a>, Firmiane Ven\u00e2ncio do Carmo Souza \u00e9 doutoranda e mestra pelo Programa de Estudos Interdisciplinares sobre Mulheres, G\u00eanero e Feminismo da Universidade Federal da Bahia.<\/p>\n<\/div>\n<\/div>\n<div id=\"chunk-ai4dk\">\n<div class=\"mc-column content-text active-extra-styles \" data-block-type=\"unstyled\" data-block-weight=\"33\" data-block-id=\"8\">\n<p class=\"content-text__container \" data-track-category=\"Link no Texto\" data-track-links=\"\">Especialista em Direitos Humanos, tem experi\u00eancia na \u00e1rea de Direitos Humanos das Mulheres e Direito Penal. H\u00e1 22 anos como defensora p\u00fablica, j\u00e1 atuou nas comarcas de\u00a0<a href=\"https:\/\/g1.globo.com\/ba\/bahia\/cidade\/senhor-do-bonfim\/\">Senhor do Bonfim<\/a>\u00a0e Salvador.<\/p>\n<\/div>\n<\/div>\n<\/div>\n<\/article>\n<\/div>\n","protected":false},"excerpt":{"rendered":"<p>Firmiane Ven\u00e2ncio de Carmo Souza, nova defensora p\u00fablica geral da Bahia no bi\u00eanio 2023-2025 \u2014 Foto: Divulga\u00e7\u00e3o\/DPE-BA Firmiane Ven\u00e2ncio de Carmo Souza ser\u00e1 a nova defensora p\u00fablica geral da Bahia no bi\u00eanio 2023-2025. Ap\u00f3s ficar no topo da lista tr\u00edplice hist\u00f3rica, composta por tr\u00eas mulheres, ela obteve 209 votos e foi escolhida do governador da [&hellip;]<\/p>\n","protected":false},"author":2,"featured_media":0,"comment_status":"open","ping_status":"open","sticky":false,"template":"","format":"standard","meta":{"_links_to":"","_links_to_target":""},"categories":[7,9,8,1],"tags":[],"_links":{"self":[{"href":"https:\/\/www.ilheusnoticias.net.br\/v1\/wp-json\/wp\/v2\/posts\/30996"}],"collection":[{"href":"https:\/\/www.ilheusnoticias.net.br\/v1\/wp-json\/wp\/v2\/posts"}],"about":[{"href":"https:\/\/www.ilheusnoticias.net.br\/v1\/wp-json\/wp\/v2\/types\/post"}],"author":[{"embeddable":true,"href":"https:\/\/www.ilheusnoticias.net.br\/v1\/wp-json\/wp\/v2\/users\/2"}],"replies":[{"embeddable":true,"href":"https:\/\/www.ilheusnoticias.net.br\/v1\/wp-json\/wp\/v2\/comments?post=30996"}],"version-history":[{"count":1,"href":"https:\/\/www.ilheusnoticias.net.br\/v1\/wp-json\/wp\/v2\/posts\/30996\/revisions"}],"predecessor-version":[{"id":30997,"href":"https:\/\/www.ilheusnoticias.net.br\/v1\/wp-json\/wp\/v2\/posts\/30996\/revisions\/30997"}],"wp:attachment":[{"href":"https:\/\/www.ilheusnoticias.net.br\/v1\/wp-json\/wp\/v2\/media?parent=30996"}],"wp:term":[{"taxonomy":"category","embeddable":true,"href":"https:\/\/www.ilheusnoticias.net.br\/v1\/wp-json\/wp\/v2\/categories?post=30996"},{"taxonomy":"post_tag","embeddable":true,"href":"https:\/\/www.ilheusnoticias.net.br\/v1\/wp-json\/wp\/v2\/tags?post=30996"}],"curies":[{"name":"wp","href":"https:\/\/api.w.org\/{rel}","templated":true}]}}