{"id":30994,"date":"2023-02-12T13:47:07","date_gmt":"2023-02-12T16:47:07","guid":{"rendered":"https:\/\/www.ilheusnoticias.net.br\/v1\/?p=30994"},"modified":"2023-02-12T13:47:07","modified_gmt":"2023-02-12T16:47:07","slug":"feriado-mais-que-prolongado-bahia-tera-ponto-facultativo-da-segunda-feira-a-quarta-de-cinzas","status":"publish","type":"post","link":"https:\/\/www.ilheusnoticias.net.br\/v1\/2023\/02\/12\/feriado-mais-que-prolongado-bahia-tera-ponto-facultativo-da-segunda-feira-a-quarta-de-cinzas\/","title":{"rendered":"Feriado mais que prolongado: Bahia ter\u00e1 ponto facultativo da segunda-feira \u00e0 quarta de cinzas"},"content":{"rendered":"<div class=\"row content-head non-featured \">\n<div class=\"title\" data-block-type=\"title\" data-block-id=\"0\"><\/div>\n<div class=\"medium-centered subtitle\">\n<h2 class=\"content-head__subtitle\"><img class=\"i-amphtml-fill-content i-amphtml-replaced-content\" style=\"font-size: 16px;\" src=\"https:\/\/s2.glbimg.com\/JHk_tZrYjwkHeIqQqtCLyZBk_JA=\/0x0:1128x752\/984x0\/smart\/filters:strip_icc()\/i.s3.glbimg.com\/v1\/AUTH_59edd422c0c84a879bd37670ae4f538a\/internal_photos\/bs\/2020\/r\/h\/G4U0PZQXCYSLCYfPW0xA\/1248650444-joi-1857-8377089-resized.jpg\" sizes=\"(max-width: 1366px) 648px, 100vw\" srcset=\"https:\/\/s2.glbimg.com\/ADM3FglOIyw9Pg-Vw09baX_YGvk=\/0x0:1128x752\/1000x0\/smart\/filters:strip_icc()\/i.s3.glbimg.com\/v1\/AUTH_59edd422c0c84a879bd37670ae4f538a\/internal_photos\/bs\/2020\/r\/h\/G4U0PZQXCYSLCYfPW0xA\/1248650444-joi-1857-8377089-resized.jpg 1000w, https:\/\/s2.glbimg.com\/JHk_tZrYjwkHeIqQqtCLyZBk_JA=\/0x0:1128x752\/984x0\/smart\/filters:strip_icc()\/i.s3.glbimg.com\/v1\/AUTH_59edd422c0c84a879bd37670ae4f538a\/internal_photos\/bs\/2020\/r\/h\/G4U0PZQXCYSLCYfPW0xA\/1248650444-joi-1857-8377089-resized.jpg 984w, https:\/\/s2.glbimg.com\/wj9kDegxVGAW9v8G5CSHXADYftc=\/0x0:1128x752\/640x0\/smart\/filters:strip_icc()\/i.s3.glbimg.com\/v1\/AUTH_59edd422c0c84a879bd37670ae4f538a\/internal_photos\/bs\/2020\/r\/h\/G4U0PZQXCYSLCYfPW0xA\/1248650444-joi-1857-8377089-resized.jpg 640w, https:\/\/s2.glbimg.com\/Y00ksoWfLnwoOsU6zsEnYA_OiNw=\/0x0:1128x752\/600x0\/smart\/filters:strip_icc()\/i.s3.glbimg.com\/v1\/AUTH_59edd422c0c84a879bd37670ae4f538a\/internal_photos\/bs\/2020\/r\/h\/G4U0PZQXCYSLCYfPW0xA\/1248650444-joi-1857-8377089-resized.jpg 600w\" alt=\"Trio de Igor Kann\u00e1rio durante carnaval de Salvador, em 2020 \u2014 Foto: Joilson C\u00e9sar\/Ag Haack\" \/><\/h2>\n<\/div>\n<\/div>\n<div class=\"mc-article-body\">\n<article>\n<div id=\"chunk-1ffl2\">\n<div class=\"row medium-uncollapsed content-media content-photo\" data-block-type=\"backstage-photo\" data-block-id=\"1\">\n<div class=\"mc-column content-media__container\">\n<p class=\"content-media__description \">Trio de Igor Kann\u00e1rio durante carnaval de Salvador, em 2020 \u2014 Foto: Joilson C\u00e9sar\/Ag Haack<\/p>\n<\/div>\n<\/div>\n<\/div>\n<div id=\"chunk-bdnij\">\n<div class=\"mc-column content-text active-extra-styles \" data-block-type=\"unstyled\" data-block-weight=\"47\" data-block-id=\"3\">\n<p class=\"content-text__container \" data-track-category=\"Link no Texto\" data-track-links=\"\">Depois de\u00a0<a href=\"https:\/\/g1.globo.com\/ba\/bahia\/carnaval\/2022\/noticia\/2022\/02\/18\/salvador-nao-tera-ponto-facultativo-durante-carnaval-prefeitura-fiscalizara-trechos-de-circuitos-para-evitar-aglomeracoes.ghtml\">dois anos com pontos facultativos suspensos por causa da pandemia<\/a>, os baianos v\u00e3o contar com um feriado prolongado no carnaval de 2023. O per\u00edodo vai desde a segunda-feira (20), passando pelo pr\u00f3prio feriado, dia 21, e tamb\u00e9m abrange a quarta-feira de cinzas, no dia 22.<\/p>\n<\/div>\n<\/div>\n<div class=\"wall protected-content\">\n<div id=\"chunk-fi511\">\n<div class=\"mc-column content-text active-extra-styles \" data-block-type=\"unstyled\" data-block-weight=\"36\" data-block-id=\"5\">\n<p class=\"content-text__container \" data-track-category=\"Link no Texto\" data-track-links=\"\">Essas datas j\u00e1 eram consideradas pontos facultativos no calend\u00e1rio nacional divulgado pelo governo federal, e ser\u00e3o seguidas pela Prefeitura de Salvador \u2013 onde \u00e9 realizada a principal festa da folia \u2013 e pelo Governo do Estado.<\/p>\n<\/div>\n<\/div>\n<div id=\"chunk-brnbk\">\n<div class=\"content-ads content-ads--reveal\" data-block-type=\"ads\" data-block-id=\"6\">\n<div id=\"banner_materia2\" class=\"tag-manager-publicidade-container mc-has-reveal mc-has-ad-lazyload tag-manager-publicidade-banner_materia2 tag-manager-publicidade-container--carregado tag-manager-publicidade-container--visivel\" data-id=\"banner_materia2\" data-google-query-id=\"CPzxj6K3kP0CFcezlQId3bMBcw\">\n<div id=\"google_ads_iframe_\/95377733\/tvg_G1\/Sua_Regiao&gt;Nordeste&gt;Bahia_3__container__\" style=\"box-sizing: inherit; margin: auto; padding: 0px; border: 0pt none; font: inherit; vertical-align: initial; max-width: 100%; text-align: center; width: 970px; height: 250px;\"><iframe id=\"google_ads_iframe_\/95377733\/tvg_G1\/Sua_Regiao&gt;Nordeste&gt;Bahia_3\" style=\"box-sizing: inherit; margin: 0px; padding: 0px; border: 0px; font: inherit; vertical-align: bottom;\" tabindex=\"0\" title=\"3rd party ad content\" role=\"region\" name=\"google_ads_iframe_\/95377733\/tvg_G1\/Sua_Regiao&gt;Nordeste&gt;Bahia_3\" width=\"970\" height=\"250\" frameborder=\"0\" marginwidth=\"0\" marginheight=\"0\" scrolling=\"no\" aria-label=\"Advertisement\" data-load-complete=\"true\" data-google-container-id=\"5\" data-mce-fragment=\"1\"><\/iframe><\/div>\n<\/div>\n<\/div>\n<\/div>\n<div id=\"chunk-8uvft\">\n<div class=\"mc-column content-text active-extra-styles \" data-block-type=\"unstyled\" data-block-weight=\"32\" data-block-id=\"7\">\n<p class=\"content-text__container \" data-track-category=\"Link no Texto\" data-track-links=\"\">Outras cidades do Brasil, como S\u00e3o Paulo e Rio de Janeiro \u2013 que estendeu o ponto facultativo tamb\u00e9m na sexta-feira (17), tamb\u00e9m seguir\u00e3o com o feriado prolongado.<\/p>\n<\/div>\n<\/div>\n<\/div>\n<\/article>\n<\/div>\n","protected":false},"excerpt":{"rendered":"<p>Trio de Igor Kann\u00e1rio durante carnaval de Salvador, em 2020 \u2014 Foto: Joilson C\u00e9sar\/Ag Haack Depois de\u00a0dois anos com pontos facultativos suspensos por causa da pandemia, os baianos v\u00e3o contar com um feriado prolongado no carnaval de 2023. O per\u00edodo vai desde a segunda-feira (20), passando pelo pr\u00f3prio feriado, dia 21, e tamb\u00e9m abrange a [&hellip;]<\/p>\n","protected":false},"author":2,"featured_media":0,"comment_status":"open","ping_status":"open","sticky":false,"template":"","format":"standard","meta":{"_links_to":"","_links_to_target":""},"categories":[7,9,8,1],"tags":[],"_links":{"self":[{"href":"https:\/\/www.ilheusnoticias.net.br\/v1\/wp-json\/wp\/v2\/posts\/30994"}],"collection":[{"href":"https:\/\/www.ilheusnoticias.net.br\/v1\/wp-json\/wp\/v2\/posts"}],"about":[{"href":"https:\/\/www.ilheusnoticias.net.br\/v1\/wp-json\/wp\/v2\/types\/post"}],"author":[{"embeddable":true,"href":"https:\/\/www.ilheusnoticias.net.br\/v1\/wp-json\/wp\/v2\/users\/2"}],"replies":[{"embeddable":true,"href":"https:\/\/www.ilheusnoticias.net.br\/v1\/wp-json\/wp\/v2\/comments?post=30994"}],"version-history":[{"count":1,"href":"https:\/\/www.ilheusnoticias.net.br\/v1\/wp-json\/wp\/v2\/posts\/30994\/revisions"}],"predecessor-version":[{"id":30995,"href":"https:\/\/www.ilheusnoticias.net.br\/v1\/wp-json\/wp\/v2\/posts\/30994\/revisions\/30995"}],"wp:attachment":[{"href":"https:\/\/www.ilheusnoticias.net.br\/v1\/wp-json\/wp\/v2\/media?parent=30994"}],"wp:term":[{"taxonomy":"category","embeddable":true,"href":"https:\/\/www.ilheusnoticias.net.br\/v1\/wp-json\/wp\/v2\/categories?post=30994"},{"taxonomy":"post_tag","embeddable":true,"href":"https:\/\/www.ilheusnoticias.net.br\/v1\/wp-json\/wp\/v2\/tags?post=30994"}],"curies":[{"name":"wp","href":"https:\/\/api.w.org\/{rel}","templated":true}]}}