{"id":30988,"date":"2023-02-11T10:16:30","date_gmt":"2023-02-11T13:16:30","guid":{"rendered":"https:\/\/www.ilheusnoticias.net.br\/v1\/?p=30988"},"modified":"2023-02-11T10:16:30","modified_gmt":"2023-02-11T13:16:30","slug":"grave-acidente-na-ponte-jorge-amado-nas-primeiras-horas-desse-sabado","status":"publish","type":"post","link":"https:\/\/www.ilheusnoticias.net.br\/v1\/2023\/02\/11\/grave-acidente-na-ponte-jorge-amado-nas-primeiras-horas-desse-sabado\/","title":{"rendered":"Grave acidente na Ponte Jorge Amado nas primeiras horas desse s\u00e1bado"},"content":{"rendered":"<header class=\"entry-header\">\n<div class=\"entry-meta\"><\/div>\n<\/header>\n<div class=\"entry-content\">\n<figure id=\"attachment_84077\" class=\"wp-caption aligncenter\" style=\"width: 665px;\" aria-describedby=\"caption-attachment-84077\"><img loading=\"lazy\" class=\" wp-image-84077\" src=\"https:\/\/fabiorobertonoticias.com.br\/wp-content\/uploads\/2023\/02\/IMG_20230211_084356_452.webp\" sizes=\"(max-width: 900px) 100vw, 900px\" srcset=\"https:\/\/fabiorobertonoticias.com.br\/wp-content\/uploads\/2023\/02\/IMG_20230211_084356_452.webp 900w, https:\/\/fabiorobertonoticias.com.br\/wp-content\/uploads\/2023\/02\/IMG_20230211_084356_452-240x300.webp 240w, https:\/\/fabiorobertonoticias.com.br\/wp-content\/uploads\/2023\/02\/IMG_20230211_084356_452-819x1024.webp 819w, https:\/\/fabiorobertonoticias.com.br\/wp-content\/uploads\/2023\/02\/IMG_20230211_084356_452-768x960.webp 768w\" alt=\"\" width=\"665\" height=\"831\" \/><figcaption id=\"caption-attachment-84077\" class=\"wp-caption-text\">Carro capotou na ponte.<\/figcaption><\/figure>\n<p>Acidente feio na subida da ponte Jorge Amado, em Ilh\u00e9us, nas primeiras horas desse s\u00e1bado. (11).<\/p>\n<p>A viol\u00eancia no tr\u00e2nsito de Ilh\u00e9us \u00e9 mais uma vez destaque na m\u00eddia estadual. De acordo com informa\u00e7\u00f5es obtidas junto \u00e0 pol\u00edcia, um carro, modelo Ford KA, placa Mercosul PJE-9A01, com licen\u00e7a de Ilh\u00e9us, capotou na curva da ponte Jorge Amado, no sentido centro da Cidade.<\/p>\n<p>Nas imagens \u00e9 poss\u00edvel verificar que o ve\u00edculo ficou bastante destru\u00eddo e, apesar da for\u00e7a do impacto, os air bags n\u00e3o funcionaram, mesmo sendo um carro considerado novo.<\/p>\n<p>Uma viatura da pol\u00edcia militar esteve no local, o ve\u00edculo foi removido no guincho e o caso foi parar na delegacia.<\/p>\n<p>Mat\u00e9ria: F\u00e1bio Roberto<\/p>\n<\/div>\n","protected":false},"excerpt":{"rendered":"<p>Carro capotou na ponte. Acidente feio na subida da ponte Jorge Amado, em Ilh\u00e9us, nas primeiras horas desse s\u00e1bado. (11). A viol\u00eancia no tr\u00e2nsito de Ilh\u00e9us \u00e9 mais uma vez destaque na m\u00eddia estadual. De acordo com informa\u00e7\u00f5es obtidas junto \u00e0 pol\u00edcia, um carro, modelo Ford KA, placa Mercosul PJE-9A01, com licen\u00e7a de Ilh\u00e9us, capotou [&hellip;]<\/p>\n","protected":false},"author":2,"featured_media":0,"comment_status":"open","ping_status":"open","sticky":false,"template":"","format":"standard","meta":{"_links_to":"","_links_to_target":""},"categories":[7,9,8,1],"tags":[],"_links":{"self":[{"href":"https:\/\/www.ilheusnoticias.net.br\/v1\/wp-json\/wp\/v2\/posts\/30988"}],"collection":[{"href":"https:\/\/www.ilheusnoticias.net.br\/v1\/wp-json\/wp\/v2\/posts"}],"about":[{"href":"https:\/\/www.ilheusnoticias.net.br\/v1\/wp-json\/wp\/v2\/types\/post"}],"author":[{"embeddable":true,"href":"https:\/\/www.ilheusnoticias.net.br\/v1\/wp-json\/wp\/v2\/users\/2"}],"replies":[{"embeddable":true,"href":"https:\/\/www.ilheusnoticias.net.br\/v1\/wp-json\/wp\/v2\/comments?post=30988"}],"version-history":[{"count":1,"href":"https:\/\/www.ilheusnoticias.net.br\/v1\/wp-json\/wp\/v2\/posts\/30988\/revisions"}],"predecessor-version":[{"id":30989,"href":"https:\/\/www.ilheusnoticias.net.br\/v1\/wp-json\/wp\/v2\/posts\/30988\/revisions\/30989"}],"wp:attachment":[{"href":"https:\/\/www.ilheusnoticias.net.br\/v1\/wp-json\/wp\/v2\/media?parent=30988"}],"wp:term":[{"taxonomy":"category","embeddable":true,"href":"https:\/\/www.ilheusnoticias.net.br\/v1\/wp-json\/wp\/v2\/categories?post=30988"},{"taxonomy":"post_tag","embeddable":true,"href":"https:\/\/www.ilheusnoticias.net.br\/v1\/wp-json\/wp\/v2\/tags?post=30988"}],"curies":[{"name":"wp","href":"https:\/\/api.w.org\/{rel}","templated":true}]}}