{"id":30984,"date":"2023-02-11T10:10:23","date_gmt":"2023-02-11T13:10:23","guid":{"rendered":"https:\/\/www.ilheusnoticias.net.br\/v1\/?p=30984"},"modified":"2023-02-11T10:10:23","modified_gmt":"2023-02-11T13:10:23","slug":"ilheus-moderniza-educacao-e-escola-odete-salma-dara-lugar-a-uma-unidade-em-tempo-integral","status":"publish","type":"post","link":"https:\/\/www.ilheusnoticias.net.br\/v1\/2023\/02\/11\/ilheus-moderniza-educacao-e-escola-odete-salma-dara-lugar-a-uma-unidade-em-tempo-integral\/","title":{"rendered":"Ilh\u00e9us moderniza Educa\u00e7\u00e3o e Escola Odete Salma dar\u00e1 lugar a uma unidade em tempo integral"},"content":{"rendered":"<p>&nbsp;<\/p>\n<div class=\"imagem thumbnail col-xs-12 col-sm-8 col-md-6 col-lg-6 imagem-materia\"><a class=\"fresco\" title=\"\" href=\"https:\/\/portalfacilarquivos.blob.core.windows.net\/uploads\/ILHEUS\/imgOrig\/%7BE7ABA1AC-EB81-07AA-CE6E-ABC12D1ADAC2%7D.jpg\" data-fresco-caption=\"\"><img loading=\"lazy\" src=\"https:\/\/portalfacilarquivos.blob.core.windows.net\/uploads\/ILHEUS\/img\/%7BE7ABA1AC-EB81-07AA-CE6E-ABC12D1ADAC2%7D\/%7BE7ABA1AC-EB81-07AA-CE6E-ABC12D1ADAC2%7D_450X650.jpg\" alt=\"Odete Salma\" width=\"450\" height=\"650\" \/><\/a>A Secretaria de Educa\u00e7\u00e3o (Seduc) informa \u00e0 comunidade ilheense que deu in\u00edcio nesta sexta-feira (10) \u00e0s obras de demoli\u00e7\u00e3o da estrutura onde funcionava a Escola Municipal Odete Salma Medauar, localizada no Malhado.<\/p>\n<\/div>\n<p>Conforme a pasta, o espa\u00e7o passa a abrigar uma nova unidade em tempo integral e faz parte do projeto de moderniza\u00e7\u00e3o da Educa\u00e7\u00e3o no munic\u00edpio, com amplia\u00e7\u00e3o das instala\u00e7\u00f5es do Centro Estadual de Educa\u00e7\u00e3o Profissional (CEEP) do Chocolate Nelson Schaun, que ser\u00e1 disponibilizado para a gest\u00e3o via processo de municipaliza\u00e7\u00e3o.<\/p>\n<p>&nbsp;<\/p>\n<div class=\"imagem thumbnail col-xs-12 col-sm-8 col-md-6 col-lg-6 imagem-materia\"><a class=\"fresco\" title=\"\" href=\"https:\/\/portalfacilarquivos.blob.core.windows.net\/uploads\/ILHEUS\/imgOrig\/%7B7A75E0A3-0C5E-512D-E7DA-CBCEBC1BCB50%7D.jpg\" data-fresco-caption=\"\"><img loading=\"lazy\" src=\"https:\/\/portalfacilarquivos.blob.core.windows.net\/uploads\/ILHEUS\/img\/%7B7A75E0A3-0C5E-512D-E7DA-CBCEBC1BCB50%7D\/%7B7A75E0A3-0C5E-512D-E7DA-CBCEBC1BCB50%7D_450X650.jpg\" alt=\"Odete Salma\" width=\"450\" height=\"650\" \/><\/a>A Seduc esclarece que as atividades administrativas e letivas referentes \u00e0 Escola Odete Salma Medauar foram realocadas para o Col\u00e9gio Paulo Am\u00e9rico, sem preju\u00edzo. \u201cMais um empreendimento que promove o bem-estar da nossa comunidade e que trar\u00e1 melhorias da Educa\u00e7\u00e3o no munic\u00edpio\u201d, frisou a professora Eliane Oliveira, titular da Seduc.<\/p>\n<\/div>\n<p>A iniciativa engloba um amplo programa de moderniza\u00e7\u00e3o e constru\u00e7\u00e3o de novas escolas, adequando as suas estruturas para funcionar em tempo integral e acolher o estudante, resultado da soma de esfor\u00e7os e parceria constante entre o Governo do Estado da Bahia e a Prefeitura de Ilh\u00e9us.<\/p>\n","protected":false},"excerpt":{"rendered":"<p>&nbsp; A Secretaria de Educa\u00e7\u00e3o (Seduc) informa \u00e0 comunidade ilheense que deu in\u00edcio nesta sexta-feira (10) \u00e0s obras de demoli\u00e7\u00e3o da estrutura onde funcionava a Escola Municipal Odete Salma Medauar, localizada no Malhado. Conforme a pasta, o espa\u00e7o passa a abrigar uma nova unidade em tempo integral e faz parte do projeto de moderniza\u00e7\u00e3o da [&hellip;]<\/p>\n","protected":false},"author":2,"featured_media":0,"comment_status":"open","ping_status":"open","sticky":false,"template":"","format":"standard","meta":{"_links_to":"","_links_to_target":""},"categories":[7,9,8,1],"tags":[],"_links":{"self":[{"href":"https:\/\/www.ilheusnoticias.net.br\/v1\/wp-json\/wp\/v2\/posts\/30984"}],"collection":[{"href":"https:\/\/www.ilheusnoticias.net.br\/v1\/wp-json\/wp\/v2\/posts"}],"about":[{"href":"https:\/\/www.ilheusnoticias.net.br\/v1\/wp-json\/wp\/v2\/types\/post"}],"author":[{"embeddable":true,"href":"https:\/\/www.ilheusnoticias.net.br\/v1\/wp-json\/wp\/v2\/users\/2"}],"replies":[{"embeddable":true,"href":"https:\/\/www.ilheusnoticias.net.br\/v1\/wp-json\/wp\/v2\/comments?post=30984"}],"version-history":[{"count":1,"href":"https:\/\/www.ilheusnoticias.net.br\/v1\/wp-json\/wp\/v2\/posts\/30984\/revisions"}],"predecessor-version":[{"id":30985,"href":"https:\/\/www.ilheusnoticias.net.br\/v1\/wp-json\/wp\/v2\/posts\/30984\/revisions\/30985"}],"wp:attachment":[{"href":"https:\/\/www.ilheusnoticias.net.br\/v1\/wp-json\/wp\/v2\/media?parent=30984"}],"wp:term":[{"taxonomy":"category","embeddable":true,"href":"https:\/\/www.ilheusnoticias.net.br\/v1\/wp-json\/wp\/v2\/categories?post=30984"},{"taxonomy":"post_tag","embeddable":true,"href":"https:\/\/www.ilheusnoticias.net.br\/v1\/wp-json\/wp\/v2\/tags?post=30984"}],"curies":[{"name":"wp","href":"https:\/\/api.w.org\/{rel}","templated":true}]}}