{"id":30982,"date":"2023-02-11T10:08:59","date_gmt":"2023-02-11T13:08:59","guid":{"rendered":"https:\/\/www.ilheusnoticias.net.br\/v1\/?p=30982"},"modified":"2023-02-11T10:08:59","modified_gmt":"2023-02-11T13:08:59","slug":"saude-na-comunidade-sesau-divulga-cronograma-para-atendimento-a-partir-desta-segunda-feira-13","status":"publish","type":"post","link":"https:\/\/www.ilheusnoticias.net.br\/v1\/2023\/02\/11\/saude-na-comunidade-sesau-divulga-cronograma-para-atendimento-a-partir-desta-segunda-feira-13\/","title":{"rendered":"Sa\u00fade na Comunidade: Sesau divulga cronograma para atendimento a partir desta segunda-feira (13)"},"content":{"rendered":"<div class=\"imagem thumbnail col-xs-12 col-sm-8 col-md-6 col-lg-6 imagem-materia\"><a class=\"fresco\" title=\"\" href=\"https:\/\/portalfacilarquivos.blob.core.windows.net\/uploads\/ILHEUS\/imgOrig\/%7BCAACBDCE-4B64-3E3E-BEAA-EBEADEB38AAA%7D.jpg\" data-fresco-caption=\"\"><img loading=\"lazy\" title=\"\" src=\"https:\/\/portalfacilarquivos.blob.core.windows.net\/uploads\/ILHEUS\/img\/%7BCAACBDCE-4B64-3E3E-BEAA-EBEADEB38AAA%7D\/%7BCAACBDCE-4B64-3E3E-BEAA-EBEADEB38AAA%7D_650X450.jpg\" alt=\"sa\u00fade; sa\u00fade na comunidade; alto da tapera\" width=\"650\" height=\"450\" \/><\/a><\/p>\n<p class=\"bg-primary\">A Secretaria de Sa\u00fade (Sesau) divulgou o cronograma de atendimento do programa \u2018Sa\u00fade na Comunidade\u2019 durante o m\u00eas de fevereiro. A iniciativa visa descentralizar a assist\u00eancia em Ilh\u00e9us, levando servi\u00e7os \u00e0s localidades mais distantes. Desde o dia 1\u00ba de fevereiro, a a\u00e7\u00e3o itinerante j\u00e1 contemplou as seguintes localidades: S\u00e3o Jos\u00e9, Santo Ant\u00f4nio, Juerana, Banco do Pedro, Central de Abastecimento, Retiro, Tibina II, Ponta da Tulha, Castelo Novo, Banco Central, Couto, Pimenteira, Aritagu\u00e1, Sambaituba, Inema, Mamo\u00e3 e Vila Cachoeira.<\/p>\n<\/div>\n<p>Do dia 13 ao dia 28 de fevereiro, o programa contemplar\u00e1 as comunidades de Juerana, Assentamento Dem\u00e9trio Costa, Assentamento Ressurrei\u00e7\u00e3o, Ponta da Tulha, Couto, Lagoa Encantada, S\u00e3o Jos\u00e9, Santo Ant\u00f4nio, Acu\u00edpe do Meio, Aritagu\u00e1, Sambaituba e Rio do Engenho.<\/p>\n<p>Confira os servi\u00e7os.<\/p>\n<p><strong>&#8211; Segunda-feira (13\/02)<\/strong><\/p>\n<p>Locais: Juerana, Assentamento Dem\u00e9trio Costa e Assentamento Ressurrei\u00e7\u00e3o;<\/p>\n<p><strong>&#8211; Ter\u00e7a-feira (14\/02)<\/strong><\/p>\n<p>Locais: Ponta da Tulha, Couto e Lagoa Encantada;<\/p>\n<p><strong>&#8211; Quarta-feira (15\/02)<\/strong><\/p>\n<p>Locais: S\u00e3o Jos\u00e9, Santo Ant\u00f4nio, Juerana e Acu\u00edpe do Meio;<\/p>\n<p><strong>&#8211; Quinta-feira (16\/02)<\/strong><\/p>\n<p>Locais: Juerana, Aritagu\u00e1 e Sambaituba;<\/p>\n<p><strong>&#8211; Sexta-feira (17\/02)<\/strong><\/p>\n<p>Locais: S\u00e3o Jos\u00e9 e Rio do Engenho;<\/p>\n<p><strong>&#8211; Segunda-feira (20\/02)<\/strong><\/p>\n<p>Locais: Juerana e Ponta da Tulha;<\/p>\n<p><strong>&#8211; Ter\u00e7a-feira (21\/02)<\/strong><\/p>\n<p>Locais: Ponta da Tulha e Couto;<\/p>\n<p><strong>&#8211; Quarta-feira (22\/02)<\/strong><\/p>\n<p>Locais: S\u00e3o Jos\u00e9, Santo Ant\u00f4nio e Juerana;<\/p>\n<p><strong>&#8211; Quinta-feira (23\/02)<\/strong><\/p>\n<p>Local: Juerana;<\/p>\n<p><strong>&#8211; Sexta-feira (24\/02)<\/strong><\/p>\n<p>Local: S\u00e3o Jos\u00e9<\/p>\n<p><strong>&#8211; Segunda-feira (27\/02)<\/strong><\/p>\n<p>Local: Juerana e Ponta da Tulha;<\/p>\n<p><strong>&#8211; Ter\u00e7a-feira (28\/02)<\/strong><\/p>\n<p>Locais: Ponta da Tulha e Couto<\/p>\n","protected":false},"excerpt":{"rendered":"<p>A Secretaria de Sa\u00fade (Sesau) divulgou o cronograma de atendimento do programa \u2018Sa\u00fade na Comunidade\u2019 durante o m\u00eas de fevereiro. A iniciativa visa descentralizar a assist\u00eancia em Ilh\u00e9us, levando servi\u00e7os \u00e0s localidades mais distantes. Desde o dia 1\u00ba de fevereiro, a a\u00e7\u00e3o itinerante j\u00e1 contemplou as seguintes localidades: S\u00e3o Jos\u00e9, Santo Ant\u00f4nio, Juerana, Banco do [&hellip;]<\/p>\n","protected":false},"author":2,"featured_media":0,"comment_status":"open","ping_status":"open","sticky":false,"template":"","format":"standard","meta":{"_links_to":"","_links_to_target":""},"categories":[7,9,8,1],"tags":[],"_links":{"self":[{"href":"https:\/\/www.ilheusnoticias.net.br\/v1\/wp-json\/wp\/v2\/posts\/30982"}],"collection":[{"href":"https:\/\/www.ilheusnoticias.net.br\/v1\/wp-json\/wp\/v2\/posts"}],"about":[{"href":"https:\/\/www.ilheusnoticias.net.br\/v1\/wp-json\/wp\/v2\/types\/post"}],"author":[{"embeddable":true,"href":"https:\/\/www.ilheusnoticias.net.br\/v1\/wp-json\/wp\/v2\/users\/2"}],"replies":[{"embeddable":true,"href":"https:\/\/www.ilheusnoticias.net.br\/v1\/wp-json\/wp\/v2\/comments?post=30982"}],"version-history":[{"count":1,"href":"https:\/\/www.ilheusnoticias.net.br\/v1\/wp-json\/wp\/v2\/posts\/30982\/revisions"}],"predecessor-version":[{"id":30983,"href":"https:\/\/www.ilheusnoticias.net.br\/v1\/wp-json\/wp\/v2\/posts\/30982\/revisions\/30983"}],"wp:attachment":[{"href":"https:\/\/www.ilheusnoticias.net.br\/v1\/wp-json\/wp\/v2\/media?parent=30982"}],"wp:term":[{"taxonomy":"category","embeddable":true,"href":"https:\/\/www.ilheusnoticias.net.br\/v1\/wp-json\/wp\/v2\/categories?post=30982"},{"taxonomy":"post_tag","embeddable":true,"href":"https:\/\/www.ilheusnoticias.net.br\/v1\/wp-json\/wp\/v2\/tags?post=30982"}],"curies":[{"name":"wp","href":"https:\/\/api.w.org\/{rel}","templated":true}]}}