{"id":30980,"date":"2023-02-11T10:07:33","date_gmt":"2023-02-11T13:07:33","guid":{"rendered":"https:\/\/www.ilheusnoticias.net.br\/v1\/?p=30980"},"modified":"2023-02-11T10:07:33","modified_gmt":"2023-02-11T13:07:33","slug":"sutram-informa-interdicoes-temporarias-para-desfile-do-bloco-as-muringuetes-no-pontal","status":"publish","type":"post","link":"https:\/\/www.ilheusnoticias.net.br\/v1\/2023\/02\/11\/sutram-informa-interdicoes-temporarias-para-desfile-do-bloco-as-muringuetes-no-pontal\/","title":{"rendered":"Sutram informa interdi\u00e7\u00f5es tempor\u00e1rias para desfile do bloco &#8216;As Muringuetes&#8217; no Pontal"},"content":{"rendered":"<p>&nbsp;<\/p>\n<div class=\"imagem thumbnail col-xs-12 col-sm-8 col-md-6 col-lg-6 imagem-materia\"><a class=\"fresco\" title=\"\" href=\"https:\/\/portalfacilarquivos.blob.core.windows.net\/uploads\/ILHEUS\/imgOrig\/%7BD7C5787C-AC2B-BB74-BAB2-3EEA30BAD830%7D.jpeg\" data-fresco-caption=\"\"><img loading=\"lazy\" title=\"\" src=\"https:\/\/portalfacilarquivos.blob.core.windows.net\/uploads\/ILHEUS\/img\/%7BD7C5787C-AC2B-BB74-BAB2-3EEA30BAD830%7D\/%7BD7C5787C-AC2B-BB74-BAB2-3EEA30BAD830%7D_650X450.jpeg\" alt=\"Avenida mencionada em v\u00eddeo \u00e9 a Misael Tavares, retifica Sutram\" width=\"650\" height=\"450\" \/><\/a><\/p>\n<p class=\"bg-primary\">Neste s\u00e1bado (11), o bloco \u2018As Muringuetes\u2019 abre o Carnaval do Povo. O tradicional desfile ocorrer\u00e1 no Pontal, com sa\u00edda prevista a partir das 14h30. Os foli\u00f5es sair\u00e3o da Avenida Lomanto J\u00fanior (Larikas Lanches) e passar\u00e3o pelas ruas 13 de Maio, Castro Alves, Coronel Pessoa (Pra\u00e7a S\u00e3o Jo\u00e3o Batista), Herm\u00ednio Ramos (Passarela do \u00c1lcool), Bar\u00e3o do Rio Branco e Cassimiro Costa, cujo encerramento ser\u00e1 na Pra\u00e7a da Maramata.<\/p>\n<\/div>\n<p>Por conta do evento, a Autarquia de Transporte e Tr\u00e2nsito (Sutram) montou um esquema especial, com interdi\u00e7\u00f5es tempor\u00e1rias para a passagem dos foli\u00f5es em algumas ruas pr\u00f3ximas ao percurso.<\/p>\n<p>Visando evitar maiores transtornos aos condutores e transeuntes, nas passagens de maior fluxo de ve\u00edculos como a Rua 13 de Maio, Rua Coronel Pessoa e a Passarela do \u00c1lcool, o \u00f3rg\u00e3o se responsabilizar\u00e1 por efetuar o desvio do tr\u00e2nsito no momento da travessia dos foli\u00f5es.<\/p>\n","protected":false},"excerpt":{"rendered":"<p>&nbsp; Neste s\u00e1bado (11), o bloco \u2018As Muringuetes\u2019 abre o Carnaval do Povo. O tradicional desfile ocorrer\u00e1 no Pontal, com sa\u00edda prevista a partir das 14h30. Os foli\u00f5es sair\u00e3o da Avenida Lomanto J\u00fanior (Larikas Lanches) e passar\u00e3o pelas ruas 13 de Maio, Castro Alves, Coronel Pessoa (Pra\u00e7a S\u00e3o Jo\u00e3o Batista), Herm\u00ednio Ramos (Passarela do \u00c1lcool), [&hellip;]<\/p>\n","protected":false},"author":2,"featured_media":0,"comment_status":"open","ping_status":"open","sticky":false,"template":"","format":"standard","meta":{"_links_to":"","_links_to_target":""},"categories":[7,9,8,1],"tags":[],"_links":{"self":[{"href":"https:\/\/www.ilheusnoticias.net.br\/v1\/wp-json\/wp\/v2\/posts\/30980"}],"collection":[{"href":"https:\/\/www.ilheusnoticias.net.br\/v1\/wp-json\/wp\/v2\/posts"}],"about":[{"href":"https:\/\/www.ilheusnoticias.net.br\/v1\/wp-json\/wp\/v2\/types\/post"}],"author":[{"embeddable":true,"href":"https:\/\/www.ilheusnoticias.net.br\/v1\/wp-json\/wp\/v2\/users\/2"}],"replies":[{"embeddable":true,"href":"https:\/\/www.ilheusnoticias.net.br\/v1\/wp-json\/wp\/v2\/comments?post=30980"}],"version-history":[{"count":1,"href":"https:\/\/www.ilheusnoticias.net.br\/v1\/wp-json\/wp\/v2\/posts\/30980\/revisions"}],"predecessor-version":[{"id":30981,"href":"https:\/\/www.ilheusnoticias.net.br\/v1\/wp-json\/wp\/v2\/posts\/30980\/revisions\/30981"}],"wp:attachment":[{"href":"https:\/\/www.ilheusnoticias.net.br\/v1\/wp-json\/wp\/v2\/media?parent=30980"}],"wp:term":[{"taxonomy":"category","embeddable":true,"href":"https:\/\/www.ilheusnoticias.net.br\/v1\/wp-json\/wp\/v2\/categories?post=30980"},{"taxonomy":"post_tag","embeddable":true,"href":"https:\/\/www.ilheusnoticias.net.br\/v1\/wp-json\/wp\/v2\/tags?post=30980"}],"curies":[{"name":"wp","href":"https:\/\/api.w.org\/{rel}","templated":true}]}}