{"id":30978,"date":"2023-02-11T10:05:58","date_gmt":"2023-02-11T13:05:58","guid":{"rendered":"https:\/\/www.ilheusnoticias.net.br\/v1\/?p=30978"},"modified":"2023-02-11T10:05:58","modified_gmt":"2023-02-11T13:05:58","slug":"prefeitura-e-cvr-costa-do-cacau-incentivam-coleta-seletiva-na-lavagem-do-beco-do-fuxico","status":"publish","type":"post","link":"https:\/\/www.ilheusnoticias.net.br\/v1\/2023\/02\/11\/prefeitura-e-cvr-costa-do-cacau-incentivam-coleta-seletiva-na-lavagem-do-beco-do-fuxico\/","title":{"rendered":"Prefeitura e CVR Costa do Cacau incentivam coleta seletiva na Lavagem do Beco do Fuxico"},"content":{"rendered":"<div class=\"Post\">\n<div class=\"Post-body\">\n<div class=\"Post-inner article\">\n<div class=\"PostFooterIcons metadata-icons\">\n<div align=\"center\"><\/div>\n<\/div>\n<\/div>\n<\/div>\n<\/div>\n<div class=\"Post\">\n<div class=\"Post-body\">\n<div class=\"Post-inner article\">\n<h2 class=\"PostHeaderIcon-wrapper\"><img src=\"http:\/\/www.blogdothame.blog.br\/v1\/wp-content\/uploads\/2023\/02\/cvr-beco-3.jpg\" \/><\/h2>\n<div class=\"PostHeaderIcons metadata-icons\"><\/div>\n<div class=\"PostContent\">\n<p>&nbsp;<\/p>\n<p>A Prefeitura de Itabuna, atrav\u00e9s da Secretaria de Planejamento (SEPLAN) e a \u00a0CVR Costa do Cacau, com o apoio da Biosanear, est\u00e3o incentivando a coleta seletiva durante a 42\u00aa Lavagem do Beco do Fuxico, que acontece at\u00e9 este s\u00e1bado (11).<\/p>\n<p>No Circuito da Beira-rio \u2013 Alameda da Juventude e Avenida Firmo Alves e transversais \u2013 os agentes ambientais que integram o Programa Recicla Itabuna, est\u00e3o coletando materiais recicl\u00e1veis, atrav\u00e9s de um Ecoponto fixo e seis coletores m\u00f3veis. Al\u00e9m disso, duas colaboradoras de CVR Costa do Cacau est\u00e3o distribuindo material informativo sobre a import\u00e2ncia da coleta seletiva e do descarte correto de lixo.<\/p>\n<p>De acordo com o subsecret\u00e1rio de Planejamento da SEPLAN, Rosivaldo Pinheiro, coordenador do Recicla Itabuna, \u201cos agentes ambientais disp\u00f5e de toda a estrutura para realizar a coleta de material recicl\u00e1vel, obtidos em grande quantidade em eventos\u00a0 de grande porte, especialmente latinhas e garrafas pet, ampliando a gera\u00e7\u00e3o de renda\u201d.<\/p>\n<p>&nbsp;<\/p>\n<p>O gerente comercial da CVR Costa do Cacau, Maur\u00edcio Ramos Sena, destacada que \u201ca empresa vem apoiando os catadores desde a implanta\u00e7\u00e3o da Central de Triagem e o incentivo a amplia\u00e7\u00e3o da coleta seletiva, al\u00e9m de incentivar programas de\u00a0 capacita\u00e7\u00e3o e conserva\u00e7\u00e3o ambiental\u201d.<\/p>\n<p>&nbsp;<\/p>\n<p>A CVR Costa do Cacau \u00e9\u00a0 a \u00fanica empresa do Sul da Bahia credenciada pelo Inema e Ibama para armazenamento correto de res\u00edduos e tem entre seus parceiros as prefeituras de Itabuna, llh\u00e9us, Itacar\u00e9, Itajuipe Ibicara\u00ed, Uru\u00e7uca e Barro Preto.<\/p>\n<\/div>\n<\/div>\n<\/div>\n<\/div>\n","protected":false},"excerpt":{"rendered":"<p>&nbsp; A Prefeitura de Itabuna, atrav\u00e9s da Secretaria de Planejamento (SEPLAN) e a \u00a0CVR Costa do Cacau, com o apoio da Biosanear, est\u00e3o incentivando a coleta seletiva durante a 42\u00aa Lavagem do Beco do Fuxico, que acontece at\u00e9 este s\u00e1bado (11). No Circuito da Beira-rio \u2013 Alameda da Juventude e Avenida Firmo Alves e transversais [&hellip;]<\/p>\n","protected":false},"author":2,"featured_media":0,"comment_status":"open","ping_status":"open","sticky":false,"template":"","format":"standard","meta":{"_links_to":"","_links_to_target":""},"categories":[7,9,8,1],"tags":[],"_links":{"self":[{"href":"https:\/\/www.ilheusnoticias.net.br\/v1\/wp-json\/wp\/v2\/posts\/30978"}],"collection":[{"href":"https:\/\/www.ilheusnoticias.net.br\/v1\/wp-json\/wp\/v2\/posts"}],"about":[{"href":"https:\/\/www.ilheusnoticias.net.br\/v1\/wp-json\/wp\/v2\/types\/post"}],"author":[{"embeddable":true,"href":"https:\/\/www.ilheusnoticias.net.br\/v1\/wp-json\/wp\/v2\/users\/2"}],"replies":[{"embeddable":true,"href":"https:\/\/www.ilheusnoticias.net.br\/v1\/wp-json\/wp\/v2\/comments?post=30978"}],"version-history":[{"count":1,"href":"https:\/\/www.ilheusnoticias.net.br\/v1\/wp-json\/wp\/v2\/posts\/30978\/revisions"}],"predecessor-version":[{"id":30979,"href":"https:\/\/www.ilheusnoticias.net.br\/v1\/wp-json\/wp\/v2\/posts\/30978\/revisions\/30979"}],"wp:attachment":[{"href":"https:\/\/www.ilheusnoticias.net.br\/v1\/wp-json\/wp\/v2\/media?parent=30978"}],"wp:term":[{"taxonomy":"category","embeddable":true,"href":"https:\/\/www.ilheusnoticias.net.br\/v1\/wp-json\/wp\/v2\/categories?post=30978"},{"taxonomy":"post_tag","embeddable":true,"href":"https:\/\/www.ilheusnoticias.net.br\/v1\/wp-json\/wp\/v2\/tags?post=30978"}],"curies":[{"name":"wp","href":"https:\/\/api.w.org\/{rel}","templated":true}]}}