{"id":30976,"date":"2023-02-10T13:19:28","date_gmt":"2023-02-10T16:19:28","guid":{"rendered":"https:\/\/www.ilheusnoticias.net.br\/v1\/?p=30976"},"modified":"2023-02-10T13:19:28","modified_gmt":"2023-02-10T16:19:28","slug":"carmen-lucia-envia-para-1a-instancia-pedidos-de-investigacao-contra-bolsonaro","status":"publish","type":"post","link":"https:\/\/www.ilheusnoticias.net.br\/v1\/2023\/02\/10\/carmen-lucia-envia-para-1a-instancia-pedidos-de-investigacao-contra-bolsonaro\/","title":{"rendered":"C\u00e1rmen L\u00facia envia para 1\u00aa inst\u00e2ncia pedidos de investiga\u00e7\u00e3o contra Bolsonaro"},"content":{"rendered":"<div class=\"row content-head non-featured \">\n<div class=\"title\" data-block-type=\"title\" data-block-id=\"0\">\n<h1 class=\"content-head__title\"><span style=\"font-size: 16px;\">Entidades acionaram STF ap\u00f3s ataques de Bolsonaro \u00e0 Corte nos eventos do 7 de Setembro em 2021. Ministra disse que, como n\u00e3o \u00e9 mais presidente, Bolsonaro deixou de ter foro privilegiado.<\/span><\/h1>\n<\/div>\n<\/div>\n<div class=\"content__signa-share\">\n<div class=\"content__signature\">\n<div class=\"content-publication-data\">\n<div class=\"content-publication-data__text\">\n<p class=\"content-publication-data__from\" title=\"M\u00e1rcio Falc\u00e3o, TV Globo\"><img class=\"i-amphtml-fill-content i-amphtml-replaced-content\" src=\"https:\/\/s2.glbimg.com\/0EkiFjxNNX9j4g9Ectl_z7fLgL8=\/0x0:640x360\/984x0\/smart\/filters:strip_icc()\/i.s3.glbimg.com\/v1\/AUTH_59edd422c0c84a879bd37670ae4f538a\/internal_photos\/bs\/2023\/t\/O\/gQpfOkQNKWUGuueahNcg\/bolsonaro-smialowski.jpg\" sizes=\"(max-width: 1366px) 648px, 100vw\" srcset=\"https:\/\/s2.glbimg.com\/t7M9CT5e4C5JsawXEJLpJzMevVg=\/0x0:640x360\/1000x0\/smart\/filters:strip_icc()\/i.s3.glbimg.com\/v1\/AUTH_59edd422c0c84a879bd37670ae4f538a\/internal_photos\/bs\/2023\/t\/O\/gQpfOkQNKWUGuueahNcg\/bolsonaro-smialowski.jpg 1000w, https:\/\/s2.glbimg.com\/0EkiFjxNNX9j4g9Ectl_z7fLgL8=\/0x0:640x360\/984x0\/smart\/filters:strip_icc()\/i.s3.glbimg.com\/v1\/AUTH_59edd422c0c84a879bd37670ae4f538a\/internal_photos\/bs\/2023\/t\/O\/gQpfOkQNKWUGuueahNcg\/bolsonaro-smialowski.jpg 984w, https:\/\/s2.glbimg.com\/oM8D_6XrZhH3PFhcFYC1okSCF-U=\/0x0:640x360\/640x0\/smart\/filters:strip_icc()\/i.s3.glbimg.com\/v1\/AUTH_59edd422c0c84a879bd37670ae4f538a\/internal_photos\/bs\/2023\/t\/O\/gQpfOkQNKWUGuueahNcg\/bolsonaro-smialowski.jpg 640w, https:\/\/s2.glbimg.com\/l0w5gm78HBDx_F4s5CX29aTNvSM=\/0x0:640x360\/600x0\/smart\/filters:strip_icc()\/i.s3.glbimg.com\/v1\/AUTH_59edd422c0c84a879bd37670ae4f538a\/internal_photos\/bs\/2023\/t\/O\/gQpfOkQNKWUGuueahNcg\/bolsonaro-smialowski.jpg 600w\" alt=\"O ex-presidente Jair Bolsonaro \u2014 Foto: Brendan Smialowski\/AFP\" \/><\/p>\n<\/div>\n<\/div>\n<\/div>\n<\/div>\n<div class=\"mc-article-body\">\n<article>\n<div id=\"chunk-ab5a8\">\n<div class=\"row medium-uncollapsed content-media content-photo\" data-block-type=\"backstage-photo\" data-block-id=\"1\">\n<div class=\"mc-column content-media__container\">\n<p class=\"content-media__description \">O ex-presidente Jair Bolsonaro \u2014 Foto: Brendan Smialowski\/AFP<\/p>\n<\/div>\n<\/div>\n<\/div>\n<div id=\"chunk-9jqsq\">\n<div class=\"mc-column content-text active-extra-styles \" data-block-type=\"unstyled\" data-block-weight=\"36\" data-block-id=\"3\">\n<p class=\"content-text__container \" data-track-category=\"Link no Texto\" data-track-links=\"\">A ministra\u00a0<a href=\"https:\/\/g1.globo.com\/tudo-sobre\/carmen-lucia\/\">C\u00e1rmen L\u00facia<\/a>, do Supremo Tribunal Federal (<a href=\"https:\/\/g1.globo.com\/tudo-sobre\/supremo-tribunal-federal\/\">STF<\/a>), enviou nesta sexta-feira (10) para a Justi\u00e7a Federal do DF quatro pedidos de investiga\u00e7\u00e3o contra o ex-presidente\u00a0<a href=\"https:\/\/g1.globo.com\/politica\/politico\/jair-bolsonaro\/\">Jair Bolsonaro<\/a>\u00a0por ataques ao tribunal e ministros da Corte.<\/p>\n<\/div>\n<\/div>\n<div class=\"wall protected-content\">\n<div id=\"chunk-9c4qs\">\n<div class=\"mc-column content-text active-extra-styles \" data-block-type=\"unstyled\" data-block-weight=\"25\" data-block-id=\"4\">\n<p class=\"content-text__container \" data-track-category=\"Link no Texto\" data-track-links=\"\">Os pedidos de apura\u00e7\u00e3o foram apresentados em 2021 ao Supremo\u00a0<a href=\"https:\/\/g1.globo.com\/sp\/sao-paulo\/noticia\/2021\/09\/07\/bolsonaro-ataca-alexandre-de-moraes-e-diz-que-ministro-tem-tempo-para-se-redimir-ou-se-enquadra-ou-pede-para-sair.ghtml\">por declara\u00e7\u00f5es de Bolsonaro \u00e0s v\u00e9speras e durante as comemora\u00e7\u00f5es do 7 de Setembro<\/a>.<\/p>\n<\/div>\n<\/div>\n<div id=\"chunk-2ca52\">\n<div class=\"mc-column content-text active-extra-styles \" data-block-type=\"unstyled\" data-block-weight=\"25\" data-block-id=\"5\">\n<p class=\"content-text__container \" data-track-category=\"Link no Texto\" data-track-links=\"\">Parlamentares e entidades acionaram o Supremo sob argumento de que as falas &#8220;amplificam e reverberam a ret\u00f3rica antidemocr\u00e1tica e golpista&#8221;, conduta que pode caracterizar crime.<\/p>\n<\/div>\n<\/div>\n<div id=\"chunk-dd630\">\n<div class=\"mc-column content-text active-extra-styles \" data-block-type=\"unstyled\" data-block-weight=\"34\" data-block-id=\"6\">\n<p class=\"content-text__container \" data-track-category=\"Link no Texto\" data-track-links=\"\">C\u00e1rmen L\u00facia afirmou que, como Bolsonaro n\u00e3o foi reeleito e n\u00e3o tem mais nenhum mandato, ele deixa de ter foro privilegiado na Corte. Portanto, n\u00e3o cabe mais ao Supremo avaliar os pedidos de investiga\u00e7\u00e3o.<\/p>\n<\/div>\n<\/div>\n<div id=\"chunk-8j6tl\">\n<div class=\"mc-column content-text active-extra-styles \" data-block-type=\"unstyled\" data-block-weight=\"46\" data-block-id=\"8\">\n<p class=\"content-text__container \" data-track-category=\"Link no Texto\" data-track-links=\"\">&#8220;Consolidado \u00e9, pois, o entendimento deste Supremo Tribunal de ser inaceit\u00e1vel em qualquer situa\u00e7\u00e3o, \u00e0 luz da Constitui\u00e7\u00e3o da Rep\u00fablica, a incid\u00eancia da regra de foro especial por prerrogativa da fun\u00e7\u00e3o para quem j\u00e1 n\u00e3o seja titular da fun\u00e7\u00e3o p\u00fablica que o determinava&#8221;, escreveu a ministra.<\/p>\n<\/div>\n<\/div>\n<div id=\"chunk-efotk\">\n<div class=\"mc-column content-text active-extra-styles \" data-block-type=\"unstyled\" data-block-weight=\"71\" data-block-id=\"9\">\n<p class=\"content-text__container \" data-track-category=\"Link no Texto\" data-track-links=\"\">C\u00e1rmen L\u00facia afirmou ainda que &#8220;a expira\u00e7\u00e3o do mandato no cargo de Presidente da Rep\u00fablica e a n\u00e3o ocupa\u00e7\u00e3o de outro cargo p\u00fablico pelo requerido, que pudesse atrair a compet\u00eancia deste Supremo Tribunal Federal, faz cessar a compet\u00eancia penal origin\u00e1ria desta Casa para o processamento deste e de qualquer feito relativo a eventuais pr\u00e1ticas criminosas a ele imputadas e cometidas no exerc\u00edcio do cargo e em raz\u00e3o dele desde 1\u00ba.1.2023&#8221;.<\/p>\n<\/div>\n<\/div>\n<div class=\"mc-column content-text active-extra-styles\" data-block-type=\"raw\" data-block-weight=\"3\" data-block-id=\"10\">\n<div class=\"content-intertitle\">\n<h2>Esc\u00e2ndalo do MEC<\/h2>\n<\/div>\n<\/div>\n<div id=\"chunk-93rrt\">\n<div class=\"mc-column content-text active-extra-styles \" data-block-type=\"unstyled\" data-block-weight=\"30\" data-block-id=\"11\">\n<p class=\"content-text__container \" data-track-category=\"Link no Texto\" data-track-links=\"\">A ministra tamb\u00e9m \u00e9 relatora de um pedido que discute se \u00e9 do STF a compet\u00eancia sobre a investiga\u00e7\u00e3o de\u00a0<a href=\"https:\/\/g1.globo.com\/politica\/noticia\/2022\/06\/25\/escandalo-do-mec-veja-a-cronologia-do-caso-que-levou-a-prisao-de-milton-ribeiro-e-ao-pedido-de-investigacao-contra-bolsonaro.ghtml\">supostos desvios no Minist\u00e9rio da Educa\u00e7\u00e3o no governo Bolsonaro<\/a>.<\/p>\n<\/div>\n<\/div>\n<div id=\"chunk-fpqlg\">\n<div class=\"mc-column content-text active-extra-styles \" data-block-type=\"unstyled\" data-block-weight=\"43\" data-block-id=\"12\">\n<p class=\"content-text__container \" data-track-category=\"Link no Texto\" data-track-links=\"\">O caso foi enviado em junho de 2022 ao Supremo pela Justi\u00e7a Federal do DF por entender que h\u00e1 ind\u00edcios de uma poss\u00edvel interfer\u00eancia do presidente Jair Bolsonaro, que tinha a prerrogativa de foro especial. Neste caso, C\u00e1rmen L\u00facia ainda n\u00e3o despachou.<\/p>\n<\/div>\n<\/div>\n<div id=\"chunk-7qrhd\">\n<div class=\"mc-column content-text active-extra-styles \" data-block-type=\"unstyled\" data-block-weight=\"58\" data-block-id=\"13\">\n<p class=\"content-text__container \" data-track-category=\"Link no Texto\" data-track-links=\"\">A sinaliza\u00e7\u00e3o de uma poss\u00edvel interfer\u00eancia foi identificada em grava\u00e7\u00f5es autorizadas pela Justi\u00e7a. Ao STF, a Justi\u00e7a Federal alegou que, a partir dos di\u00e1logos interceptados, &#8220;foi poss\u00edvel vislumbrar eventual conhecimento das apura\u00e7\u00f5es com contornos de interfer\u00eancia&#8221; e destaca trechos de tr\u00eas di\u00e1logos, inclusive o que Milton Ribeiro manteve com a filha sobre uma conversa com o presidente Bolsonaro.<\/p>\n<\/div>\n<\/div>\n<\/div>\n<\/article>\n<\/div>\n","protected":false},"excerpt":{"rendered":"<p>Entidades acionaram STF ap\u00f3s ataques de Bolsonaro \u00e0 Corte nos eventos do 7 de Setembro em 2021. Ministra disse que, como n\u00e3o \u00e9 mais presidente, Bolsonaro deixou de ter foro privilegiado. O ex-presidente Jair Bolsonaro \u2014 Foto: Brendan Smialowski\/AFP A ministra\u00a0C\u00e1rmen L\u00facia, do Supremo Tribunal Federal (STF), enviou nesta sexta-feira (10) para a Justi\u00e7a Federal [&hellip;]<\/p>\n","protected":false},"author":2,"featured_media":0,"comment_status":"open","ping_status":"open","sticky":false,"template":"","format":"standard","meta":{"_links_to":"","_links_to_target":""},"categories":[7,9,8,1],"tags":[],"_links":{"self":[{"href":"https:\/\/www.ilheusnoticias.net.br\/v1\/wp-json\/wp\/v2\/posts\/30976"}],"collection":[{"href":"https:\/\/www.ilheusnoticias.net.br\/v1\/wp-json\/wp\/v2\/posts"}],"about":[{"href":"https:\/\/www.ilheusnoticias.net.br\/v1\/wp-json\/wp\/v2\/types\/post"}],"author":[{"embeddable":true,"href":"https:\/\/www.ilheusnoticias.net.br\/v1\/wp-json\/wp\/v2\/users\/2"}],"replies":[{"embeddable":true,"href":"https:\/\/www.ilheusnoticias.net.br\/v1\/wp-json\/wp\/v2\/comments?post=30976"}],"version-history":[{"count":1,"href":"https:\/\/www.ilheusnoticias.net.br\/v1\/wp-json\/wp\/v2\/posts\/30976\/revisions"}],"predecessor-version":[{"id":30977,"href":"https:\/\/www.ilheusnoticias.net.br\/v1\/wp-json\/wp\/v2\/posts\/30976\/revisions\/30977"}],"wp:attachment":[{"href":"https:\/\/www.ilheusnoticias.net.br\/v1\/wp-json\/wp\/v2\/media?parent=30976"}],"wp:term":[{"taxonomy":"category","embeddable":true,"href":"https:\/\/www.ilheusnoticias.net.br\/v1\/wp-json\/wp\/v2\/categories?post=30976"},{"taxonomy":"post_tag","embeddable":true,"href":"https:\/\/www.ilheusnoticias.net.br\/v1\/wp-json\/wp\/v2\/tags?post=30976"}],"curies":[{"name":"wp","href":"https:\/\/api.w.org\/{rel}","templated":true}]}}